{"id":171962,"date":"2019-06-20T17:32:05","date_gmt":"2019-06-20T14:32:05","guid":{"rendered":"http:\/\/www.tvturk.com\/index.php\/batmanli-ogrencilerin-ziyareti-turkulerle-renklendi\/"},"modified":"2019-06-20T17:32:05","modified_gmt":"2019-06-20T14:32:05","slug":"batmanli-ogrencilerin-ziyareti-turkulerle-renklendi","status":"publish","type":"post","link":"http:\/\/www.tvturk.com\/index.php\/batmanli-ogrencilerin-ziyareti-turkulerle-renklendi\/","title":{"rendered":"Batmanl\u0131 \u00f6\u011frencilerin ziyareti t\u00fcrk\u00fclerle renklendi"},"content":{"rendered":"<p>Batman TOBB G\u00fczel Sanatlar Lisesi \u00f6\u011frencileri, &#8220;50 Kitap, 50 D\u00fcnya&#8221; projesi kapsam\u0131nda geldikleri Bursa\u2019da, Nil\u00fcfer Belediye Ba\u015fkan\u0131 Turgay Erdem\u2019i ziyaret etti.<\/p>\n<p>Batman TOBB G\u00fczel Sanatlar Lisesi\u2019nde &#8220;50 Kitap, 50 D\u00fcnya&#8221; projesi kapsam\u0131nda kitap okuma yar\u0131\u015fmas\u0131 d\u00fczenlendi. Hedeflenen 50 kitab\u0131n tamam\u0131n\u0131 okuyan ve yap\u0131lan de\u011ferlendirme s\u0131nav\u0131nda ba\u015far\u0131l\u0131 olan 13 \u00f6\u011frenci Bursa gezisi ile \u00f6d\u00fcllendirildi. Geziye kat\u0131lma hakk\u0131 kazanan Batmanl\u0131 \u00f6\u011frenciler, okul y\u00f6netimi arac\u0131l\u0131\u011f\u0131yla Nil\u00fcfer Belediye Ba\u015fkan\u0131 Turgay Erdem\u2019e mektup yazarak Bursa gezisi i\u00e7in destek istedi. \u00d6\u011frencilerin ricas\u0131n\u0131 k\u0131rmayan Ba\u015fkan Turgay Erdem, Bursa\u2019y\u0131 daha \u00f6nce hi\u00e7 g\u00f6rmeyen Batmanl\u0131 \u00f6\u011frencileri Nil\u00fcfer\u2019e davet etti. Bursa\u2019ya gelen \u00f6\u011frenciler bir hafta boyunca Nil\u00fcfer Kent Konseyi Gen\u00e7lik Meclisi taraf\u0131ndan a\u011f\u0131rland\u0131. G\u00f6lyaz\u0131, Misi, Uluda\u011f, Cumal\u0131k\u0131z\u0131k gibi Bursa ve Nil\u00fcfer\u2019in tarihi ve k\u00fclt\u00fcrel mekanlar\u0131n\u0131 gezen \u00f6\u011frenciler, Bursa Zeki M\u00fcren G\u00fczel Sanatlar Lisesi\u2019ni de ziyaret etti.<\/p>\n<p>Nil\u00fcfer Belediye Ba\u015fkan\u0131 Turgay Erdem\u2019i, Halk Evi\u2019ndeki makam\u0131nda ziyaret eden \u00f6\u011frenciler kendilerine g\u00f6sterilen misafirperverlik i\u00e7in te\u015fekk\u00fcr etti. Nil\u00fcfer Kent Konseyi Ba\u015fkan\u0131 Neslihan Binba\u015f\u2019\u0131n da haz\u0131r bulundu\u011fu ziyarette, Proje Koordinat\u00f6r\u00fc Mahfuz Y\u0131lmaz ve \u00f6\u011fretmenler \u00d6zkan G\u00fczelg\u00fcl, Lokman \u015een ile Se\u00e7il Ekinci projenin \u00f6nemine dikkat \u00e7ektiler. Proje kapsam\u0131nda Bursa\u2019y\u0131 g\u00f6rme ve yak\u0131ndan tan\u0131ma f\u0131rsat\u0131 bulduklar\u0131n\u0131 s\u00f6yleyen Mahfuz Y\u0131lmaz, Ba\u015fkan Turgay Erdem\u2019e de desteklerinden dolay\u0131 te\u015fekk\u00fcr etti.<\/p>\n<p>Ziyaretten  memnuniyet duydu\u011funu s\u00f6yleyen Ba\u015fkan Turgay Erdem de \u00f6\u011frencilere e\u011fitim hayatlar\u0131nda ba\u015far\u0131lar diledi. Ba\u015fkan Erdem, Bursa\u2019da \u00fcniversite kazand\u0131klar\u0131 takdirde kap\u0131lar\u0131n\u0131n \u00f6\u011frencilere her zaman a\u00e7\u0131k oldu\u011funu vurgulad\u0131.<\/p>\n<p>Ziyarette \u00f6\u011frenciler, Turgay Erdem\u2019e t\u00fcrk\u00fc ziyafeti sundu. \u00d6\u011frencilerden Bet\u00fcl Turgut sesiyle, Cuma Belim de hem saz\u0131yla hem de sesiyle seslendirdikleri t\u00fcrk\u00fclerle duygu dolu anlara imza att\u0131. Ba\u015fkan Turgay Erdem, \u00f6\u011frencilerin seslendirdi\u011fi A\u015f\u0131k Veysel\u2019in \u2018Uzun \u0130nce Bir Yolday\u0131m\u2019 adl\u0131 eserine e\u015flik etti.<\/p>\n","protected":false},"excerpt":{"rendered":"<p>BATMAN TOBB G\u00dcZEL SANATLAR L\u0130SES\u0130 \u00d6\u011eRENC\u0130LER\u0130, &#8220;50 K\u0130TAP, 50 D\u00dcNYA&#8221; PROJES\u0130 KAPSAMINDA GELD\u0130KLER\u0130 BURSA\u2019DA, N\u0130L\u00dcFER BELED\u0130YE BA\u015eKANI TURGAY ERDEM\u2019\u0130 Z\u0130YARET ETT\u0130.<\/p>\n","protected":false},"author":1,"featured_media":0,"comment_status":"closed","ping_status":"open","sticky":false,"template":"","format":"standard","meta":{"jetpack_post_was_ever_published":false,"_jetpack_newsletter_access":"","_jetpack_dont_email_post_to_subs":false,"_jetpack_newsletter_tier_id":0,"_jetpack_memberships_contains_paywalled_content":false,"_jetpack_memberships_contains_paid_content":false,"footnotes":"","jetpack_publicize_message":"","jetpack_publicize_feature_enabled":true,"jetpack_social_post_already_shared":true,"jetpack_social_options":{"image_generator_settings":{"template":"highway","default_image_id":0,"font":"","enabled":false},"version":2}},"categories":[1],"tags":[40170,4503,8565,11098,1730],"class_list":["post-171962","post","type-post","status-publish","format-standard","hentry","category-genel","tag-batmanli","tag-ogrencilerin","tag-renklendi","tag-turkulerle","tag-ziyareti"],"jetpack_publicize_connections":[],"jetpack_featured_media_url":"","jetpack_sharing_enabled":true,"jetpack_shortlink":"https:\/\/wp.me\/paKIfm-IJA","_links":{"self":[{"href":"http:\/\/www.tvturk.com\/index.php\/wp-json\/wp\/v2\/posts\/171962","targetHints":{"allow":["GET"]}}],"collection":[{"href":"http:\/\/www.tvturk.com\/index.php\/wp-json\/wp\/v2\/posts"}],"about":[{"href":"http:\/\/www.tvturk.com\/index.php\/wp-json\/wp\/v2\/types\/post"}],"author":[{"embeddable":true,"href":"http:\/\/www.tvturk.com\/index.php\/wp-json\/wp\/v2\/users\/1"}],"replies":[{"embeddable":true,"href":"http:\/\/www.tvturk.com\/index.php\/wp-json\/wp\/v2\/comments?post=171962"}],"version-history":[{"count":0,"href":"http:\/\/www.tvturk.com\/index.php\/wp-json\/wp\/v2\/posts\/171962\/revisions"}],"wp:attachment":[{"href":"http:\/\/www.tvturk.com\/index.php\/wp-json\/wp\/v2\/media?parent=171962"}],"wp:term":[{"taxonomy":"category","embeddable":true,"href":"http:\/\/www.tvturk.com\/index.php\/wp-json\/wp\/v2\/categories?post=171962"},{"taxonomy":"post_tag","embeddable":true,"href":"http:\/\/www.tvturk.com\/index.php\/wp-json\/wp\/v2\/tags?post=171962"}],"curies":[{"name":"wp","href":"https:\/\/api.w.org\/{rel}","templated":true}]}}