{"id":171984,"date":"2019-06-20T18:02:00","date_gmt":"2019-06-20T15:02:00","guid":{"rendered":"http:\/\/www.tvturk.com\/index.php\/yol-insaatinin-tozu-zeytinlikleri-tehdit-ediyor\/"},"modified":"2019-06-20T18:02:00","modified_gmt":"2019-06-20T15:02:00","slug":"yol-insaatinin-tozu-zeytinlikleri-tehdit-ediyor","status":"publish","type":"post","link":"http:\/\/www.tvturk.com\/index.php\/yol-insaatinin-tozu-zeytinlikleri-tehdit-ediyor\/","title":{"rendered":"Yol in\u015faat\u0131n\u0131n tozu zeytinlikleri tehdit ediyor"},"content":{"rendered":"<p>Bal\u0131kesir\u2019in Edremit il\u00e7esinde yap\u0131m\u0131 yakla\u015f\u0131k 1 aydan bu yana devam eden Kalk\u0131m \u00c7evre Yolu in\u015faat\u0131 zeytinlik arazileri olumsuz etkiliyor.<\/p>\n<p>Edremit Ziraat Odas\u0131 Ba\u015fkan\u0131 Ali Y\u0131lmaz Diker, \u201cTakriben bir aydan beri bu b\u00f6lgedeki kav\u015fak \u00e7al\u0131\u015fmas\u0131ndan dolay\u0131 burada g\u00f6rm\u00fc\u015f oldu\u011funuz zeytin a\u011fa\u00e7lar\u0131m\u0131z zarar g\u00f6r\u00fcyor. Biliyorsunuz zeytinin en hassas oldu\u011fu d\u00f6nem \u00e7i\u00e7eklenme d\u00f6nemidir. Maalesef \u015fu alandaki \u00e7al\u0131\u015fma k\u00fc\u00e7\u00fcc\u00fck bir kav\u015fak \u00e7al\u0131\u015fmas\u0131, aylarca s\u00fcren bir \u00e7al\u0131\u015fma bitirilemedi. Bitirilememesinden dolay\u0131 zeytin a\u011fa\u00e7lar\u0131m\u0131z toz toprak i\u00e7erisinde. Bundan \u00e7ok rahats\u0131z \u00fcretici. Biliyorsunuz \u00e7i\u00e7eklenme d\u00f6neminde zeytin a\u011fac\u0131n\u0131n i\u00e7erisinde toz damla olmamas\u0131 gerekiyor. Tozlanma olmas\u0131ndan dolay\u0131 \u00e7i\u00e7ekler tutmaz ve bundan dolay\u0131 mahsul kay\u0131plar\u0131 ya\u015fan\u0131r. G\u00f6rd\u00fc\u011f\u00fcn\u00fcz gibi a\u011fa\u00e7lar\u0131n bir\u00e7o\u011fu da bo\u015f. Zeytin ba\u011flamam\u0131\u015f durumda. Karayollar\u0131n\u0131n buradaki s\u0131k\u0131nt\u0131y\u0131 bir an \u00f6nce g\u00f6rmesi gerekiyor. Buradaki m\u00fcdahalesini yaparak en az\u0131ndan sabah, \u00f6\u011fle ve ak\u015famlar\u0131 bu b\u00f6lgeyi sulamas\u0131 gerekiyor. Maalesef sulama \u00e7al\u0131\u015fmalar\u0131 yeterli de\u011fil. Yeterli olmad\u0131\u011f\u0131ndan dolay\u0131 b\u00f6lge ma\u011fdur olmu\u015f durumda. Y\u00fczlerce d\u00f6n\u00fcm zeytinlik arazi s\u0131k\u0131nt\u0131l\u0131 bir s\u00fcre\u00e7 ya\u015f\u0131yor\u201d dedi.<\/p>\n","protected":false},"excerpt":{"rendered":"<p>BALIKES\u0130R\u2019\u0130 EDREM\u0130T \u0130L\u00c7ES\u0130NDE YAPIMI YAKLA\u015eIK 1 AYDAN BU YANA DEVAM EDEN KALKIM \u00c7EVRE YOLU KAV\u015eAK VE YOL \u00c7ALI\u015eMALARI ZEYT\u0130NL\u0130K ARAZ\u0130LER\u0130 OLUMSUZ ETK\u0130L\u0130YOR.<\/p>\n","protected":false},"author":1,"featured_media":0,"comment_status":"closed","ping_status":"open","sticky":false,"template":"","format":"standard","meta":{"jetpack_post_was_ever_published":false,"_jetpack_newsletter_access":"","_jetpack_dont_email_post_to_subs":false,"_jetpack_newsletter_tier_id":0,"_jetpack_memberships_contains_paywalled_content":false,"_jetpack_memberships_contains_paid_content":false,"footnotes":"","jetpack_publicize_message":"","jetpack_publicize_feature_enabled":true,"jetpack_social_post_already_shared":true,"jetpack_social_options":{"image_generator_settings":{"template":"highway","default_image_id":0,"font":"","enabled":false},"version":2}},"categories":[1],"tags":[523,13743,8054,14100,75,41576],"class_list":["post-171984","post","type-post","status-publish","format-standard","hentry","category-genel","tag-ediyor","tag-insaatinin","tag-tehdit","tag-tozu","tag-yol","tag-zeytinlikleri"],"jetpack_publicize_connections":[],"jetpack_featured_media_url":"","jetpack_sharing_enabled":true,"jetpack_shortlink":"https:\/\/wp.me\/paKIfm-IJW","_links":{"self":[{"href":"http:\/\/www.tvturk.com\/index.php\/wp-json\/wp\/v2\/posts\/171984","targetHints":{"allow":["GET"]}}],"collection":[{"href":"http:\/\/www.tvturk.com\/index.php\/wp-json\/wp\/v2\/posts"}],"about":[{"href":"http:\/\/www.tvturk.com\/index.php\/wp-json\/wp\/v2\/types\/post"}],"author":[{"embeddable":true,"href":"http:\/\/www.tvturk.com\/index.php\/wp-json\/wp\/v2\/users\/1"}],"replies":[{"embeddable":true,"href":"http:\/\/www.tvturk.com\/index.php\/wp-json\/wp\/v2\/comments?post=171984"}],"version-history":[{"count":0,"href":"http:\/\/www.tvturk.com\/index.php\/wp-json\/wp\/v2\/posts\/171984\/revisions"}],"wp:attachment":[{"href":"http:\/\/www.tvturk.com\/index.php\/wp-json\/wp\/v2\/media?parent=171984"}],"wp:term":[{"taxonomy":"category","embeddable":true,"href":"http:\/\/www.tvturk.com\/index.php\/wp-json\/wp\/v2\/categories?post=171984"},{"taxonomy":"post_tag","embeddable":true,"href":"http:\/\/www.tvturk.com\/index.php\/wp-json\/wp\/v2\/tags?post=171984"}],"curies":[{"name":"wp","href":"https:\/\/api.w.org\/{rel}","templated":true}]}}