{"id":171992,"date":"2019-06-20T18:31:51","date_gmt":"2019-06-20T15:31:51","guid":{"rendered":"http:\/\/www.tvturk.com\/index.php\/alt-gecitte-mahsur-kalanlar-botla-kurtarildi\/"},"modified":"2019-06-20T18:31:51","modified_gmt":"2019-06-20T15:31:51","slug":"alt-gecitte-mahsur-kalanlar-botla-kurtarildi","status":"publish","type":"post","link":"http:\/\/www.tvturk.com\/index.php\/alt-gecitte-mahsur-kalanlar-botla-kurtarildi\/","title":{"rendered":"Alt ge\u00e7itte mahsur kalanlar botla kurtar\u0131ld\u0131"},"content":{"rendered":"<p>Elaz\u0131\u011f\u2019da sa\u011fanak ya\u011f\u0131\u015f nedeniyle suyla dolan alt ge\u00e7itte mahsur kalan baba ile o\u011flu dalg\u0131\u00e7 polisler ve AFAD ekibi taraf\u0131ndan botla kurtar\u0131l\u0131rken, kep\u00e7e ve ara\u00e7lar k\u00f6pr\u00fc g\u00f6revi g\u00f6rd\u00fc.<\/p>\n<p>Meteorolojinin \u00f6nceden uyard\u0131\u011f\u0131 sa\u011fanak ya\u011f\u0131\u015f ve dolu Elaz\u0131\u011f\u2019da yakla\u015f\u0131k 1 saat etkili oldu. Kentte ilk defa bu kadar yo\u011fun \u015fekilde etkili ya\u011fmurun etkisiyle ba\u015fta ana caddeler ve sokaklar gelen sel ile suyla doldu. Su dolan caddelerde ara\u00e7lar g\u00fc\u00e7l\u00fckle seyir ederken, baz\u0131lar\u0131 bekledi. Kentteki bulunan \u00c7ayda \u00c7\u0131ra ve \u0130stasyon alt ge\u00e7idi ise su ile doldu. Su dolan istasyon alt ge\u00e7itte pikap i\u00e7inde baba ile 10 ya\u015flar\u0131ndaki o\u011flu mahsur kald\u0131. Olay yerine Emniyet Su Alt\u0131 Grup Amirli\u011fine ba\u011fl\u0131 dalg\u0131\u00e7 polisler ile AFAD ve sa\u011fl\u0131k ekipleri sevk edildi. Mahsur kalan baba o\u011ful yap\u0131lan \u00e7al\u0131\u015fmayla polis dalg\u0131\u00e7 timi ve AFAD ekibi taraf\u0131ndan botla kurtar\u0131ld\u0131.<\/p>\n<p>Ara\u00e7lar k\u00f6pr\u00fc g\u00f6revi g\u00f6rd\u00fc<\/p>\n<p>\u00d6te yandan yollar\u0131n su dolmas\u0131 nedeniyle baz\u0131 ara\u00e7lar vatanda\u015flar i\u00e7in k\u00f6pr\u00fc g\u00f6revi g\u00f6rd\u00fc. Elle itilen bir araca binenler kald\u0131r\u0131ma ge\u00e7mesi ise dikkat \u00e7ekti. Yine bir hafif ticari arac\u0131n \u00e7ift kap\u0131s\u0131 a\u00e7\u0131larak, bir i\u015f makinesinin de kep\u00e7esi yola indirilerek vatanda\u015flar\u0131n ge\u00e7i\u015fine kolayl\u0131k sa\u011flad\u0131.<\/p>\n<p>Ya\u011fan ya\u011fmurun son y\u0131llarda g\u00f6r\u00fclmemi\u015f en b\u00fcy\u00fck felaketlerden biri oldu\u011funu dile getiren Ahmet Erhan, \u201cBug\u00fcn adete d\u00f6rt mevsimi birden ya\u015fad\u0131k. Sabah \u00fczeri baya\u011f\u0131 s\u0131cak olmas\u0131na ra\u011fmen \u00f6\u011fleden sonra dolu ile birlikte \u00e7ok \u015fiddetli ya\u011fmur ya\u011fd\u0131. Al\u00e7akta kalan yerleri, bodrum katlar\u0131n\u0131, sular bast\u0131. \u00d6zellikle alt ge\u00e7itler tamamen kullan\u0131lamaz hale geldi. Allah, afetinden esirgesin\u201d dedi.<\/p>\n<p>Daha \u00f6nceki d\u00f6nemlerde b\u00f6yle a\u015f\u0131r\u0131 ya\u011f\u0131\u015f\u0131n olmad\u0131\u011f\u0131n\u0131 aktaran Celalettin Demir ise, &#8220;Bu ya\u011fmurun ya\u011fmas\u0131 Allah\u2019\u0131n takdiri ilahisidir. Yaz\u0131n da ya\u011far k\u0131\u015f\u0131n da. Allah afet vermesin. Neticede bu mevsimde \u00e7ok beklenen bir \u015fey de\u011fil. Ya\u011fan ya\u011f\u0131\u015flar normaldir, berekettir. Daha \u00f6nceki d\u00f6nemlerde o kadar a\u015f\u0131r\u0131 olmamas\u0131na ra\u011fmen mevsimsel olarak ya\u011f\u0131\u015flar olmu\u015ftu\u201d ifadelerini kulland\u0131.<\/p>\n","protected":false},"excerpt":{"rendered":"<p>ELAZI\u011e\u2019DA SA\u011eANAK YA\u011eI\u015e NEDEN\u0130YLE SUYLA DOLAN ALT GE\u00c7\u0130TTE MAHSUR KALAN BABA \u0130LE O\u011eLU DALGI\u00c7 POL\u0130SLER VE AFAD EK\u0130B\u0130 TARAFINDAN BOTLA KURTARILIRKEN, KEP\u00c7E VE ARA\u00c7LAR K\u00d6PR\u00dc G\u00d6REV\u0130 G\u00d6RD\u00dc.<\/p>\n","protected":false},"author":1,"featured_media":0,"comment_status":"closed","ping_status":"open","sticky":false,"template":"","format":"standard","meta":{"jetpack_post_was_ever_published":false,"_jetpack_newsletter_access":"","_jetpack_dont_email_post_to_subs":false,"_jetpack_newsletter_tier_id":0,"_jetpack_memberships_contains_paywalled_content":false,"_jetpack_memberships_contains_paid_content":false,"footnotes":"","jetpack_publicize_message":"","jetpack_publicize_feature_enabled":true,"jetpack_social_post_already_shared":true,"jetpack_social_options":{"image_generator_settings":{"template":"highway","default_image_id":0,"font":"","enabled":false},"version":2}},"categories":[1],"tags":[263,19917,23603,21425,766,2381],"class_list":["post-171992","post","type-post","status-publish","format-standard","hentry","category-genel","tag-alt","tag-botla","tag-gecitte","tag-kalanlar","tag-kurtarildi","tag-mahsur"],"jetpack_publicize_connections":[],"jetpack_featured_media_url":"","jetpack_sharing_enabled":true,"jetpack_shortlink":"https:\/\/wp.me\/paKIfm-IK4","_links":{"self":[{"href":"http:\/\/www.tvturk.com\/index.php\/wp-json\/wp\/v2\/posts\/171992","targetHints":{"allow":["GET"]}}],"collection":[{"href":"http:\/\/www.tvturk.com\/index.php\/wp-json\/wp\/v2\/posts"}],"about":[{"href":"http:\/\/www.tvturk.com\/index.php\/wp-json\/wp\/v2\/types\/post"}],"author":[{"embeddable":true,"href":"http:\/\/www.tvturk.com\/index.php\/wp-json\/wp\/v2\/users\/1"}],"replies":[{"embeddable":true,"href":"http:\/\/www.tvturk.com\/index.php\/wp-json\/wp\/v2\/comments?post=171992"}],"version-history":[{"count":0,"href":"http:\/\/www.tvturk.com\/index.php\/wp-json\/wp\/v2\/posts\/171992\/revisions"}],"wp:attachment":[{"href":"http:\/\/www.tvturk.com\/index.php\/wp-json\/wp\/v2\/media?parent=171992"}],"wp:term":[{"taxonomy":"category","embeddable":true,"href":"http:\/\/www.tvturk.com\/index.php\/wp-json\/wp\/v2\/categories?post=171992"},{"taxonomy":"post_tag","embeddable":true,"href":"http:\/\/www.tvturk.com\/index.php\/wp-json\/wp\/v2\/tags?post=171992"}],"curies":[{"name":"wp","href":"https:\/\/api.w.org\/{rel}","templated":true}]}}