{"id":171998,"date":"2019-06-20T19:01:51","date_gmt":"2019-06-20T16:01:51","guid":{"rendered":"http:\/\/www.tvturk.com\/index.php\/yalcin-topcu-rol-modellerimizi-gelecek-nesillerimize-aktarmamiz-lazim\/"},"modified":"2019-06-20T19:01:51","modified_gmt":"2019-06-20T16:01:51","slug":"yalcin-topcu-rol-modellerimizi-gelecek-nesillerimize-aktarmamiz-lazim","status":"publish","type":"post","link":"http:\/\/www.tvturk.com\/index.php\/yalcin-topcu-rol-modellerimizi-gelecek-nesillerimize-aktarmamiz-lazim\/","title":{"rendered":"Yal\u00e7\u0131n Top\u00e7u: \u201cRol modellerimizi gelecek nesillerimize aktarmam\u0131z laz\u0131m\u201d"},"content":{"rendered":"<p>Cumhurba\u015fkan\u0131 Ba\u015fdan\u0131\u015fman\u0131 Yal\u00e7\u0131n Top\u00e7u, Kazakistan\u2019\u0131n Ankara B\u00fcy\u00fckel\u00e7ili\u011finin ev sahipli\u011finde d\u00fczenlenen, &#8220;Tarih Yapan Adam&#8221; kitab\u0131n\u0131n tan\u0131t\u0131m toplant\u0131s\u0131na kat\u0131ld\u0131. Top\u00e7u, \u201cRol modellerimizi gelecek nesillerimize aktarmam\u0131z laz\u0131m\u201d dedi.<\/p>\n<p>Cumhurba\u015fkan\u0131 Ba\u015fdan\u0131\u015fman\u0131 Yal\u00e7\u0131n Top\u00e7u, Kazakistan\u2019\u0131n Ankara B\u00fcy\u00fckel\u00e7ili\u011finin ev sahipli\u011finde d\u00fczenlenen  Kazakistan Cumhurba\u015fkan\u0131 Kas\u0131m C\u00f6mert Tokayev\u2019in, \u00fclkenin Kurucu Cumhurba\u015fkan\u0131 Elba\u015f\u0131 Nursultan Nazarbayev\u2019i ve \u00fclkenin yak\u0131n tarihini kaleme ald\u0131\u011f\u0131 &#8220;Tarih Yapan Adam&#8221; kitab\u0131n\u0131n tan\u0131t\u0131m toplant\u0131s\u0131na kat\u0131ld\u0131.<\/p>\n<p>Toplant\u0131ya, Top\u00e7u\u2019nun yan\u0131 s\u0131ra ev sahibi Kazakistan Ankara B\u00fcy\u00fckel\u00e7isi Abzal Saparbekul\u0131, T\u00fcrk Konseyi Genel Sekreteri Amreyev, T\u00fcrk Konseyi Aksakallar Konseyi \u00dcyesi Prof. Dr. Adil Ahmetov ile \u00e7ok say\u0131da diplomat ve akademisyen kat\u0131ld\u0131.<\/p>\n<p>\u201cRol modellerimizi gelecek nesillerimize aktarmam\u0131z laz\u0131m\u201d<\/p>\n<p>Programda konu\u015fan Top\u00e7,u kitab\u0131n yazar\u0131 Kazakistan Cumhurba\u015fkan\u0131 Tokayev\u2019i \u201ckalemine sa\u011fl\u0131k\u201d s\u00f6zleriyle kutlayarak, \u201cBizim, rol modellerimizi gelecek nesillerimize aktarmam\u0131z laz\u0131m. Nursultan Nazarbayev sadece ata yurdumuz Kazakistan i\u00e7in \u00f6nemli de\u011fil, Avrasya i\u00e7in de \u00f6nemli bir lider, T\u00fcrk d\u00fcnyas\u0131 i\u00e7in de \u00f6nemli bir lider, ayn\u0131 zamanda d\u00fcnyan\u0131n bar\u0131\u015f\u0131 i\u00e7in \u00f6nemli bir liderdir\u201d de\u011ferlendirmesinde bulundu.<\/p>\n<p>\u201cNazarbayev yapm\u0131\u015f oldu\u011fu hizmetlerle tarihe ad\u0131n\u0131 yazd\u0131rd\u0131\u201d<\/p>\n<p>Top\u00e7u s\u00f6zlerine \u015f\u00f6yle devam etti:<\/p>\n<p>&#8220;Say\u0131n bilge lider Nursultan Nazarbayev\u2019e T\u00fcrkiye Cumhuriyeti Cumhurba\u015fkan\u0131 Say\u0131n Recep Tayyip Erdo\u011fan\u2019\u0131n teklifi ile \u201cT\u00fcrk Kene\u015fi \u00d6m\u00fcr Boyu Onursal Ba\u015fkan\u0131\u201d unvan\u0131 verildi. Bunun yan\u0131nda kendisinin uluslararas\u0131 silahs\u0131zland\u0131rma ya katk\u0131lar\u0131ndan dolay\u0131 taltif edilen say\u0131s\u0131z \u00f6d\u00fclleri ve unvanlar\u0131 var. Nazarbayev\u2019in \u00f6nderli\u011finde Kazakistan sadece enerjinin ticaretin ipek Yolu\u2019nun merkezi de\u011fil, ayn\u0131 zamanda d\u00fcnyadaki \u00f6nemli problemlerin \u00e7\u00f6z\u00fcm\u00fcn\u00fcn de merkezi oldu. Yani d\u00fcnyada nerede \u00e7\u00f6z\u00fclmemi\u015f problem varsa, Kazakistan dolay\u0131s\u0131yla bizim aksakal\u0131m\u0131z Nursultan Nazarbayev akla geldi. Kendisi yapm\u0131\u015f oldu\u011fu hizmetlerle ya\u015fad\u0131\u011f\u0131 bu zamanda tarihe ad\u0131n\u0131 yazd\u0131rd\u0131. \u0130n\u015fallah \u00f6mr\u00fc olduk\u00e7a da bu tarih sayfalar\u0131na ad\u0131n\u0131 tekrar tekrar alt\u0131n harflerle yazd\u0131raca\u011f\u0131na eminim.\u201d<\/p>\n<p>\u201cTarihinin en kritik d\u00f6neminde \u00fclkemizin ba\u015f\u0131nda Nazarbayev vard\u0131\u201d<\/p>\n<p>B\u00fcy\u00fckel\u00e7i Saparbekul\u0131 ise konu\u015fmas\u0131nda, ba\u011f\u0131ms\u0131z ve modern Kazakistan ile Nazarbayev\u2019in isimlerinin \u00e7oktan \u00f6zde\u015fle\u015fti\u011finin alt\u0131n\u0131 \u00e7izerek, \u201cKurucu devlet ba\u015fkan\u0131n\u0131n ki\u015fili\u011fi, liderli\u011fi, hayat felsefesi ve gelecek vizyonu \u00f6nderlik etti\u011fi ulusun \u015fekillenmesinde b\u00fcy\u00fck rol oynar. Bu bak\u0131mdan, Kazakistan\u2019\u0131n \u00e7ok \u015fansl\u0131 oldu\u011fu s\u00f6ylenebilir. \u00c7\u00fcnk\u00fc tarihinin en kritik d\u00f6neminde \u00fclkemizin ba\u015f\u0131nda Nursultan Nazarbayev vard\u0131\u201d dedi.<\/p>\n<p>Program\u0131n sonunda t\u00fcm kat\u0131l\u0131mc\u0131lara kitap hediye edildi. Kitap tan\u0131t\u0131m toplant\u0131s\u0131 kapsam\u0131nda Ankara Kriz ve Siyaset Ara\u015ft\u0131rmalar\u0131 Merkezi (ANKASAM) Ba\u015fdan\u0131\u015fman\u0131 Prof. Dr. Sencer \u0130mer\u2019in moderat\u00f6rl\u00fc\u011f\u00fcnde T\u00fcrkistan Vali Yard\u0131mc\u0131s\u0131 Malik Otarbayev, T\u00fcrk Konseyi Kurucu Genel Sekreteri B\u00fcy\u00fckel\u00e7i Halil Ak\u0131nc\u0131, Ankara Politikalar Merkezi Ba\u015fkan\u0131 Hasan Kanbolat ve Siyaset, Ekonomi ve Toplum Ara\u015ft\u0131rmalar\u0131 Vakf\u0131 (SETA) D\u0131\u015f Politika Ara\u015ft\u0131rmalar\u0131 Direkt\u00f6r\u00fc Prof. Dr. Muhittin Ataman\u2019\u0131n sunumlar\u0131yla panel d\u00fczenlendi.<\/p>\n","protected":false},"excerpt":{"rendered":"<p>CUMHURBA\u015eKANI BA\u015eDANI\u015eMANI YAL\u00c7IN TOP\u00c7U, KAZAK\u0130STAN&#8217;IN ANKARA B\u00dcY\u00dcKEL\u00c7\u0130L\u0130\u011e\u0130N\u0130N EV SAH\u0130PL\u0130\u011e\u0130NDE D\u00dcZENLENEN, &#8220;TAR\u0130H YAPAN ADAM&#8221; K\u0130TABININ TANITIM TOPLANTISINA KATILDI. TOP\u00c7U, \u201cROL MODELLER\u0130M\u0130Z\u0130 GELECEK NES\u0130LLER\u0130M\u0130ZE AKTARMAMIZ LAZIM\u201d DED\u0130.<\/p>\n","protected":false},"author":1,"featured_media":0,"comment_status":"closed","ping_status":"open","sticky":false,"template":"","format":"standard","meta":{"jetpack_post_was_ever_published":false,"_jetpack_newsletter_access":"","_jetpack_dont_email_post_to_subs":false,"_jetpack_newsletter_tier_id":0,"_jetpack_memberships_contains_paywalled_content":false,"_jetpack_memberships_contains_paid_content":false,"footnotes":"","jetpack_publicize_message":"","jetpack_publicize_feature_enabled":true,"jetpack_social_post_already_shared":true,"jetpack_social_options":{"image_generator_settings":{"template":"highway","default_image_id":0,"font":"","enabled":false},"version":2}},"categories":[1],"tags":[41581,81,6170,41580,18506,5108,13537,4888],"class_list":["post-171998","post","type-post","status-publish","format-standard","hentry","category-genel","tag-aktarmamiz","tag-gelecek","tag-lazim","tag-modellerimizi","tag-nesillerimize","tag-rol","tag-topcu","tag-yalcin"],"jetpack_publicize_connections":[],"jetpack_featured_media_url":"","jetpack_sharing_enabled":true,"jetpack_shortlink":"https:\/\/wp.me\/paKIfm-IKa","_links":{"self":[{"href":"http:\/\/www.tvturk.com\/index.php\/wp-json\/wp\/v2\/posts\/171998","targetHints":{"allow":["GET"]}}],"collection":[{"href":"http:\/\/www.tvturk.com\/index.php\/wp-json\/wp\/v2\/posts"}],"about":[{"href":"http:\/\/www.tvturk.com\/index.php\/wp-json\/wp\/v2\/types\/post"}],"author":[{"embeddable":true,"href":"http:\/\/www.tvturk.com\/index.php\/wp-json\/wp\/v2\/users\/1"}],"replies":[{"embeddable":true,"href":"http:\/\/www.tvturk.com\/index.php\/wp-json\/wp\/v2\/comments?post=171998"}],"version-history":[{"count":0,"href":"http:\/\/www.tvturk.com\/index.php\/wp-json\/wp\/v2\/posts\/171998\/revisions"}],"wp:attachment":[{"href":"http:\/\/www.tvturk.com\/index.php\/wp-json\/wp\/v2\/media?parent=171998"}],"wp:term":[{"taxonomy":"category","embeddable":true,"href":"http:\/\/www.tvturk.com\/index.php\/wp-json\/wp\/v2\/categories?post=171998"},{"taxonomy":"post_tag","embeddable":true,"href":"http:\/\/www.tvturk.com\/index.php\/wp-json\/wp\/v2\/tags?post=171998"}],"curies":[{"name":"wp","href":"https:\/\/api.w.org\/{rel}","templated":true}]}}