{"id":172016,"date":"2019-06-20T20:32:32","date_gmt":"2019-06-20T17:32:32","guid":{"rendered":"http:\/\/www.tvturk.com\/index.php\/ampute-milli-takimi-kirsehirde-sov-yapti\/"},"modified":"2019-06-20T20:32:32","modified_gmt":"2019-06-20T17:32:32","slug":"ampute-milli-takimi-kirsehirde-sov-yapti","status":"publish","type":"post","link":"http:\/\/www.tvturk.com\/index.php\/ampute-milli-takimi-kirsehirde-sov-yapti\/","title":{"rendered":"Ampute Milli Tak\u0131m\u0131, K\u0131r\u015fehir\u2019de \u015fov yapt\u0131"},"content":{"rendered":"<p>y\u0131ld\u0131zl\u0131 ekip 10-3\u2019l\u00fck skorla kazand\u0131.<\/p>\n<p>\u015eehit Aileleri Sosyal Yard\u0131mla\u015fma ve Dayan\u0131\u015fma Derne\u011fi\u2019nin davetlisi olarak K\u0131r\u015fehir\u2019e gelen milli tak\u0131m, program\u0131na \u015eehit Aileleri ile bir araya gelerek ba\u015flad\u0131. K\u0131r\u015fehir\u2019de tarihi ve k\u00fclt\u00fcrel alanlar\u0131 ziyaret eden milli tak\u0131m, K\u0131r\u015fehir Valisi \u0130brahim Ak\u0131n\u2019\u0131n ziyareti sonras\u0131 Ahi Stad\u0131nda ma\u00e7a \u00e7\u0131kt\u0131. Ampute Milli Tak\u0131m\u0131, ma\u00e7 \u00f6ncesinde K\u0131r\u015fehirli taraftar\u0131 selamlad\u0131. Bir muhabirin rakip \u015fehir y\u00f6neticilerinden bask\u0131 hissediyor musunuz sorusu \u00fczerine, Tak\u0131m Kaptan\u0131 Osman \u00c7akmak, \u201cBizim devlete olan sayg\u0131m\u0131z her zaman sonsuz, devlet olmazsa biz olmay\u0131z. Bizde Ampute Milli Tak\u0131m\u0131y\u0131z, a\u011f\u0131rl\u0131\u011f\u0131m\u0131z var\u201d cevab\u0131n\u0131 verdi.<\/p>\n<p>&#8220;Gen\u00e7lere milli tak\u0131m \u00f6rnek olmal\u0131&#8221;<\/p>\n<p>Ampute Milli Tak\u0131m\u0131n\u0131n gen\u00e7lere \u00f6rnek olmas\u0131 gerekti\u011fini ifade eden K\u0131r\u015fehir Valisi \u0130brahim Ak\u0131n, konu\u015fmas\u0131nda &#8220;Bu arkada\u015flar\u0131m\u0131z\u0131n ba\u015far\u0131lar\u0131 gen\u00e7lerimize \u00f6rnek te\u015fkil ediyor. Ba\u015far\u0131n\u0131n \u00f6n\u00fcnde hi\u00e7bir engel olamayaca\u011f\u0131n\u0131 en iyi \u015fekilde g\u00f6steriyorlar. Spor baz\u0131nda da Ampute Milli Tak\u0131m\u0131 \u00fclkemizi en iyi \u015fekilde temsil ederek g\u00f6sterdi\u201d ifadelerine yer verdi.<\/p>\n<p>K\u0131r\u015fehirli taraftarlar\u0131n me\u015fale yakt\u0131\u011f\u0131 m\u00fcsabaka Ampute Milli Tak\u0131m\u0131\u2019n\u0131n ezici \u00fcst\u00fcnl\u00fc\u011f\u00fc ile sonland\u0131. Kar\u015f\u0131la\u015fmada K\u0131r\u015fehir Valisi \u0130brahim Ak\u0131n, Belediye Ba\u015fkan\u0131 Selahattin Ekicio\u011flu, Milletvekili Metin \u0130lhan, Emniyet M\u00fcd\u00fcr\u00fc \u0130smail Hakk\u0131 Aky\u00fcz gibi y\u00f6neticiler forma giydi.<\/p>\n","protected":false},"excerpt":{"rendered":"<p>KIR\u015eEH\u0130R\u2019DE \u2018BAYRAKLA B\u0130RLE\u015eEN \u015eEH\u0130TLER\u0130M\u0130Z\u2019 PROJES\u0130 KAPSAMINDA AMPUTE M\u0130LL\u0130 TAKIMI, \u015eEH\u0130R PROTOKOL\u00dc \u0130LE OYNADI\u011eI MA\u00c7TA \u015eOV YAPTI. AH\u0130 STADI&#8217;NDA OYNANAN M\u00dcSABAKAYI AY-YILDIZLI EK\u0130P 10-3\u2019L\u00dcK SKORLA KAZANDI.<\/p>\n","protected":false},"author":1,"featured_media":0,"comment_status":"closed","ping_status":"open","sticky":false,"template":"","format":"standard","meta":{"jetpack_post_was_ever_published":false,"_jetpack_newsletter_access":"","_jetpack_dont_email_post_to_subs":false,"_jetpack_newsletter_tier_id":0,"_jetpack_memberships_contains_paywalled_content":false,"_jetpack_memberships_contains_paid_content":false,"footnotes":"","jetpack_publicize_message":"","jetpack_publicize_feature_enabled":true,"jetpack_social_post_already_shared":true,"jetpack_social_options":{"image_generator_settings":{"template":"highway","default_image_id":0,"font":"","enabled":false},"version":2}},"categories":[657],"tags":[32736,4879,429,3662,1462,292],"class_list":["post-172016","post","type-post","status-publish","format-standard","hentry","category-spor","tag-ampute","tag-kirsehirde","tag-milli","tag-sov","tag-takimi","tag-yapti"],"jetpack_publicize_connections":[],"jetpack_featured_media_url":"","jetpack_sharing_enabled":true,"jetpack_shortlink":"https:\/\/wp.me\/paKIfm-IKs","_links":{"self":[{"href":"http:\/\/www.tvturk.com\/index.php\/wp-json\/wp\/v2\/posts\/172016","targetHints":{"allow":["GET"]}}],"collection":[{"href":"http:\/\/www.tvturk.com\/index.php\/wp-json\/wp\/v2\/posts"}],"about":[{"href":"http:\/\/www.tvturk.com\/index.php\/wp-json\/wp\/v2\/types\/post"}],"author":[{"embeddable":true,"href":"http:\/\/www.tvturk.com\/index.php\/wp-json\/wp\/v2\/users\/1"}],"replies":[{"embeddable":true,"href":"http:\/\/www.tvturk.com\/index.php\/wp-json\/wp\/v2\/comments?post=172016"}],"version-history":[{"count":0,"href":"http:\/\/www.tvturk.com\/index.php\/wp-json\/wp\/v2\/posts\/172016\/revisions"}],"wp:attachment":[{"href":"http:\/\/www.tvturk.com\/index.php\/wp-json\/wp\/v2\/media?parent=172016"}],"wp:term":[{"taxonomy":"category","embeddable":true,"href":"http:\/\/www.tvturk.com\/index.php\/wp-json\/wp\/v2\/categories?post=172016"},{"taxonomy":"post_tag","embeddable":true,"href":"http:\/\/www.tvturk.com\/index.php\/wp-json\/wp\/v2\/tags?post=172016"}],"curies":[{"name":"wp","href":"https:\/\/api.w.org\/{rel}","templated":true}]}}