{"id":172026,"date":"2019-06-20T21:47:16","date_gmt":"2019-06-20T18:47:16","guid":{"rendered":"http:\/\/www.tvturk.com\/index.php\/avrupa-oyunlarinda-takim-bayrak-toreni-duzenlendi\/"},"modified":"2019-06-20T21:47:16","modified_gmt":"2019-06-20T18:47:16","slug":"avrupa-oyunlarinda-takim-bayrak-toreni-duzenlendi","status":"publish","type":"post","link":"http:\/\/www.tvturk.com\/index.php\/avrupa-oyunlarinda-takim-bayrak-toreni-duzenlendi\/","title":{"rendered":"Avrupa Oyunlar\u0131n\u2019da Tak\u0131m Bayrak T\u00f6reni d\u00fczenlendi"},"content":{"rendered":"<p>Belarus\u2019un Minsk kentinde 21-30 Haziran tarihlerinde d\u00fczenlenecek 2. Avrupa<\/p>\n<p>Oyunlar\u0131\u2019n\u0131n Tak\u0131m Bayrak T\u00f6reni Sporcu K\u00f6y\u00fc\u2019nde ger\u00e7ekle\u015fti.<\/p>\n<p>T\u00fcrkiye ad\u0131na at\u0131c\u0131l\u0131k, 3&#215;3 basketbol, bisiklet, boks, judo, masa tenisi, ok\u00e7uluk, sambo milli tak\u0131mlar\u0131n kat\u0131ld\u0131\u011f\u0131 t\u00f6rende TMOK Ba\u015fkan Yard\u0131mc\u0131s\u0131 ve Avrupa Olimpiyat Komiteleri Y\u00f6netim Kurulu \u00dcyesi Hasan Arat, ile Kafile Ba\u015fkan\u0131 Gen\u00e7lik ve Spor Bakanl\u0131\u011f\u0131 Yat\u0131r\u0131m ve \u0130\u015fletmeler Genel M\u00fcd\u00fcrl\u00fc\u011f\u00fc Genel M\u00fcd\u00fcr Yard\u0131mc\u0131s\u0131 S\u00fcleyman \u015eahin de yer ald\u0131. Belarus, Minsk 2019 ve EOC bayraklar\u0131n\u0131n g\u00f6ndere \u00e7ekilmesi ile ba\u015flayan t\u00f6rende sporcular Belarus\u2019un yerel m\u00fczikleri e\u015fli\u011finde keyifli vakit ge\u00e7irdiler.<\/p>\n<p>T\u00f6ren ard\u0131ndan t\u00fcm \u00fclkelerin Kafile Ba\u015fkanlar\u0131, \u00fclkeleri ad\u0131na me\u015fe a\u011fa\u00e7lar\u0131 diktiler. A\u011fa\u00e7 dikim etkinli\u011finin ard\u0131ndan g\u00fcn sona erdi.<\/p>\n<p>Yar\u0131\u015fmalar yar\u0131n ba\u015fl\u0131yor<\/p>\n<p>Minsk 2019\u2019da yar\u0131n ilk yar\u0131\u015fmalar ba\u015fl\u0131yor. Ay-y\u0131ld\u0131zl\u0131 sporcular ok\u00e7uluk, boks ve 3&#215;3<\/p>\n<p>basketbol kar\u015f\u0131la\u015fmalar\u0131nda m\u00fccadele edecekler.<\/p>\n","protected":false},"excerpt":{"rendered":"<p>BELARUS\u2019UN M\u0130NSK KENT\u0130NDE 21-30 HAZ\u0130RAN TAR\u0130HLER\u0130NDE D\u00dcZENLENECEK 2. AVRUPA OYUNLARI\u2019NIN TAKIM BAYRAK T\u00d6REN\u0130 SPORCU K\u00d6Y\u00dc\u2019NDE GER\u00c7EKLE\u015eT\u0130.<\/p>\n","protected":false},"author":1,"featured_media":0,"comment_status":"closed","ping_status":"open","sticky":false,"template":"","format":"standard","meta":{"jetpack_post_was_ever_published":false,"_jetpack_newsletter_access":"","_jetpack_dont_email_post_to_subs":false,"_jetpack_newsletter_tier_id":0,"_jetpack_memberships_contains_paywalled_content":false,"_jetpack_memberships_contains_paid_content":false,"footnotes":"","jetpack_publicize_message":"","jetpack_publicize_feature_enabled":true,"jetpack_social_post_already_shared":true,"jetpack_social_options":{"image_generator_settings":{"template":"highway","default_image_id":0,"font":"","enabled":false},"version":2}},"categories":[657],"tags":[392,4231,2202,2601,6670,187],"class_list":["post-172026","post","type-post","status-publish","format-standard","hentry","category-spor","tag-avrupa","tag-bayrak","tag-duzenlendi","tag-oyunlarinda","tag-takim","tag-toreni"],"jetpack_publicize_connections":[],"jetpack_featured_media_url":"","jetpack_sharing_enabled":true,"jetpack_shortlink":"https:\/\/wp.me\/paKIfm-IKC","_links":{"self":[{"href":"http:\/\/www.tvturk.com\/index.php\/wp-json\/wp\/v2\/posts\/172026","targetHints":{"allow":["GET"]}}],"collection":[{"href":"http:\/\/www.tvturk.com\/index.php\/wp-json\/wp\/v2\/posts"}],"about":[{"href":"http:\/\/www.tvturk.com\/index.php\/wp-json\/wp\/v2\/types\/post"}],"author":[{"embeddable":true,"href":"http:\/\/www.tvturk.com\/index.php\/wp-json\/wp\/v2\/users\/1"}],"replies":[{"embeddable":true,"href":"http:\/\/www.tvturk.com\/index.php\/wp-json\/wp\/v2\/comments?post=172026"}],"version-history":[{"count":0,"href":"http:\/\/www.tvturk.com\/index.php\/wp-json\/wp\/v2\/posts\/172026\/revisions"}],"wp:attachment":[{"href":"http:\/\/www.tvturk.com\/index.php\/wp-json\/wp\/v2\/media?parent=172026"}],"wp:term":[{"taxonomy":"category","embeddable":true,"href":"http:\/\/www.tvturk.com\/index.php\/wp-json\/wp\/v2\/categories?post=172026"},{"taxonomy":"post_tag","embeddable":true,"href":"http:\/\/www.tvturk.com\/index.php\/wp-json\/wp\/v2\/tags?post=172026"}],"curies":[{"name":"wp","href":"https:\/\/api.w.org\/{rel}","templated":true}]}}