{"id":172042,"date":"2019-06-20T22:46:35","date_gmt":"2019-06-20T19:46:35","guid":{"rendered":"http:\/\/www.tvturk.com\/index.php\/motosikletliler-binali-yildirima-destek-ve-tesekkur-korteji\/"},"modified":"2019-06-20T22:46:35","modified_gmt":"2019-06-20T19:46:35","slug":"motosikletliler-binali-yildirima-destek-ve-tesekkur-korteji","status":"publish","type":"post","link":"http:\/\/www.tvturk.com\/index.php\/motosikletliler-binali-yildirima-destek-ve-tesekkur-korteji\/","title":{"rendered":"Motosikletliler Binali Y\u0131ld\u0131r\u0131m\u2019a destek ve te\u015fekk\u00fcr korteji"},"content":{"rendered":"<p>\u0130stanbul Hareketi kapsam\u0131nda motosikletliler \u0130BB Ba\u015fkan aday\u0131 Binali Y\u0131ld\u0131r\u0131m\u2019a destek ve te\u015fekk\u00fcr i\u00e7in kortej olu\u015fturdu.<\/p>\n<p>\u0130stanbul B\u00fcy\u00fck\u015fehir Belediye Ba\u015fkan Aday\u0131 Binali Y\u0131ld\u0131r\u0131m se\u00e7im vaatlerinde motorlar\u0131 k\u00f6pr\u00fclerden ge\u00e7i\u015fin \u00fccretsiz olacak s\u00f6z\u00fc vermesinden dolay\u0131 motorcular te\u015fekk\u00fcr i\u00e7in bir araya geldi. B\u00fcy\u00fck \u00c7aml\u0131ca Camii\u2019nde bir araya gelen yakla\u015f\u0131k 300 motosiklet s\u00fcr\u00fcc\u00fcs\u00fc buradan Binali Y\u0131ld\u0131r\u0131m\u2019\u0131n yan\u0131na gittiler. Camiden hareket eden motorcular havadan g\u00f6r\u00fcnt\u00fclendi. Motosikletliler te\u015fekk\u00fcr\u00fcn yan\u0131 s\u0131ra trafikte can g\u00fcvenli\u011fine dikkat \u00e7ekip katil bariyerlerin, motorcu dostu bariyerlerle de\u011fi\u015ftirilmesini gibi talep mektubu verecekler.<\/p>\n<p>Motosikletlilere e\u015flik eden AK Partili eski milletvekili Metin K\u00fcl\u00fcnk, \u201cBinali Bey ile \u0130stanbul daha b\u00fcy\u00fck ba\u015far\u0131lara imza atacak. Dolay\u0131s\u0131yla o daha b\u00fcy\u00fck ba\u015far\u0131lar\u0131n i\u00e7erisinde en \u00f6nemli ad\u0131mlardan birisi de motor ve motorcular\u0131m\u0131z hayat\u0131n bir par\u00e7as\u0131 ve k\u00f6pr\u00fc ge\u00e7i\u015flerinde Binali A\u011fabey \u00fccretsiz hale getirdi. Motorcu karde\u015flerimizle ile Binali A\u011fabey\u2019e te\u015fekk\u00fcr etmek i\u00e7in yola \u00e7\u0131kaca\u011f\u0131z\u201d dedi.<\/p>\n<p>Motorcular ad\u0131na konu\u015fan Kas\u0131m Mahmut, \u201c\u0130stanbul Hareketi\u2019nin organizasyonu ile Muhafazakar Motorcular olarak bir araya geldik. 300 arkada\u015f\u0131m\u0131z hep birlikte Binali Bey\u2019e te\u015fekk\u00fcr etmeye gidece\u011fiz. Binali Bey\u2019in k\u00f6pr\u00fc ge\u00e7i\u015flerinin \u00fccretsiz yapacak olmas\u0131 ve ilk defa motorcular\u0131 muhatap almas\u0131ndan dolay\u0131 kendisine te\u015fekk\u00fcr edece\u011fiz\u201d \u015feklinde konu\u015ftu.<\/p>\n","protected":false},"excerpt":{"rendered":"<p>\u0130STANBUL HAREKET\u0130 KAPSAMINDA MOTOS\u0130KLETL\u0130LER \u0130BB BA\u015eKAN ADAYI B\u0130NAL\u0130 YILDIRIM\u2019A DESTEK VE TE\u015eEKK\u00dcR \u0130\u00c7\u0130N KORTEJ OLU\u015eTURDU.<\/p>\n","protected":false},"author":1,"featured_media":0,"comment_status":"closed","ping_status":"open","sticky":false,"template":"","format":"standard","meta":{"jetpack_post_was_ever_published":false,"_jetpack_newsletter_access":"","_jetpack_dont_email_post_to_subs":false,"_jetpack_newsletter_tier_id":0,"_jetpack_memberships_contains_paywalled_content":false,"_jetpack_memberships_contains_paid_content":false,"footnotes":"","jetpack_publicize_message":"","jetpack_publicize_feature_enabled":true,"jetpack_social_post_already_shared":true,"jetpack_social_options":{"image_generator_settings":{"template":"highway","default_image_id":0,"font":"","enabled":false},"version":2}},"categories":[1],"tags":[3333,61,29936,41589,379,9846],"class_list":["post-172042","post","type-post","status-publish","format-standard","hentry","category-genel","tag-binali","tag-destek","tag-korteji","tag-motosikletliler","tag-tesekkur","tag-yildirima"],"jetpack_publicize_connections":[],"jetpack_featured_media_url":"","jetpack_sharing_enabled":true,"jetpack_shortlink":"https:\/\/wp.me\/paKIfm-IKS","_links":{"self":[{"href":"http:\/\/www.tvturk.com\/index.php\/wp-json\/wp\/v2\/posts\/172042","targetHints":{"allow":["GET"]}}],"collection":[{"href":"http:\/\/www.tvturk.com\/index.php\/wp-json\/wp\/v2\/posts"}],"about":[{"href":"http:\/\/www.tvturk.com\/index.php\/wp-json\/wp\/v2\/types\/post"}],"author":[{"embeddable":true,"href":"http:\/\/www.tvturk.com\/index.php\/wp-json\/wp\/v2\/users\/1"}],"replies":[{"embeddable":true,"href":"http:\/\/www.tvturk.com\/index.php\/wp-json\/wp\/v2\/comments?post=172042"}],"version-history":[{"count":0,"href":"http:\/\/www.tvturk.com\/index.php\/wp-json\/wp\/v2\/posts\/172042\/revisions"}],"wp:attachment":[{"href":"http:\/\/www.tvturk.com\/index.php\/wp-json\/wp\/v2\/media?parent=172042"}],"wp:term":[{"taxonomy":"category","embeddable":true,"href":"http:\/\/www.tvturk.com\/index.php\/wp-json\/wp\/v2\/categories?post=172042"},{"taxonomy":"post_tag","embeddable":true,"href":"http:\/\/www.tvturk.com\/index.php\/wp-json\/wp\/v2\/tags?post=172042"}],"curies":[{"name":"wp","href":"https:\/\/api.w.org\/{rel}","templated":true}]}}