{"id":172048,"date":"2019-06-20T23:31:50","date_gmt":"2019-06-20T20:31:50","guid":{"rendered":"http:\/\/www.tvturk.com\/index.php\/mersinde-sel-ve-heyelan\/"},"modified":"2019-06-20T23:31:50","modified_gmt":"2019-06-20T20:31:50","slug":"mersinde-sel-ve-heyelan","status":"publish","type":"post","link":"http:\/\/www.tvturk.com\/index.php\/mersinde-sel-ve-heyelan\/","title":{"rendered":"Mersin\u2019de sel ve heyelan"},"content":{"rendered":"<p>Mersin\u00edn Silifke il\u00e7esinde sa\u011fanak ya\u011f\u0131\u015f sel ve heyelana neden oldu.<\/p>\n<p>K\u0131z\u0131lge\u00e7it Mahallesi\u2019nde a\u015far\u0131 ya\u011f\u0131\u015flar nedeniyle meydana gelen sel ve heyelan nedeniyle baz\u0131 evlere su ve \u00e7amur girerken, yollar kullan\u0131lmaz hale geldi ve 2 ara\u00e7 toprak alt\u0131nda kald\u0131. Ya\u015fanan felaketin ard\u0131ndan Mersin B\u00fcy\u00fck\u015fehir Belediyesi ve Silifke Belediyesi ekiplerinin i\u015f makineleri zarar g\u00f6ren yerlerde \u00e7al\u0131\u015fma ba\u015flatt\u0131.<\/p>\n<p>Felaketin ya\u015fand\u0131\u011f\u0131 alanlarda incelemelerde bulunan Silifke Kaymakam\u0131 \u015eevket Cinbir, gazetecilere yapt\u0131\u011f\u0131 a\u00e7\u0131klamada, \u201cSon g\u00fcnlerdeki \u015fiddetli ya\u011f\u0131\u015f nedeniyle burada g\u00f6rd\u00fc\u011f\u00fcn\u00fcz manzara olu\u015ftu.. \u015e\u00fckrediyoruz ki g\u00fcnd\u00fcz vakti ger\u00e7ekle\u015fti. E\u011fer bu afet gece ya\u015fansayd\u0131 can kay\u0131plar\u0131 ile kar\u015f\u0131 kar\u015f\u0131ya kalabilirdik. G\u00fcnd\u00fcz olmas\u0131 evlerin bo\u015f olmas\u0131, evlerde o s\u0131rada vatanda\u015flar\u0131n olmamas\u0131 can kayb\u0131n\u0131n olmamas\u0131n\u0131 sa\u011flad\u0131 \u00e7ok \u015f\u00fck\u00fcr. Burada da\u011fdan gelen ta\u015f ve \u00e7ak\u0131l, toprak 13 evimizin i\u00e7ine doldu, sudan \u00f6te heyelan tarz\u0131 bir  olay ile kar\u015f\u0131 kar\u015f\u0131yay\u0131z. Be\u015f vatanda\u015f\u0131m\u0131z\u0131n fiilen oturdu\u011fu bir de imam\u0131m\u0131z\u0131n lojman\u0131 \u015fu anda oturulamaz hale geldi. Yine yedi ev de oturulamaz hale geldi. Bu evler yaz aylar\u0131nda vatanda\u015flar\u0131m\u0131z i\u00e7in kullan\u0131lan ve i\u00e7inde \u015fu anda fiilen ya\u015fam olmayan evlerimiz. Jandarmam\u0131z, Sosyal Dayan\u0131\u015fma ve Yard\u0131mla\u015fma Vakf\u0131m\u0131z evler ve vatanda\u015flar\u0131m\u0131z\u0131n zararlar\u0131 ile ilgili ve bu zararlar\u0131 kar\u015f\u0131layabilmemiz noktas\u0131nda tespitler yap\u0131ld\u0131. Tabii ki olay yerine Mersin B\u00fcy\u00fck\u015fehir Belediyesi itfaiye ekipleri intikal etti. \u015eu anda yol ula\u015f\u0131ma a\u00e7\u0131ld\u0131. Burada \u00f6zellikle Silifke \u0130tfaiye grup amirli\u011fimiz ve Erdemli itfaiye grup amirli\u011finin deste\u011fi ile bu \u00e7al\u0131\u015fmalar y\u00fcr\u00fct\u00fcl\u00fcyor. Silifke Belediyesinin ara\u00e7 gere\u00e7 takviyesi ile birlikte Silifke \u0130tfaiye Grup amirli\u011fimizin koordinat\u00f6rl\u00fc\u011f\u00fcnde burada bu sokaklar\u0131m\u0131z tekrar ula\u015f\u0131ma a\u00e7\u0131lacak, en k\u0131sa zamanda da vatanda\u015flar\u0131m\u0131z bu sokak ve caddeleri kullanabilecek duruma gelecek. Hayretler i\u00e7indeyiz. Olay\u0131n gece olmamas\u0131 b\u00fcy\u00fck bir \u015fans. Can kayb\u0131 ya\u015famam\u0131\u015f olduk. Mala gelen zararlar telafi edilebilen zararlard\u0131r. Can kayb\u0131 ya\u015fanmad\u0131\u011f\u0131 s\u00fcrece \u00fcstesinden gelemeyece\u011fimiz bir problem yok. Devletimiz b\u00fct\u00fcn kurum ve kurulu\u015flar\u0131yla, Mersin B\u00fcy\u00fck\u015fehir Belediyesi, Silifke Belediyesi b\u00fct\u00fcn imkanlar\u0131yla olay mahallindedir. Bu olay\u0131n meydana getirdi\u011fi s\u0131k\u0131nt\u0131n\u0131n bertaraf edilmesi i\u00e7in her t\u00fcrl\u00fc \u00e7al\u0131\u015fma y\u00fcr\u00fct\u00fcl\u00fcyor. Ben de Silifke Kaymakam\u0131 olarak bunun takibindeyim\u201d dedi.<\/p>\n","protected":false},"excerpt":{"rendered":"<p>MERS\u0130N\u00cdN S\u0130L\u0130FKE \u0130L\u00c7ES\u0130NDE SA\u011eANAK YA\u011eI\u015e SEL VE HEYELANA NEDEN OLDU.<\/p>\n","protected":false},"author":1,"featured_media":0,"comment_status":"closed","ping_status":"open","sticky":false,"template":"","format":"standard","meta":{"jetpack_post_was_ever_published":false,"_jetpack_newsletter_access":"","_jetpack_dont_email_post_to_subs":false,"_jetpack_newsletter_tier_id":0,"_jetpack_memberships_contains_paywalled_content":false,"_jetpack_memberships_contains_paid_content":false,"footnotes":"","jetpack_publicize_message":"","jetpack_publicize_feature_enabled":true,"jetpack_social_post_already_shared":true,"jetpack_social_options":{"image_generator_settings":{"template":"highway","default_image_id":0,"font":"","enabled":false},"version":2}},"categories":[1],"tags":[695,8768,2218],"class_list":["post-172048","post","type-post","status-publish","format-standard","hentry","category-genel","tag-sel","tag-heyelan","tag-mersinde"],"jetpack_publicize_connections":[],"jetpack_featured_media_url":"","jetpack_sharing_enabled":true,"jetpack_shortlink":"https:\/\/wp.me\/paKIfm-IKY","_links":{"self":[{"href":"http:\/\/www.tvturk.com\/index.php\/wp-json\/wp\/v2\/posts\/172048","targetHints":{"allow":["GET"]}}],"collection":[{"href":"http:\/\/www.tvturk.com\/index.php\/wp-json\/wp\/v2\/posts"}],"about":[{"href":"http:\/\/www.tvturk.com\/index.php\/wp-json\/wp\/v2\/types\/post"}],"author":[{"embeddable":true,"href":"http:\/\/www.tvturk.com\/index.php\/wp-json\/wp\/v2\/users\/1"}],"replies":[{"embeddable":true,"href":"http:\/\/www.tvturk.com\/index.php\/wp-json\/wp\/v2\/comments?post=172048"}],"version-history":[{"count":0,"href":"http:\/\/www.tvturk.com\/index.php\/wp-json\/wp\/v2\/posts\/172048\/revisions"}],"wp:attachment":[{"href":"http:\/\/www.tvturk.com\/index.php\/wp-json\/wp\/v2\/media?parent=172048"}],"wp:term":[{"taxonomy":"category","embeddable":true,"href":"http:\/\/www.tvturk.com\/index.php\/wp-json\/wp\/v2\/categories?post=172048"},{"taxonomy":"post_tag","embeddable":true,"href":"http:\/\/www.tvturk.com\/index.php\/wp-json\/wp\/v2\/tags?post=172048"}],"curies":[{"name":"wp","href":"https:\/\/api.w.org\/{rel}","templated":true}]}}