{"id":172074,"date":"2019-06-21T09:16:10","date_gmt":"2019-06-21T06:16:10","guid":{"rendered":"http:\/\/www.tvturk.com\/index.php\/trabzonda-kafes-baligi-uretiminden-yaklasik-30-milyon-dolarlik-doviz-girdisi-beklentisi\/"},"modified":"2019-06-21T09:16:10","modified_gmt":"2019-06-21T06:16:10","slug":"trabzonda-kafes-baligi-uretiminden-yaklasik-30-milyon-dolarlik-doviz-girdisi-beklentisi","status":"publish","type":"post","link":"http:\/\/www.tvturk.com\/index.php\/trabzonda-kafes-baligi-uretiminden-yaklasik-30-milyon-dolarlik-doviz-girdisi-beklentisi\/","title":{"rendered":"Trabzon\u2019da kafes bal\u0131\u011f\u0131 \u00fcretiminden yakla\u015f\u0131k 30 milyon dolarl\u0131k d\u00f6viz girdisi beklentisi"},"content":{"rendered":"<p>Trabzon\u2019da bu y\u0131l denizde ve karada yeti\u015ftirilen \u00e7o\u011funlu\u011fu Somon olan bal\u0131klar\u0131n\u0131n y\u00fczde 90\u2019\u0131 ihra\u00e7 edilirken, bu ihracattan yakla\u015f\u0131k 30 milyon dolar d\u00f6viz girdisi sa\u011flanmas\u0131 bekleniyor.<\/p>\n<p>Kafes bal\u0131klar\u0131ndan elde edilen d\u00f6viz girdisi her ge\u00e7en g\u00fcn artarken ge\u00e7en sene bu rakam\u0131n 25 milyon dolar oldu\u011fu belirtildi.<\/p>\n<p>Trabzon\u2019da \u00e7o\u011funlu\u011funu Karadeniz Somonu olmak \u00fczere 5 bin tonun \u00fczerinde Somon ve Levrek \u00fcretimi yap\u0131ld\u0131. Trabzon\u2019da 8 i\u015fletme taraf\u0131ndan \u00fcretilen bal\u0131klar ba\u015fta Japonya olmak \u00fczere G\u00fcrcistan, Vietnam, Rusya, BAE, Endonezya, Malezya  gibi d\u00fcnyan\u0131n pek \u00e7ok \u00fclkesine ihra\u00e7 edilirken, denizlerde yeti\u015ftirilen somon ve levrek \u00fcretim hasad\u0131 da deniz suyunun \u0131s\u0131nmas\u0131yla birlikte sona erdi.<\/p>\n<p>Son y\u0131llarda ihracatta talep g\u00f6ren g\u00f6kku\u015fa\u011f\u0131 alabal\u0131\u011f\u0131n\u0131n uluslararas\u0131 piyasalarda Norve\u00e7 somon bal\u0131\u011f\u0131n\u0131n yerine tercih edilmeye ba\u015flamas\u0131yla birlikte bu bal\u0131\u011f\u0131n hasad\u0131na bu y\u0131l\u0131n May\u0131s ay\u0131 itibariyle ba\u015flam\u0131\u015ft\u0131. Yakla\u015f\u0131k 4 kilogram\u0131 bulan G\u00f6kku\u015fa\u011f\u0131 alabal\u0131\u011f\u0131n\u0131n i\u00e7 t\u00fcketiminden ziyade d\u0131\u015f piyasada t\u00fcketildi\u011fi kaydedildi.<\/p>\n<p>\u00d6te yandan Trabzon\u2019da yeti\u015ftirilen Somon ve Levrek bal\u0131\u011f\u0131 d\u0131\u015f piyasalarda olduk\u00e7a ra\u011fbet g\u00f6r\u00fcrken, ihracat rakamlar\u0131 da \u00f6zellikle son 5 y\u0131lda \u00f6nemli oranda art\u0131\u015f sa\u011flad\u0131\u011f\u0131 g\u00f6zlendi.<\/p>\n","protected":false},"excerpt":{"rendered":"<p>TRABZON\u2019DA \u00c7O\u011eUNLU\u011eUNU KARADEN\u0130Z SOMONU OLMAK \u00dcZERE 5 B\u0130N TONUN \u00dcZER\u0130NDE SOMON VE LEVREK \u00dcRET\u0130M\u0130 YAPILDI.<\/p>\n","protected":false},"author":1,"featured_media":0,"comment_status":"closed","ping_status":"open","sticky":false,"template":"","format":"standard","meta":{"jetpack_post_was_ever_published":false,"_jetpack_newsletter_access":"","_jetpack_dont_email_post_to_subs":false,"_jetpack_newsletter_tier_id":0,"_jetpack_memberships_contains_paywalled_content":false,"_jetpack_memberships_contains_paid_content":false,"footnotes":"","jetpack_publicize_message":"","jetpack_publicize_feature_enabled":true,"jetpack_social_post_already_shared":true,"jetpack_social_options":{"image_generator_settings":{"template":"highway","default_image_id":0,"font":"","enabled":false},"version":2}},"categories":[19],"tags":[3399,10274,2355,3654,41601,26364,468,248,41600,7137],"class_list":["post-172074","post","type-post","status-publish","format-standard","hentry","category-ekonomi","tag-baligi","tag-beklentisi","tag-dolarlik","tag-doviz","tag-girdisi","tag-kafes","tag-milyon","tag-trabzonda","tag-uretiminden","tag-yaklasik"],"jetpack_publicize_connections":[],"jetpack_featured_media_url":"","jetpack_sharing_enabled":true,"jetpack_shortlink":"https:\/\/wp.me\/paKIfm-ILo","_links":{"self":[{"href":"http:\/\/www.tvturk.com\/index.php\/wp-json\/wp\/v2\/posts\/172074","targetHints":{"allow":["GET"]}}],"collection":[{"href":"http:\/\/www.tvturk.com\/index.php\/wp-json\/wp\/v2\/posts"}],"about":[{"href":"http:\/\/www.tvturk.com\/index.php\/wp-json\/wp\/v2\/types\/post"}],"author":[{"embeddable":true,"href":"http:\/\/www.tvturk.com\/index.php\/wp-json\/wp\/v2\/users\/1"}],"replies":[{"embeddable":true,"href":"http:\/\/www.tvturk.com\/index.php\/wp-json\/wp\/v2\/comments?post=172074"}],"version-history":[{"count":0,"href":"http:\/\/www.tvturk.com\/index.php\/wp-json\/wp\/v2\/posts\/172074\/revisions"}],"wp:attachment":[{"href":"http:\/\/www.tvturk.com\/index.php\/wp-json\/wp\/v2\/media?parent=172074"}],"wp:term":[{"taxonomy":"category","embeddable":true,"href":"http:\/\/www.tvturk.com\/index.php\/wp-json\/wp\/v2\/categories?post=172074"},{"taxonomy":"post_tag","embeddable":true,"href":"http:\/\/www.tvturk.com\/index.php\/wp-json\/wp\/v2\/tags?post=172074"}],"curies":[{"name":"wp","href":"https:\/\/api.w.org\/{rel}","templated":true}]}}