{"id":172078,"date":"2019-06-21T09:16:19","date_gmt":"2019-06-21T06:16:19","guid":{"rendered":"http:\/\/www.tvturk.com\/index.php\/kuran-i-kerimi-guzel-okuma-bolge-yarismasi-tekirdagda-duzenlendi\/"},"modified":"2019-06-21T09:16:19","modified_gmt":"2019-06-21T06:16:19","slug":"kuran-i-kerimi-guzel-okuma-bolge-yarismasi-tekirdagda-duzenlendi","status":"publish","type":"post","link":"http:\/\/www.tvturk.com\/index.php\/kuran-i-kerimi-guzel-okuma-bolge-yarismasi-tekirdagda-duzenlendi\/","title":{"rendered":"\u2019Kur\u2019an-\u0131 Kerim\u2019i G\u00fczel Okuma B\u00f6lge Yar\u0131\u015fmas\u0131\u2019 Tekirda\u011f\u2019da d\u00fczenlendi"},"content":{"rendered":"<p>2019 Y\u0131l\u0131 Camiler ve Din G\u00f6revlileri Haftas\u0131 faaliyetleri kapsam\u0131nda \u201cKur\u2019an-\u0131 Kerimi G\u00fczel Okuma B\u00f6lge Yar\u0131\u015fmas\u0131\u201d Tekirda\u011f\u2019da ger\u00e7ekle\u015ftirildi.<\/p>\n<p>Diyanet \u0130\u015fleri Ba\u015fkanl\u0131\u011f\u0131 Mushaflar\u0131 \u0130nceleme ve K\u0131raat Kurulu \u00dcyesi Musa Co\u015fkun\u2019un komisyon ba\u015fkanl\u0131\u011f\u0131n\u0131 y\u00fcr\u00fctt\u00fc\u011f\u00fc S\u00fcleymanpa\u015fa \u0130l\u00e7e M\u00fcft\u00fcl\u00fc\u011f\u00fc Orta Cami\u2019de yap\u0131lan \u2019Kur\u2019an-\u0131 Kerim\u2019i G\u00fczel Okuma B\u00f6lge Yar\u0131\u015fmas\u0131\u2019nda \u0130l M\u00fcft\u00fcs\u00fc \u0130smail \u0130pek, Muratl\u0131 \u0130l\u00e7e M\u00fcft\u00fcs\u00fc U\u011fur Emiro\u011flu, NK\u00dc \u0130lahiyat Fak\u00fcltesi Dr. \u00d6\u011fretim \u00dcyesi Yakup Y\u00fcksel ve NK\u00dc \u0130lahiyat Fak\u00fcltesi \u00d6\u011fretim G\u00f6revlisi Hikmet \u00c7ad\u0131r komisyon \u00fcyesi olarak g\u00f6rev yapt\u0131.<\/p>\n<p>Kur\u2019an-\u0131 Kerim\u2019i G\u00fczel Okuma B\u00f6lge Yar\u0131\u015fmas\u0131\u2019na Bal\u0131kesir\u2019den Selman Temur, Bilecik\u2019ten Halit Bu\u011fra Sa\u011flam, Bursa\u2019dan Adem \u00c7iftli, \u00c7anakkale\u2019den Mahfuz Baka, Edirne\u2019den U\u011fur Yaman, K\u0131rklareli\u2019nden Fatih Ar\u0131kapan, Kocaeli\u2019nden Hasan Aksoy, K\u00fctahya\u2019dan Recep G\u00f6ner, Sakarya\u2019dan Faysal Ayd\u0131n ve Tekirda\u011f\u2019dan Muhammed \u0130smail Demirel kat\u0131ld\u0131.<\/p>\n<p>Yar\u0131\u015fma \u00f6ncesinde \u0130l M\u00fcft\u00fcs\u00fc \u0130smail \u0130pek, k\u0131sa bir konu\u015fma yaparak misafirleri selamlad\u0131. Diyanet \u0130\u015fleri Ba\u015fkanl\u0131\u011f\u0131nca y\u00fcr\u00fct\u00fclen \u2019Yaz\u0131mda Karde\u015flik Var\u2019 projesi Rehber \u00d6\u011freticiler Semineri i\u00e7in Tekirda\u011f\u2019da bulunan Sosyal ve K\u00fclt\u00fcrel \u0130\u00e7erikli Din Hizmetleri Daire Ba\u015fkan\u0131 Mustafa B\u00fclb\u00fcl, proje hakk\u0131nda Tekirda\u011fl\u0131lar\u0131 bilgilendirdi. Daha sonra Komisyon Ba\u015fkan\u0131 Musa Co\u015fkun, yar\u0131\u015fma esaslar\u0131 hakk\u0131nda yar\u0131\u015fmac\u0131lar\u0131 ve misafirleri bilgilendirerek t\u00fcm yar\u0131\u015fmac\u0131lara ba\u015far\u0131lar diledi.<\/p>\n<p>Tekirda\u011fl\u0131lar\u0131n yo\u011fun kat\u0131l\u0131m\u0131yla ger\u00e7ekle\u015ftirilen Kur\u2019an-\u0131 Kerimi G\u00fczel Okuma B\u00f6lge Yar\u0131\u015fmas\u0131nda komisyon \u00fcyelerinin yapt\u0131\u011f\u0131 de\u011ferlendirmeler sonucunda Tekirda\u011f\u2019\u0131 temsilen yar\u0131\u015fmaya kat\u0131lan Ergene \u0130l\u00e7e M\u00fcft\u00fcl\u00fc\u011f\u00fc Velime\u015fe Mahallesi Z\u00fcmr\u00fct Camii S\u00f6zle\u015fmeli \u0130mam-Hatibi Muhammed \u0130smail Demirel birinci olurken \u00c7anakkale\u2019yi temsilen kat\u0131lan Biga \u0130l\u00e7e M\u00fcft\u00fcl\u00fc\u011f\u00fc A\u011fak\u00f6y K\u00f6y\u00fc Camii S\u00f6zle\u015fmeli \u0130mam-Hatibi Mahfuz Baka ikinci ve Bursa\u2019y\u0131 temsilen kat\u0131lan Osmangazi \u0130l\u00e7e M\u00fcft\u00fcl\u00fc\u011f\u00fc \u015eeker Hoca Camii \u0130mam-Hatibi Adem \u00c7iftli \u00fc\u00e7\u00fcnc\u00fc oldu.<\/p>\n<p>Dereceye girenlerin a\u00e7\u0131klanmas\u0131n\u0131n ard\u0131ndan yar\u0131\u015fma birincisi Muhammed \u0130smail Demirel\u2019e \u00f6d\u00fcl\u00fc Komisyon Ba\u015fkan\u0131 Musa Co\u015fkun taraf\u0131ndan, yar\u0131\u015fma ikincisi Mahfuz Baka\u2019ya \u00f6d\u00fcl\u00fc \u0130l M\u00fcft\u00fcs\u00fc \u0130smail \u0130pek taraf\u0131ndan ve yar\u0131\u015fma \u00fc\u00e7\u00fcnc\u00fcs\u00fc Adem \u00c7iftli\u2019ye \u00f6d\u00fcl\u00fc Komisyon \u00dcyesi Yakup Y\u00fcksel taraf\u0131ndan takdim edildi. Bunun yan\u0131 s\u0131ra yar\u0131\u015fmaya kat\u0131lan di\u011fer din g\u00f6revlilerine de \u00e7e\u015fitli \u00f6d\u00fcller verildi.<\/p>\n","protected":false},"excerpt":{"rendered":"<p>2019 YILI CAM\u0130LER VE D\u0130N G\u00d6REVL\u0130LER\u0130 HAFTASI FAAL\u0130YETLER\u0130 KAPSAMINDA \u201cKUR\u2019AN-I KER\u0130M\u0130 G\u00dcZEL OKUMA B\u00d6LGE YARI\u015eMASI\u201d TEK\u0130RDA\u011e\u2019DA GER\u00c7EKLE\u015eT\u0130R\u0130LD\u0130.<\/p>\n","protected":false},"author":1,"featured_media":0,"comment_status":"closed","ping_status":"open","sticky":false,"template":"","format":"standard","meta":{"jetpack_post_was_ever_published":false,"_jetpack_newsletter_access":"","_jetpack_dont_email_post_to_subs":false,"_jetpack_newsletter_tier_id":0,"_jetpack_memberships_contains_paywalled_content":false,"_jetpack_memberships_contains_paid_content":false,"footnotes":"","jetpack_publicize_message":"","jetpack_publicize_feature_enabled":true,"jetpack_social_post_already_shared":true,"jetpack_social_options":{"image_generator_settings":{"template":"highway","default_image_id":0,"font":"","enabled":false},"version":2}},"categories":[1],"tags":[1172,2202,1019,6276,6275,3620,1163,1650],"class_list":["post-172078","post","type-post","status-publish","format-standard","hentry","category-genel","tag-bolge","tag-duzenlendi","tag-guzel","tag-kerimi","tag-kuran-i","tag-okuma","tag-tekirdagda","tag-yarismasi"],"jetpack_publicize_connections":[],"jetpack_featured_media_url":"","jetpack_sharing_enabled":true,"jetpack_shortlink":"https:\/\/wp.me\/paKIfm-ILs","_links":{"self":[{"href":"http:\/\/www.tvturk.com\/index.php\/wp-json\/wp\/v2\/posts\/172078","targetHints":{"allow":["GET"]}}],"collection":[{"href":"http:\/\/www.tvturk.com\/index.php\/wp-json\/wp\/v2\/posts"}],"about":[{"href":"http:\/\/www.tvturk.com\/index.php\/wp-json\/wp\/v2\/types\/post"}],"author":[{"embeddable":true,"href":"http:\/\/www.tvturk.com\/index.php\/wp-json\/wp\/v2\/users\/1"}],"replies":[{"embeddable":true,"href":"http:\/\/www.tvturk.com\/index.php\/wp-json\/wp\/v2\/comments?post=172078"}],"version-history":[{"count":0,"href":"http:\/\/www.tvturk.com\/index.php\/wp-json\/wp\/v2\/posts\/172078\/revisions"}],"wp:attachment":[{"href":"http:\/\/www.tvturk.com\/index.php\/wp-json\/wp\/v2\/media?parent=172078"}],"wp:term":[{"taxonomy":"category","embeddable":true,"href":"http:\/\/www.tvturk.com\/index.php\/wp-json\/wp\/v2\/categories?post=172078"},{"taxonomy":"post_tag","embeddable":true,"href":"http:\/\/www.tvturk.com\/index.php\/wp-json\/wp\/v2\/tags?post=172078"}],"curies":[{"name":"wp","href":"https:\/\/api.w.org\/{rel}","templated":true}]}}