{"id":172094,"date":"2019-06-21T09:31:57","date_gmt":"2019-06-21T06:31:57","guid":{"rendered":"http:\/\/www.tvturk.com\/index.php\/18-yasindaki-yigitcan-1-trilyonluk-elmanin-kurtlarini-temizledi\/"},"modified":"2019-06-21T09:31:57","modified_gmt":"2019-06-21T06:31:57","slug":"18-yasindaki-yigitcan-1-trilyonluk-elmanin-kurtlarini-temizledi","status":"publish","type":"post","link":"http:\/\/www.tvturk.com\/index.php\/18-yasindaki-yigitcan-1-trilyonluk-elmanin-kurtlarini-temizledi\/","title":{"rendered":"18 ya\u015f\u0131ndaki Yi\u011fitcan 1 trilyonluk \u2019elma\u2019n\u0131n kurtlar\u0131n\u0131 temizledi"},"content":{"rendered":"<p>Kahramanmara\u015f\u2019ta 18 ya\u015f\u0131ndaki Yi\u011fitcan Y\u0131lmaz, bir dakikal\u0131k merak\u0131yla ba\u015flad\u0131\u011f\u0131 yaz\u0131l\u0131m i\u015finde, b\u00fct\u00e7esi 1 trilyon dolar\u0131 bulan Apple\u2019\u0131n 21 defa a\u00e7\u0131\u011f\u0131n\u0131 bulup \u00f6d\u00fcllendirildi.<\/p>\n<p>Apple\u2019\u0131n defalarca a\u00e7\u0131\u011f\u0131n\u0131 bulmas\u0131yla s\u0131k s\u0131k g\u00fcndeme gelen 18 ya\u015f\u0131ndaki Yi\u011fitcan Y\u0131lmaz, bug\u00fcne kadar 21 defa Apple\u2019dan te\u015fekk\u00fcr belgesi ald\u0131. Apple\u2019\u0131n onur listesine de eklenen Yi\u011fitcan, \u00fcniversite s\u0131nav sonu\u00e7lar\u0131n\u0131n a\u00e7\u0131klanmas\u0131n\u0131n ard\u0131ndan, yaz\u0131l\u0131mla ilgili bir b\u00f6l\u00fcm okuyarak kendisini geli\u015ftirmek istiyor.<\/p>\n<p>&#8220;Bir dakikal\u0131k merak mesle\u011fim oldu&#8221;<\/p>\n<p>Apple\u2019da \u00e7e\u015fitli i\u015fletim sistemlerinin pek \u00e7ok g\u00fcvenlik a\u00e7\u0131\u011f\u0131n\u0131 bularak firmaya ileten Yi\u011fitcan Y\u0131lmaz, &#8220;Bu sayede hem insanlar\u0131n g\u00fcvenli\u011fini sa\u011flam\u0131\u015f olduk hem de bu g\u00fcvenlik sorunlar\u0131ndan insanlar\u0131n etkilenmesinin \u00f6n\u00fcne ge\u00e7tik. Apple ile ileti\u015fime ge\u00e7erek bu konularda gerekli onar\u0131mlar\u0131n yap\u0131lmas\u0131n\u0131 sa\u011flad\u0131k. Bu \u015fekilde m\u00fc\u015fterilerin de g\u00fcvenli\u011fi sa\u011flanm\u0131\u015f oldu&#8221; dedi.<\/p>\n<p>Bu merak\u0131n\u0131n ise \u00e7ocukken \u00e7ok oyun oynamas\u0131ndan geldi\u011fini ifade eden Y\u0131lmaz \u015funlar\u0131 kaydetti:<\/p>\n<p>&#8220;Bir dakikal\u0131k bir merak, benim i\u00e7in hem ilgi alan\u0131 hem de bir meslek oldu. Liseden itibaren siber g\u00fcvenli\u011fe ve yaz\u0131l\u0131ma y\u00f6nelmeye ba\u015flad\u0131m. \u015eu anda ise \u00e7al\u0131\u015fmalar\u0131ma devam ediyorum. \u0130lk a\u00e7\u0131\u011f\u0131 Apple\u2019\u0131n kaynak kodlar\u0131n\u0131 incelerken buldum. Kaynak kodlar\u0131nda bir se\u00e7enek denetimsizli\u011finin oldu\u011funu fark ettim. Siri bir se\u00e7ene\u011fi denetlemiyordu. Bu da kullan\u0131c\u0131lar\u0131n verilerinin if\u015fas\u0131na yol a\u00e7\u0131yordu. Ben bunlar\u0131 Apple\u2019a g\u00f6nderdim ve onlar da gerekli d\u00fczenlemeleri yaparak yeniden g\u00fcncelleme yay\u0131nlad\u0131.&#8221;<\/p>\n<p>&#8220;\u00dcniversitede kendimi geli\u015ftirmek istiyorum&#8221;<\/p>\n<p>Yaz\u0131l\u0131m ve bilgisayar m\u00fchendisli\u011fi alan\u0131nda kendisini geli\u015ftirmek istedi\u011fini belirten Y\u0131lmaz, &#8220;Bu \u00e7al\u0131\u015fmalar\u0131ma devam etmek istiyorum. Benim i\u00e7in \u015fu anda \u00fcniversite maratonu ba\u015flamak \u00fczere. \u00dcniversite tercihlerinde bu b\u00f6l\u00fcm\u00fc se\u00e7ip, alan \u00fczerinde kendimi daha da geli\u015ftirmek istiyorum. \u015eu anda hemen hemen t\u00fcm \u00fcr\u00fcnler \u00fczerinde \u00e7al\u0131\u015fma yap\u0131yorum ancak bunlar\u0131n en \u00fcnl\u00fcs\u00fc Apple oldu\u011fu i\u00e7in daha \u00e7ok duyuldu ve bilindi. \u00d6zellikle Apple \u00fczerinde \u00e7al\u0131\u015fma nedenimiz, bilinen ve bu konularda en \u00fcst d\u00fczey seviyede tutan firma olmas\u0131ndan dolay\u0131. Bu \u015fekilde a\u00e7\u0131klar\u0131 yakalad\u0131\u011f\u0131m\u0131z zaman bildirerek, kullan\u0131c\u0131lar\u0131n da g\u00fcvenli\u011fini sa\u011flam\u0131\u015f oluyoruz&#8221; diye konu\u015ftu.<\/p>\n<p>Yi\u011fitcan Y\u0131lmaz\u2019a Kahramanmara\u015f Valisi Vahdettin \u00d6zkan da sahip \u00e7\u0131karak, Vali Kona\u011f\u0131nda Yi\u011fitcan Y\u0131lmaz\u2019\u0131 a\u011f\u0131rlad\u0131. Ziyaretle ilgili olarak konu\u015fan Y\u0131lmaz, &#8220;Vali bey ger\u00e7ekten \u00e7ok m\u00fctevazi bir insan. Ziyaret \u00e7ok g\u00fczel ge\u00e7ti. Beni y\u00f6nlendirme konusunda, neler yapabilece\u011fimizi konu\u015ftuk&#8221; dedi.<\/p>\n","protected":false},"excerpt":{"rendered":"<p>KAHRAMANMARA\u015e\u2019TA 18 YA\u015eINDAK\u0130 Y\u0130\u011e\u0130TCAN YILMAZ, B\u0130R DAK\u0130KALIK MERAKIYLA BA\u015eLADI\u011eI YAZILIM \u0130\u015e\u0130NDE 21 DEFA APPLE\u2019IN A\u00c7I\u011eINI BULDU.<\/p>\n","protected":false},"author":1,"featured_media":0,"comment_status":"closed","ping_status":"open","sticky":false,"template":"","format":"standard","meta":{"jetpack_post_was_ever_published":false,"_jetpack_newsletter_access":"","_jetpack_dont_email_post_to_subs":false,"_jetpack_newsletter_tier_id":0,"_jetpack_memberships_contains_paywalled_content":false,"_jetpack_memberships_contains_paid_content":false,"footnotes":"","jetpack_publicize_message":"","jetpack_publicize_feature_enabled":true,"jetpack_social_post_already_shared":true,"jetpack_social_options":{"image_generator_settings":{"template":"highway","default_image_id":0,"font":"","enabled":false},"version":2}},"categories":[24],"tags":[1874,41611,10786,41610,1063,41609],"class_list":["post-172094","post","type-post","status-publish","format-standard","hentry","category-teknoloji","tag-elmanin","tag-kurtlarini","tag-temizledi","tag-trilyonluk","tag-yasindaki","tag-yigitcan"],"jetpack_publicize_connections":[],"jetpack_featured_media_url":"","jetpack_sharing_enabled":true,"jetpack_shortlink":"https:\/\/wp.me\/paKIfm-ILI","_links":{"self":[{"href":"http:\/\/www.tvturk.com\/index.php\/wp-json\/wp\/v2\/posts\/172094","targetHints":{"allow":["GET"]}}],"collection":[{"href":"http:\/\/www.tvturk.com\/index.php\/wp-json\/wp\/v2\/posts"}],"about":[{"href":"http:\/\/www.tvturk.com\/index.php\/wp-json\/wp\/v2\/types\/post"}],"author":[{"embeddable":true,"href":"http:\/\/www.tvturk.com\/index.php\/wp-json\/wp\/v2\/users\/1"}],"replies":[{"embeddable":true,"href":"http:\/\/www.tvturk.com\/index.php\/wp-json\/wp\/v2\/comments?post=172094"}],"version-history":[{"count":0,"href":"http:\/\/www.tvturk.com\/index.php\/wp-json\/wp\/v2\/posts\/172094\/revisions"}],"wp:attachment":[{"href":"http:\/\/www.tvturk.com\/index.php\/wp-json\/wp\/v2\/media?parent=172094"}],"wp:term":[{"taxonomy":"category","embeddable":true,"href":"http:\/\/www.tvturk.com\/index.php\/wp-json\/wp\/v2\/categories?post=172094"},{"taxonomy":"post_tag","embeddable":true,"href":"http:\/\/www.tvturk.com\/index.php\/wp-json\/wp\/v2\/tags?post=172094"}],"curies":[{"name":"wp","href":"https:\/\/api.w.org\/{rel}","templated":true}]}}