{"id":172114,"date":"2019-06-21T10:02:02","date_gmt":"2019-06-21T07:02:02","guid":{"rendered":"http:\/\/www.tvturk.com\/index.php\/ozel-halic-tersanesi-bilim-merkezi-olacak\/"},"modified":"2019-06-21T10:02:02","modified_gmt":"2019-06-21T07:02:02","slug":"ozel-halic-tersanesi-bilim-merkezi-olacak","status":"publish","type":"post","link":"http:\/\/www.tvturk.com\/index.php\/ozel-halic-tersanesi-bilim-merkezi-olacak\/","title":{"rendered":"(\u00d6zel) Hali\u00e7 Tersanesi bilim merkezi olacak"},"content":{"rendered":"<p>Cumhurba\u015fkan\u0131 Recep Tayyip Erdo\u011fan, 564 y\u0131ld\u0131r faaliyet g\u00f6steren Hali\u00e7 Tersanesi\u2019nin bulundu\u011fu alan\u0131n 44 bin metrekarelik k\u0131sm\u0131n\u0131n bilim merkezi i\u00e7in peyzaj alan\u0131 olarak d\u00fczenlenece\u011fini a\u00e7\u0131klam\u0131\u015ft\u0131. G\u00fcn\u00fcm\u00fczde \u0130stanbul\u2019un yolcu vapurlar\u0131n\u0131n ve gemilerin bak\u0131m onar\u0131m\u0131 i\u00e7in kullan\u0131lan tersane havadan g\u00f6r\u00fcnt\u00fclendi.<\/p>\n<p>Hali\u00e7 Tersanesi (Tersane-i Amire) kuruldu\u011fu 1455 y\u0131l\u0131ndan bu g\u00fcne kadar gemilerin in\u015fas\u0131 ve bak\u0131m onar\u0131m\u0131 i\u00e7in kullan\u0131l\u0131yor. 564 y\u0131ld\u0131r faaliyet g\u00f6steren Hali\u00e7 Tersanesi 1571 y\u0131l\u0131nda \u0130nebaht\u0131\u2019da Osmanl\u0131 donanmas\u0131n\u0131n zarar g\u00f6rmesinin ard\u0131ndan 5 ayda 150\u2019den fazla kad\u0131rga in\u015fa etti. G\u00fcn\u00fcm\u00fczde \u0130stanbul\u2019un yolcular\u0131n\u0131 ta\u015f\u0131yan vapurlar\u0131n bak\u0131m ve onar\u0131m\u0131 bu tersanede yap\u0131l\u0131yor. Vapurlar\u0131n tamir edildi\u011fi havuzlar ise havadan g\u00f6r\u00fcnt\u00fclendi. Gemiler \u00f6nce havuzlara al\u0131n\u0131yor ard\u0131ndan havuzun i\u00e7erisinde bulunan su bo\u015falt\u0131l\u0131p bak\u0131m onar\u0131m \u00e7al\u0131\u015fmalar\u0131 yap\u0131l\u0131yor. \u00c7al\u0131\u015fmalar tamamland\u0131ktan sonra vapurlar havuzun i\u00e7erisine tekrar su doldurulup tersaneden d\u0131\u015far\u0131 \u00e7\u0131kar\u0131l\u0131yor. Ard\u0131ndan \u0130stanbullulara tekrar hizmet etmek i\u00e7in seferlere ba\u015fl\u0131yor.<\/p>\n<p>Cumhurba\u015fkan\u0131 Recep Tayyip Erdo\u011fan m\u00fcjdesini verdi\u011fi, Hali\u00e7 Tersane Bilim Merkezi Projesi\u2019nde yakla\u015f\u0131k 70 bin metrekarelik eski Hali\u00e7 Tersanesi\u2019nin bulundu\u011fu alan\u0131n 44 bin metrekarelik k\u0131sm\u0131 bilim merkezi i\u00e7in peyzaj alan\u0131 olarak d\u00fczenlenecek. Beyo\u011flu Bedrettin Mahallesi\u2019nde yap\u0131lacak projenin 3 y\u0131lda tamamlanmas\u0131 \u00f6ng\u00f6r\u00fcl\u00fcyor. Merkezin tamamlanmas\u0131yla y\u0131lda 2 milyon ziyaret\u00e7iyi a\u011f\u0131rlamas\u0131 hedefleniyor. Bilim merkezinde m\u00fcze ma\u011fazas\u0131, 3 adet sergi hol\u00fc, \u00e7ocuklar i\u00e7in deney istasyonlar\u0131, sinema salonu, dene yap teknoloji at\u00f6lyesi, dijital k\u00fct\u00fcphane, restoran ve kafeterya, deneyim merkezi, e\u011fitim at\u00f6lyesi, sergi \u00fcretim ve bak\u0131m at\u00f6lyesi ve inovasyon merkezi birimleri yer alacak.<\/p>\n","protected":false},"excerpt":{"rendered":"<p>CUMHURBA\u015eKANI RECEP TAYY\u0130P ERDO\u011eAN, 564 YILDIR FAAL\u0130YET G\u00d6STEREN HAL\u0130\u00c7 TERSANES\u0130\u2019N\u0130N BULUNDU\u011eU ALANIN 44 B\u0130N METREKAREL\u0130K KISMININ B\u0130L\u0130M MERKEZ\u0130 \u0130\u00c7\u0130N PEYZAJ ALANI OLARAK D\u00dcZENLENECE\u011e\u0130N\u0130 A\u00c7IKLAMI\u015eTI. G\u00dcN\u00dcM\u00dcZDE \u0130STANBUL\u2019UN YOLCU VAPURLARININ VE GEM\u0130LER\u0130N BAKIM ONARIMI \u0130\u00c7\u0130N KULLANILAN TERSANE HAVADAN G\u00d6R\u00dcNT\u00dcLEND\u0130.<\/p>\n","protected":false},"author":1,"featured_media":0,"comment_status":"closed","ping_status":"open","sticky":false,"template":"","format":"standard","meta":{"jetpack_post_was_ever_published":false,"_jetpack_newsletter_access":"","_jetpack_dont_email_post_to_subs":false,"_jetpack_newsletter_tier_id":0,"_jetpack_memberships_contains_paywalled_content":false,"_jetpack_memberships_contains_paid_content":false,"footnotes":"","jetpack_publicize_message":"","jetpack_publicize_feature_enabled":true,"jetpack_social_post_already_shared":true,"jetpack_social_options":{"image_generator_settings":{"template":"highway","default_image_id":0,"font":"","enabled":false},"version":2}},"categories":[1],"tags":[1073,3032,17693,295,1189,38810],"class_list":["post-172114","post","type-post","status-publish","format-standard","hentry","category-genel","tag-ozel","tag-bilim","tag-halic","tag-merkezi","tag-olacak","tag-tersanesi"],"jetpack_publicize_connections":[],"jetpack_featured_media_url":"","jetpack_sharing_enabled":true,"jetpack_shortlink":"https:\/\/wp.me\/paKIfm-IM2","_links":{"self":[{"href":"http:\/\/www.tvturk.com\/index.php\/wp-json\/wp\/v2\/posts\/172114","targetHints":{"allow":["GET"]}}],"collection":[{"href":"http:\/\/www.tvturk.com\/index.php\/wp-json\/wp\/v2\/posts"}],"about":[{"href":"http:\/\/www.tvturk.com\/index.php\/wp-json\/wp\/v2\/types\/post"}],"author":[{"embeddable":true,"href":"http:\/\/www.tvturk.com\/index.php\/wp-json\/wp\/v2\/users\/1"}],"replies":[{"embeddable":true,"href":"http:\/\/www.tvturk.com\/index.php\/wp-json\/wp\/v2\/comments?post=172114"}],"version-history":[{"count":0,"href":"http:\/\/www.tvturk.com\/index.php\/wp-json\/wp\/v2\/posts\/172114\/revisions"}],"wp:attachment":[{"href":"http:\/\/www.tvturk.com\/index.php\/wp-json\/wp\/v2\/media?parent=172114"}],"wp:term":[{"taxonomy":"category","embeddable":true,"href":"http:\/\/www.tvturk.com\/index.php\/wp-json\/wp\/v2\/categories?post=172114"},{"taxonomy":"post_tag","embeddable":true,"href":"http:\/\/www.tvturk.com\/index.php\/wp-json\/wp\/v2\/tags?post=172114"}],"curies":[{"name":"wp","href":"https:\/\/api.w.org\/{rel}","templated":true}]}}