{"id":172122,"date":"2019-06-21T10:16:42","date_gmt":"2019-06-21T07:16:42","guid":{"rendered":"http:\/\/www.tvturk.com\/index.php\/turk-dunyasindan-binali-yildirima-destek\/"},"modified":"2019-06-21T10:16:42","modified_gmt":"2019-06-21T07:16:42","slug":"turk-dunyasindan-binali-yildirima-destek","status":"publish","type":"post","link":"http:\/\/www.tvturk.com\/index.php\/turk-dunyasindan-binali-yildirima-destek\/","title":{"rendered":"T\u00fcrk D\u00fcnyas\u0131\u2019ndan Binali Y\u0131ld\u0131r\u0131m\u2019a destek"},"content":{"rendered":"<p>Osmangazi Belediye Ba\u015fkan\u0131 Mustafa D\u00fcndar, \u0130stanbul\u2019da ya\u015fayan T\u00fcrkistanl\u0131 soyda\u015flarla bulu\u015ftu. Y\u00fczlerce soyda\u015f\u0131n kat\u0131ld\u0131\u011f\u0131 bulu\u015fmada, T\u00fcrk ve \u0130slam aleminin bekas\u0131 i\u00e7in dualar edilirken, 23 Haziran\u2019daki \u0130stanbul se\u00e7imi i\u00e7in de istikrardan yana tav\u0131r al\u0131nd\u0131.<\/p>\n<p>Zeytinburnu\u2019nda Avrasya T\u00fcrk Dernekleri Federasyonu\u2019nu ziyaret eden Ba\u015fkan D\u00fcndar, burada 26 T\u00fcrk d\u00fcnyas\u0131 derne\u011finin temsilcileri ve kanaat \u00f6nderleriyle sohbet etti. AK Parti Osmangazi \u0130l\u00e7e Ba\u015fkan\u0131 Ufuk C\u00f6mez, Belediye Ba\u015fkan Yard\u0131mc\u0131lar\u0131 Hasan H\u00fcseyin Erd\u00f6nmez ve Cem K\u00fcr\u015fad Hasano\u011flu\u2019nun da e\u015flik etti\u011fi programda, T\u00fcrk ve \u0130slam aleminin bekas\u0131 i\u00e7in dualar edildi. Ziyaretten duydu\u011fu memnuniyeti dile getiren Avrasya T\u00fcrk Dernekleri Federasyonu Genel Ba\u015fkan\u0131 \u0130smail Cengiz, T\u00fcrk d\u00fcnyas\u0131n\u0131n birli\u011fi i\u00e7in T\u00fcrkiye\u2019nin her zaman g\u00fc\u00e7l\u00fc olmas\u0131 gerekti\u011fine dikkat \u00e7ekti. T\u00fcrk soylu derneklerin temsilcilerini tek tek dinleyen Ba\u015fkan D\u00fcndar, soyda\u015flar\u0131n taleplerini not alarak, gerekli mercilere iletece\u011fini s\u00f6yledi. Beka sorununu en iyi kendilerinin bildiklerini, bu y\u00fczden T\u00fcrkiye\u2019nin, birlik ve b\u00fct\u00fcnl\u00fc\u011f\u00fcne b\u00fcy\u00fck \u00f6nem verdiklerini belirten T\u00fcrkistanl\u0131lar, kendilerine sahip \u00e7\u0131kan Cumhurba\u015fkan\u0131 Recep Tayyip Erdo\u011fan\u2019\u0131n her zaman yan\u0131nda olduklar\u0131 mesaj\u0131n\u0131 verdi. Ziyarette bir T\u00fcrkmen \u00e7ocu\u011fu \u015fiir okurken, kanaat \u00f6nderleri de T\u00fcrk ve \u0130slam aleminin birli\u011fi, dirli\u011fi ve bekas\u0131 i\u00e7in dua etti.<\/p>\n<p>D\u00fcndar\u2019\u0131 500 T\u00fcrkistanl\u0131 Ba\u011fr\u0131na Bast\u0131<\/p>\n<p>Ba\u015fkan D\u00fcndar, dernek ziyaretinin ard\u0131ndan Zeytinburnu sokaklar\u0131nda y\u00fcr\u00fcyerek, esnaf ve vatanda\u015flarla sohbet etti. Daha sonra 500 ki\u015filik T\u00fcrkistanl\u0131 ile yemekli bulu\u015fmaya kat\u0131lan D\u00fcndar, burada b\u00fcy\u00fck bir co\u015fkuyla kar\u015f\u0131land\u0131. Zeytinburnu Belediye Ba\u015fkan\u0131 \u00d6mer Ar\u0131soy\u2019un da kat\u0131ld\u0131\u011f\u0131 toplant\u0131da, 8 kazan T\u00fcrkistan pilav\u0131 ikram edildi.<\/p>\n<p>Kendisinin de g\u00f6\u00e7men oldu\u011funu ve Balkanlar\u2019dan ana vatana geldi\u011fini anlatan D\u00fcndar, \u201cSizin s\u0131k\u0131nt\u0131n\u0131za, hislerinizi \u00e7ok iyi anlayabiliyorum. Osmanl\u0131\u2019y\u0131 kuran bir \u015fehirde g\u00f6rev yap\u0131yoruz. Bursa\u2019da Balkanlar\u2019dan Kafkaslar\u2019dan ve Orta Asya\u2019dan gelen karde\u015flerimize ev sahipli\u011fi yap\u0131yoruz. Bu karde\u015flerimizle i\u00e7 i\u00e7eyiz. S\u0131k\u0131nt\u0131lar\u0131m\u0131z\u0131 hep birlikte \u00e7\u00f6zece\u011fiz. B\u00fct\u00fcn \u0130slam co\u011frafyas\u0131n\u0131n y\u00f6n\u00fc buraya d\u00f6n\u00fck. B\u00fct\u00fcn mazlum insanlar, buray\u0131 bir s\u0131\u011f\u0131nak olarak g\u00f6r\u00fcyor\u201d dedi.<\/p>\n<p>T\u00fcrk Milleti\u2019nin t\u0131pk\u0131 1326 y\u0131l\u0131ndaki gibi yeniden ayaklar\u0131n\u0131n \u00fczerinde durmaya ba\u015flad\u0131\u011f\u0131n\u0131 ifade eden D\u00fcndar, \u201cT\u00fcrkiye olarak kendi \u00e7izdi\u011fimiz yolda, kendi hedeflerimize do\u011fru yolculu\u011fa \u00e7\u0131kt\u0131k. \u015eimdi \u00f6n\u00fcm\u00fczde bir \u0130stanbul se\u00e7imi var. B\u00fct\u00fcn d\u00fcnya, 23 Haziran\u2019daki \u0130stanbul se\u00e7imini konu\u015fuyor. D\u0131\u015far\u0131dakiler bile buradaki se\u00e7imi s\u0131k\u0131nt\u0131 olarak g\u00f6r\u00fcyorsa, bunu bizim de g\u00f6rmemiz laz\u0131m. 23 Haziran\u2019da Allah\u2019\u0131n izniyle bayra\u011f\u0131 yeniden \u0130stanbul\u2019un bur\u00e7lar\u0131na dikece\u011fiz\u201d diye konu\u015ftu.<\/p>\n<p>Toplant\u0131 sonras\u0131nda Ba\u015fkan D\u00fcndar\u2019a dernek temsilcileri taraf\u0131ndan T\u00fcrkistanl\u0131lar\u2019\u0131n geleneksel k\u0131yafeti \u00c7apan giydirildi.<\/p>\n","protected":false},"excerpt":{"rendered":"<p>OSMANGAZ\u0130 BELED\u0130YE BA\u015eKANI MUSTAFA D\u00dcNDAR \u0130STANBUL SE\u00c7\u0130MLER\u0130 \u0130\u00c7\u0130N T\u00dcRK D\u00dcNYASINDAN B\u0130NAL\u0130 YILDIRIM&#8217;A DESTEK \u0130STED\u0130<\/p>\n","protected":false},"author":1,"featured_media":0,"comment_status":"closed","ping_status":"open","sticky":false,"template":"","format":"standard","meta":{"jetpack_post_was_ever_published":false,"_jetpack_newsletter_access":"","_jetpack_dont_email_post_to_subs":false,"_jetpack_newsletter_tier_id":0,"_jetpack_memberships_contains_paywalled_content":false,"_jetpack_memberships_contains_paid_content":false,"footnotes":"","jetpack_publicize_message":"","jetpack_publicize_feature_enabled":true,"jetpack_social_post_already_shared":true,"jetpack_social_options":{"image_generator_settings":{"template":"highway","default_image_id":0,"font":"","enabled":false},"version":2}},"categories":[1],"tags":[3333,61,23312,957,9846],"class_list":["post-172122","post","type-post","status-publish","format-standard","hentry","category-genel","tag-binali","tag-destek","tag-dunyasindan","tag-turk","tag-yildirima"],"jetpack_publicize_connections":[],"jetpack_featured_media_url":"","jetpack_sharing_enabled":true,"jetpack_shortlink":"https:\/\/wp.me\/paKIfm-IMa","_links":{"self":[{"href":"http:\/\/www.tvturk.com\/index.php\/wp-json\/wp\/v2\/posts\/172122","targetHints":{"allow":["GET"]}}],"collection":[{"href":"http:\/\/www.tvturk.com\/index.php\/wp-json\/wp\/v2\/posts"}],"about":[{"href":"http:\/\/www.tvturk.com\/index.php\/wp-json\/wp\/v2\/types\/post"}],"author":[{"embeddable":true,"href":"http:\/\/www.tvturk.com\/index.php\/wp-json\/wp\/v2\/users\/1"}],"replies":[{"embeddable":true,"href":"http:\/\/www.tvturk.com\/index.php\/wp-json\/wp\/v2\/comments?post=172122"}],"version-history":[{"count":0,"href":"http:\/\/www.tvturk.com\/index.php\/wp-json\/wp\/v2\/posts\/172122\/revisions"}],"wp:attachment":[{"href":"http:\/\/www.tvturk.com\/index.php\/wp-json\/wp\/v2\/media?parent=172122"}],"wp:term":[{"taxonomy":"category","embeddable":true,"href":"http:\/\/www.tvturk.com\/index.php\/wp-json\/wp\/v2\/categories?post=172122"},{"taxonomy":"post_tag","embeddable":true,"href":"http:\/\/www.tvturk.com\/index.php\/wp-json\/wp\/v2\/tags?post=172122"}],"curies":[{"name":"wp","href":"https:\/\/api.w.org\/{rel}","templated":true}]}}