{"id":172144,"date":"2019-06-21T10:32:28","date_gmt":"2019-06-21T07:32:28","guid":{"rendered":"http:\/\/www.tvturk.com\/index.php\/muzigin-altin-cocugu-cinara-new-yorktan-odulle-dondu\/"},"modified":"2019-06-21T10:32:28","modified_gmt":"2019-06-21T07:32:28","slug":"muzigin-altin-cocugu-cinara-new-yorktan-odulle-dondu","status":"publish","type":"post","link":"http:\/\/www.tvturk.com\/index.php\/muzigin-altin-cocugu-cinara-new-yorktan-odulle-dondu\/","title":{"rendered":"M\u00fczi\u011fin alt\u0131n \u00e7ocu\u011fu \u00c7\u0131nara, New York\u2019tan \u00f6d\u00fclle d\u00f6nd\u00fc"},"content":{"rendered":"<p>\u0130zmir\u2019e pek \u00e7ok uluslararas\u0131 \u00f6d\u00fcl kazand\u0131ran Ya\u015far \u00dcniversitesi S\u00fcrekli E\u011fitim Merkezi (Y\u00dcSEM) M\u00fczik Akademisi \u00f6\u011frencisi \u00c7\u0131nara Manafl\u0131 (10), New York\u2019ta bulunan d\u00fcnyan\u0131n en \u00fcnl\u00fc konser salonlar\u0131ndan Carnegie Hall\u2019de ba\u015far\u0131l\u0131 bir konsere imza att\u0131. Rusya\u2019n\u0131n St. Petersburg kentinde bu y\u0131l ger\u00e7ekle\u015ftirilen \u2018Viva \u0130l Piano Uluslararas\u0131 Piyano Yar\u0131\u015fmas\u0131ndan\u2019 elde etti\u011fi 3\u2019\u00fcnc\u00fcl\u00fck derecesiyle Carnegie Hall\u2019de konser ger\u00e7ekle\u015ftirmeye hak kazanan gen\u00e7 yetenek ayr\u0131ca, New York &#8220;Viva-Music Uluslararas\u0131 Klasik M\u00fczik Yar\u0131\u015fmas\u0131na\u2019 kat\u0131l\u0131p ikincilik \u00f6d\u00fcl\u00fcn\u00fcn sahibi oldu.<\/p>\n<p>Piyanist annesi ve kemanc\u0131 babas\u0131n\u0131n b\u00fcy\u00fck deste\u011fi ile m\u00fczi\u011fe \u00e7ok k\u00fc\u00e7\u00fck ya\u015flarda ilgi duyan 5\u2019inci s\u0131n\u0131f \u00f6\u011frencisi \u00c7\u0131nara Manafl\u0131, ilk \u00f6d\u00fcl\u00fcn\u00fc 5 ya\u015f\u0131nda ald\u0131. 2014 y\u0131l\u0131nda Mozart Akademi Ulusal Piyano Yar\u0131\u015fmas\u0131nda j\u00fcri \u00f6zel \u00f6d\u00fcl\u00fcne lay\u0131k g\u00f6r\u00fclen gen\u00e7 yetenek ayn\u0131 y\u0131l \u0130ngiltere Newcastle Piyano Yar\u0131\u015fmas\u0131nda birincilik \u00f6d\u00fcl\u00fcn\u00fc elde etti. 2015 y\u0131l\u0131nda ise hem Mozart Akademi Uluslararas\u0131 Piyano Yar\u0131\u015fmas\u0131nda ikincilik \u00f6d\u00fcl\u00fcn\u00fc kazanan hem de Associazione Piano Friends taraf\u0131ndan organize edilen ve \u0130talya\u2019n\u0131n Lovere \u015fehrinde d\u00fczenlenen Tadini Uluslararas\u0131 Piyano Yar\u0131\u015fmas\u0131nda kendi kategorisinde birinci gelen \u00c7\u0131nara, her y\u0131l m\u00fczi\u011fe daha da tutkuyla ba\u011fland\u0131. S\u0131ras\u0131yla Milano\u2019da d\u00fczenlenen Piano Talents Uluslararas\u0131 Yar\u0131\u015fmada ikincilik, 2017 \u0130zmir Mozart Akademi Uluslararas\u0131 Piyano Yar\u0131\u015fmas\u0131nda ikincilik, 2017 Almanya\u2019da d\u00fczenlenen Geilenkirchen Euregion Uluslararas\u0131 Piyano Yar\u0131\u015fmas\u0131nda ikincilik ve 2018 Mozart Akademi Uluslararas\u0131 Piyano Yar\u0131\u015fmas\u0131nda birincilik alan \u00c7\u0131nara, 2 y\u0131l \u00f6nce de \u00e7al\u0131\u015fmalar\u0131n\u0131 Y\u00dcSEM M\u00fczik Akademisinin \u00f6\u011frencisi olarak s\u00fcrd\u00fcrmeye ba\u015flad\u0131.<\/p>\n<p>Chopin hayran\u0131<\/p>\n<p>Son olarak New York &#8220;Viva-Music Uluslararas\u0131 Klasik M\u00fczik Yar\u0131\u015fmas\u0131nda\u2019 ikincilik \u00f6d\u00fcl\u00fcn\u00fcn sahibi olarak T\u00fcrkiye\u2019ye b\u00fcy\u00fck gurur ya\u015fatan \u00c7\u0131nara, bunun yan\u0131 s\u0131ra Manhattan School of Music\u2019te e\u011fitmenlik yapan Olga Kern ile beraber ustal\u0131k s\u0131n\u0131f\u0131na da kat\u0131ld\u0131. Ya\u015far \u00dcniversitesi M\u00fczik B\u00f6l\u00fcm\u00fc \u00d6\u011fretim G\u00f6revlisi Payam G\u00fcl Susanni\u2019nin \u00f6\u011frencisi olan \u00c7\u0131nara, \u201cHer g\u00fcn en az iki saatimi piyano e\u011fitimine harc\u0131yorum. Piyanist-besteci Chopin hayran\u0131y\u0131m. M\u00fczi\u011fi \u00e7ok seviyorum,  derslerimi aksatmadan ve kendimi k\u0131s\u0131tlamadan m\u00fczik e\u011fitimimi s\u00fcrd\u00fcrebiliyorum. K\u00fc\u00e7\u00fckken annemi piyanonun ba\u015f\u0131nda izleyerek b\u00fcy\u00fcd\u00fcm, \u015fimdi de piyanonun ba\u015f\u0131nda benim olmam, \u00f6d\u00fcller kazanabilmem b\u00fcy\u00fck mutluluk veriyor\u201d dedi.<\/p>\n<p>Azeri leh\u00e7esinde bir isim olan \u00c7\u0131nara, T\u00fcrkiye T\u00fcrk\u00e7esinde \u00e7\u0131nar anlam\u0131na geliyor.<\/p>\n","protected":false},"excerpt":{"rendered":"<p>\u0130ZM\u0130R\u2019E PEK \u00c7OK ULUSLARARASI \u00d6D\u00dcL KAZANDIRAN YA\u015eAR \u00dcN\u0130VERS\u0130TES\u0130 S\u00dcREKL\u0130 E\u011e\u0130T\u0130M MERKEZ\u0130 (Y\u00dcSEM) M\u00dcZ\u0130K AKADEM\u0130S\u0130 \u00d6\u011eRENC\u0130S\u0130 \u00c7INARA MANAFLI (10), NEW YORK\u2019TA BULUNAN D\u00dcNYANIN EN \u00dcNL\u00dc KONSER SALONLARINDAN CARNEG\u0130E HALL\u2019DE BA\u015eARILI B\u0130R KONSERE \u0130MZA ATTI.<\/p>\n","protected":false},"author":1,"featured_media":0,"comment_status":"closed","ping_status":"open","sticky":false,"template":"","format":"standard","meta":{"jetpack_post_was_ever_published":false,"_jetpack_newsletter_access":"","_jetpack_dont_email_post_to_subs":false,"_jetpack_newsletter_tier_id":0,"_jetpack_memberships_contains_paywalled_content":false,"_jetpack_memberships_contains_paid_content":false,"footnotes":"","jetpack_publicize_message":"","jetpack_publicize_feature_enabled":true,"jetpack_social_post_already_shared":true,"jetpack_social_options":{"image_generator_settings":{"template":"highway","default_image_id":0,"font":"","enabled":false},"version":2}},"categories":[656],"tags":[596,3116,3647,990,11541,9848,7203,41630],"class_list":["post-172144","post","type-post","status-publish","format-standard","hentry","category-kultur-sanat","tag-altin","tag-cinara","tag-cocugu","tag-dondu","tag-muzigin","tag-new","tag-odulle","tag-yorktan"],"jetpack_publicize_connections":[],"jetpack_featured_media_url":"","jetpack_sharing_enabled":true,"jetpack_shortlink":"https:\/\/wp.me\/paKIfm-IMw","_links":{"self":[{"href":"http:\/\/www.tvturk.com\/index.php\/wp-json\/wp\/v2\/posts\/172144","targetHints":{"allow":["GET"]}}],"collection":[{"href":"http:\/\/www.tvturk.com\/index.php\/wp-json\/wp\/v2\/posts"}],"about":[{"href":"http:\/\/www.tvturk.com\/index.php\/wp-json\/wp\/v2\/types\/post"}],"author":[{"embeddable":true,"href":"http:\/\/www.tvturk.com\/index.php\/wp-json\/wp\/v2\/users\/1"}],"replies":[{"embeddable":true,"href":"http:\/\/www.tvturk.com\/index.php\/wp-json\/wp\/v2\/comments?post=172144"}],"version-history":[{"count":0,"href":"http:\/\/www.tvturk.com\/index.php\/wp-json\/wp\/v2\/posts\/172144\/revisions"}],"wp:attachment":[{"href":"http:\/\/www.tvturk.com\/index.php\/wp-json\/wp\/v2\/media?parent=172144"}],"wp:term":[{"taxonomy":"category","embeddable":true,"href":"http:\/\/www.tvturk.com\/index.php\/wp-json\/wp\/v2\/categories?post=172144"},{"taxonomy":"post_tag","embeddable":true,"href":"http:\/\/www.tvturk.com\/index.php\/wp-json\/wp\/v2\/tags?post=172144"}],"curies":[{"name":"wp","href":"https:\/\/api.w.org\/{rel}","templated":true}]}}