{"id":172204,"date":"2019-06-21T11:46:46","date_gmt":"2019-06-21T08:46:46","guid":{"rendered":"http:\/\/www.tvturk.com\/index.php\/haziranda-kisi-yasadilar\/"},"modified":"2019-06-21T11:46:46","modified_gmt":"2019-06-21T08:46:46","slug":"haziranda-kisi-yasadilar","status":"publish","type":"post","link":"http:\/\/www.tvturk.com\/index.php\/haziranda-kisi-yasadilar\/","title":{"rendered":"Haziran\u2019da k\u0131\u015f\u0131 ya\u015fad\u0131lar"},"content":{"rendered":"<p>Do\u011fa y\u00fcr\u00fcy\u00fc\u015f\u00fc (trekking) yaparak Erzincan ile Tunceli aras\u0131nda bulunan 3 bin rak\u0131ml\u0131 Munzur Da\u011flar\u0131na \u00e7\u0131kan vatanda\u015flar, muhte\u015fem manzarada buzul g\u00f6l\u00fcn\u00fcn \u00fczerindeki tepeden po\u015fetle kay\u0131p Haziran ay\u0131n\u0131n sonuna do\u011fru k\u0131\u015f\u0131 ya\u015fad\u0131lar.<\/p>\n<p>3 bin rak\u0131ml\u0131 Munzur Da\u011flar\u0131n\u0131n zirvesi do\u011fal g\u00fczelli\u011fiyle g\u00f6renleri adeta b\u00fcy\u00fcl\u00fcyor. Haziran ay\u0131nda da karla kapl\u0131 olan Munzur\u2019un zirvesi trekking yapan do\u011fa severlerin u\u011frak yeri oluyor. Bir yanda kar ve buzul g\u00f6ller di\u011fer yanda a\u00e7an rengarenk \u00e7i\u00e7ekler d\u00f6rt mevsimi bir arada bar\u0131nd\u0131r\u0131yor.<\/p>\n<p>Kendilerine rehberlik eden y\u00f6re halk\u0131ndan Murat Aydemir ile birlikte yakla\u015f\u0131k 10 saat y\u00fcr\u00fcyerek Munzur\u2019un zirvesine \u00e7\u0131kan vatanda\u015flar, po\u015fetle kar \u00fczerinde kayarak Haziran\u2019da k\u0131\u015f\u0131 ya\u015fad\u0131lar.<\/p>\n<p>Yaz aylar\u0131nda memleketine gelerek Erzincan\u2019\u0131n \u00c7a\u011flayan beldesinde ya\u015fayan emekli \u00f6\u011fretmen Ali Aydemir, Munzur\u2019da yaz\u0131n ortas\u0131nda k\u0131\u015f\u0131 ya\u015fad\u0131klar\u0131n\u0131 ifade ederek adrenali sevenler i\u00e7in bulunmaz bir yer oldu\u011funu ifade etti.<\/p>\n<p>Ali Aydemir, \u201cErzincan Tunceli aras\u0131ndaki Munzur Da\u011flar\u0131n\u0131n 3 bin rak\u0131ml\u0131 zirvelerinde muhte\u015fem g\u00fczellikte sakl\u0131 g\u00f6ller var. Munzur Da\u011flar\u0131ndaki en b\u00fcy\u00fck buzul g\u00f6l ye\u015fil g\u00f6ld\u00fcr. Hala \u00fczerinde y\u00fczde 25- 30 buzla kapl\u0131d\u0131r. Yaban hayat\u0131n\u0131n kendini en g\u00fcvende hissetti\u011fi yerlerdendir. Ay\u0131s\u0131ndan \u015famuas\u0131na, \u00e7engel boynuzlu da\u011f ke\u00e7isine hepsini ayn\u0131 alan i\u00e7inde 1 km mesafeyle burada g\u00f6rmek m\u00fcmk\u00fcn. Bunun yan\u0131nda ufak g\u00f6llerde yer almakta ve a\u00e7an \u00e7i\u00e7ekler g\u00f6llere ayr\u0131 bir g\u00fczellik katmakta. Gidi\u015f d\u00f6n\u00fc\u015f y\u00fcr\u00fcme 10 saat mesafede olan g\u00f6ller bunlar. Yaz\u0131n ortas\u0131nda k\u0131\u015f\u0131 ya\u015f\u0131yor insan. Adrenali sevenler i\u00e7in bulunmaz bir do\u011fa, kamp kurmak i\u00e7in muhte\u015fem alanlar. Yaln\u0131z \u00e7ok uzak oldu\u011fundan fazla y\u00fckle \u00e7\u0131kmak bazen yorucu oluyor ama insan o do\u011fay\u0131 g\u00f6r\u00fcnce t\u00fcm yorgunluklar\u0131 unutuyor.\u201d diye konu\u015ftu.<\/p>\n","protected":false},"excerpt":{"rendered":"<p>DO\u011eA Y\u00dcR\u00dcY\u00dc\u015e\u00dc (TREKK\u0130NG) YAPARAK ERZ\u0130NCAN \u0130LE TUNCEL\u0130 ARASINDA BULUNAN 3 B\u0130N RAKIMLI MUNZUR DA\u011eLARINA \u00c7IKAN VATANDA\u015eLAR, MUHTE\u015eEM MANZARADA BUZUL G\u00d6L\u00dcN\u00dcN \u00dcZER\u0130NDEK\u0130 TEPEDEN PO\u015eETLE KAYIP HAZ\u0130RAN AYININ SONUNA DO\u011eRU KI\u015eI YA\u015eADILAR. 3 B\u0130N RAKIMLI MUNZUR DA\u011eLARININ Z\u0130RVES\u0130 DO\u011eAL G\u00dcZELL\u0130\u011e\u0130YLE G\u00d6RENLER\u0130 ADETA B\u00dcY\u00dcL\u00dcYOR<\/p>\n","protected":false},"author":1,"featured_media":0,"comment_status":"closed","ping_status":"open","sticky":false,"template":"","format":"standard","meta":{"jetpack_post_was_ever_published":false,"_jetpack_newsletter_access":"","_jetpack_dont_email_post_to_subs":false,"_jetpack_newsletter_tier_id":0,"_jetpack_memberships_contains_paywalled_content":false,"_jetpack_memberships_contains_paid_content":false,"footnotes":"","jetpack_publicize_message":"","jetpack_publicize_feature_enabled":true,"jetpack_social_post_already_shared":true,"jetpack_social_options":{"image_generator_settings":{"template":"highway","default_image_id":0,"font":"","enabled":false},"version":2}},"categories":[1],"tags":[22090,1012,19853],"class_list":["post-172204","post","type-post","status-publish","format-standard","hentry","category-genel","tag-haziranda","tag-kisi","tag-yasadilar"],"jetpack_publicize_connections":[],"jetpack_featured_media_url":"","jetpack_sharing_enabled":true,"jetpack_shortlink":"https:\/\/wp.me\/paKIfm-INu","_links":{"self":[{"href":"http:\/\/www.tvturk.com\/index.php\/wp-json\/wp\/v2\/posts\/172204","targetHints":{"allow":["GET"]}}],"collection":[{"href":"http:\/\/www.tvturk.com\/index.php\/wp-json\/wp\/v2\/posts"}],"about":[{"href":"http:\/\/www.tvturk.com\/index.php\/wp-json\/wp\/v2\/types\/post"}],"author":[{"embeddable":true,"href":"http:\/\/www.tvturk.com\/index.php\/wp-json\/wp\/v2\/users\/1"}],"replies":[{"embeddable":true,"href":"http:\/\/www.tvturk.com\/index.php\/wp-json\/wp\/v2\/comments?post=172204"}],"version-history":[{"count":0,"href":"http:\/\/www.tvturk.com\/index.php\/wp-json\/wp\/v2\/posts\/172204\/revisions"}],"wp:attachment":[{"href":"http:\/\/www.tvturk.com\/index.php\/wp-json\/wp\/v2\/media?parent=172204"}],"wp:term":[{"taxonomy":"category","embeddable":true,"href":"http:\/\/www.tvturk.com\/index.php\/wp-json\/wp\/v2\/categories?post=172204"},{"taxonomy":"post_tag","embeddable":true,"href":"http:\/\/www.tvturk.com\/index.php\/wp-json\/wp\/v2\/tags?post=172204"}],"curies":[{"name":"wp","href":"https:\/\/api.w.org\/{rel}","templated":true}]}}