{"id":172222,"date":"2019-06-21T12:01:56","date_gmt":"2019-06-21T09:01:56","guid":{"rendered":"http:\/\/www.tvturk.com\/index.php\/zonguldakta-sel-etkili-oldu\/"},"modified":"2019-06-21T12:01:56","modified_gmt":"2019-06-21T09:01:56","slug":"zonguldakta-sel-etkili-oldu","status":"publish","type":"post","link":"http:\/\/www.tvturk.com\/index.php\/zonguldakta-sel-etkili-oldu\/","title":{"rendered":"Zonguldak\u2019ta sel etkili oldu"},"content":{"rendered":"<p>Zonguldak\u2019\u0131n Ere\u011fli il\u00e7esine ba\u011fl\u0131 Bak\u0131rl\u0131k ve K\u0131z\u0131lca k\u00f6ylerinde sel etkili oldu. A\u015f\u0131r\u0131 ya\u011f\u0131\u015flar nedeniyle baz\u0131 evlerin giri\u015flerini su bast\u0131. K\u00f6pr\u00fc ve yollarda hasar olu\u015ftu.<\/p>\n<p>Bak\u0131rl\u0131k k\u00f6y\u00fcnde Serpil Demirci ve ailesi iki katl\u0131 evinin \u00fcst kat\u0131na \u00e7\u0131karak sel sular\u0131ndan kurtuldu. B\u00f6lgeye jandarma, AFAD, itfaiye ekipleri sevk edildi.<\/p>\n<p>B\u00f6lgedeki \u00e7al\u0131\u015fmalar s\u00fcr\u00fcyor. Sel sular\u0131n\u0131n da \u00e7ekilmeye ba\u015flamas\u0131yla birlikte aile evinde kalmak istedi\u011fini belirtti.<\/p>\n","protected":false},"excerpt":{"rendered":"<p>ZONGULDAK&#8217;IN ERE\u011eL\u0130 \u0130L\u00c7ES\u0130NE BA\u011eLI BAKIRLIK VE KIZILCA K\u00d6YLER\u0130NDE SEL ETK\u0130L\u0130 OLDU. A\u015eIRI YA\u011eI\u015eLAR NEDEN\u0130YLE BAZI EVLER\u0130N G\u0130R\u0130\u015eLER\u0130N\u0130 SU BASTI. K\u00d6PR\u00dc VE YOLLARDA HASAR OLU\u015eTU.<\/p>\n","protected":false},"author":1,"featured_media":0,"comment_status":"closed","ping_status":"open","sticky":false,"template":"","format":"standard","meta":{"jetpack_post_was_ever_published":false,"_jetpack_newsletter_access":"","_jetpack_dont_email_post_to_subs":false,"_jetpack_newsletter_tier_id":0,"_jetpack_memberships_contains_paywalled_content":false,"_jetpack_memberships_contains_paid_content":false,"footnotes":"","jetpack_publicize_message":"","jetpack_publicize_feature_enabled":true,"jetpack_social_post_already_shared":true,"jetpack_social_options":{"image_generator_settings":{"template":"highway","default_image_id":0,"font":"","enabled":false},"version":2}},"categories":[1],"tags":[695,3102,77,4102],"class_list":["post-172222","post","type-post","status-publish","format-standard","hentry","category-genel","tag-sel","tag-etkili","tag-oldu","tag-zonguldakta"],"jetpack_publicize_connections":[],"jetpack_featured_media_url":"","jetpack_sharing_enabled":true,"jetpack_shortlink":"https:\/\/wp.me\/paKIfm-INM","_links":{"self":[{"href":"http:\/\/www.tvturk.com\/index.php\/wp-json\/wp\/v2\/posts\/172222","targetHints":{"allow":["GET"]}}],"collection":[{"href":"http:\/\/www.tvturk.com\/index.php\/wp-json\/wp\/v2\/posts"}],"about":[{"href":"http:\/\/www.tvturk.com\/index.php\/wp-json\/wp\/v2\/types\/post"}],"author":[{"embeddable":true,"href":"http:\/\/www.tvturk.com\/index.php\/wp-json\/wp\/v2\/users\/1"}],"replies":[{"embeddable":true,"href":"http:\/\/www.tvturk.com\/index.php\/wp-json\/wp\/v2\/comments?post=172222"}],"version-history":[{"count":0,"href":"http:\/\/www.tvturk.com\/index.php\/wp-json\/wp\/v2\/posts\/172222\/revisions"}],"wp:attachment":[{"href":"http:\/\/www.tvturk.com\/index.php\/wp-json\/wp\/v2\/media?parent=172222"}],"wp:term":[{"taxonomy":"category","embeddable":true,"href":"http:\/\/www.tvturk.com\/index.php\/wp-json\/wp\/v2\/categories?post=172222"},{"taxonomy":"post_tag","embeddable":true,"href":"http:\/\/www.tvturk.com\/index.php\/wp-json\/wp\/v2\/tags?post=172222"}],"curies":[{"name":"wp","href":"https:\/\/api.w.org\/{rel}","templated":true}]}}