{"id":172232,"date":"2019-06-21T12:16:38","date_gmt":"2019-06-21T09:16:38","guid":{"rendered":"http:\/\/www.tvturk.com\/index.php\/best-of-kultur-2019-odulleri-sahiplerini-buldu\/"},"modified":"2019-06-21T12:16:38","modified_gmt":"2019-06-21T09:16:38","slug":"best-of-kultur-2019-odulleri-sahiplerini-buldu","status":"publish","type":"post","link":"http:\/\/www.tvturk.com\/index.php\/best-of-kultur-2019-odulleri-sahiplerini-buldu\/","title":{"rendered":"\u201cBest Of K\u00fclt\u00fcr 2019\u201d \u00f6d\u00fclleri sahiplerini buldu"},"content":{"rendered":"<p>\u0130stanbul K\u00fclt\u00fcr E\u011fitim Kurumlar\u0131\u2019n\u0131n \u201cBest Of K\u00fclt\u00fcr 2019\u201d \u00f6d\u00fclleri, d\u00fcn gece d\u00fczenlenen bir t\u00f6renle sahiplerini buldu. Ders y\u0131l\u0131 boyunca bilim, sanat, spor ve yabanc\u0131 dil gibi bran\u015flarda ba\u015far\u0131 g\u00f6steren \u00f6\u011frenciler \u00f6d\u00fcllerini birbirinden \u00fcnl\u00fc isimlerin elinden al\u0131rken, \u00fcnl\u00fclere de \u00f6d\u00fcl da\u011f\u0131t\u0131ld\u0131.<\/p>\n<p>K\u00fclt\u00fcr Koleji ve K\u00fclt\u00fcr2000 Koleji, ders y\u0131l\u0131 boyunca d\u0131\u015f platformlarda bilim, sanat, spor ve yabanc\u0131 dil gibi bran\u015flarda ba\u015far\u0131 g\u00f6steren \u00f6\u011frencilerinin ba\u015far\u0131lar\u0131n\u0131, bu y\u0131l \u00fc\u00e7\u00fcnc\u00fcs\u00fc d\u00fczenlenen \u201cBest of K\u00fclt\u00fcr 2019 \u00d6d\u00fcl T\u00f6reni\u201d ile kutlad\u0131. \u0130stanbul K\u00fclt\u00fcr \u00dcniversitesi ev sahipli\u011finde ger\u00e7ekle\u015fen t\u00f6rende, ya\u015flar\u0131 9 ile 18 aras\u0131nda de\u011fi\u015fen \u00f6\u011frencilere plaketleri verildi. \u00dcnl\u00fcler ge\u00e7idine d\u00f6n\u00fc\u015fen \u00f6d\u00fcl gecesinde yakla\u015f\u0131k 200 \u00f6\u011frenciye plaketlerini, Yal\u0131n, Oylum Talu, Nazl\u0131 \u00c7elik, Kolpa, Okay Semiz, Zeynep Bast\u0131k gibi T\u00fcrkiye\u2019nin tan\u0131nm\u0131\u015f isimlerinin elinden ald\u0131.<\/p>\n<p>K\u00fclt\u00fcr Koleji Anadolu Lisesi Okul M\u00fcd\u00fcr\u00fc \u00d6zg\u00fcr \u00d6zmeral ve Oyuncu Sema \u00d6zt\u00fcrk\u2019un sundu\u011fu \u00f6d\u00fcl t\u00f6renine \u00fcnl\u00fclerin yan\u0131 s\u0131ra \u00f6d\u00fcl alan \u00f6\u011frenciler ve veliler de kat\u0131l\u0131m g\u00f6sterdi. Sahnede plaketlerini alan \u00f6\u011frencilerin velileri duygusal anlar ya\u015fad\u0131.<\/p>\n<p>\u0130stanbul K\u00fclt\u00fcr E\u011fitim Kurumlar\u0131 Okullar Koordinat\u00f6r\u00fc Biriz Kuto\u011flu, Best of K\u00fclt\u00fcr ile yola \u00e7\u0131kma ama\u00e7lar\u0131n\u0131 \u015fu ifadeler ile a\u00e7\u0131klad\u0131:<\/p>\n<p>Pek \u00e7ok \u00f6\u011frencimiz anaokulundan liseye kadar okul d\u0131\u015f\u0131nda, bilimden, sanata ve spora kadar bir\u00e7ok alanda ba\u015far\u0131 elde ediyorlar. Bu ba\u015far\u0131lar\u0131 s\u0131ras\u0131nda arkada\u015flar\u0131 ve ya aileleri onlarla birlikte olam\u0131yor. Ya da bunu bir b\u00fct\u00fcn olarak g\u00f6rme \u015fans\u0131 da olamayabiliyor. Bu sebeple her y\u0131l karneden bir g\u00fcn \u00f6nce b\u00f6yle bir organizasyon yap\u0131yoruz. Yani \u00f6\u011frencilerimizi okul d\u0131\u015f\u0131ndaki ba\u015far\u0131lar\u0131ndan dolay\u0131 \u00f6d\u00fcllendiriyoruz. Bu \u00f6d\u00fclleri de arzu ediyoruz ki toplumda rol model olmu\u015f ki\u015filerin elinden als\u0131nlar. \u00d6\u011frencilerimiz rol model isimleri belirliyorlar ve bu etkinlikte hem bu insanlar \u00f6d\u00fcllendiriliyor hem de \u00f6\u011frencilerimize \u00f6d\u00fcl veriliyor. K\u00fclt\u00fcr Koleji olarak 60. Y\u0131l\u0131m\u0131za bas\u0131yoruz. 60 y\u0131ld\u0131r bilimde, sanatta, sporda ve bir\u00e7ok alanda her zaman nitelik diyoruz. Kaliteden \u00f6d\u00fcn vermiyoruz. Bu gece 200\u2019un \u00fczerinde \u00f6\u011frencimiz okul d\u0131\u015f\u0131ndaki platformlarda kazand\u0131klar\u0131 ba\u015far\u0131lar\u0131 ta\u00e7land\u0131racaklar.\u201d<\/p>\n<p>Y\u0131l\u0131n en iyi erkek sanat\u00e7\u0131s\u0131 se\u00e7ilen Yal\u0131n, ald\u0131\u011f\u0131 \u00f6d\u00fclden dolay\u0131 \u00e7ok mutlu oldu\u011funu dile getirerek, \u201cHepinize te\u015fekk\u00fcr ederim, sizlerden \u00f6d\u00fcl almak \u00e7ok k\u0131ymetli benim i\u00e7in. \u015eark\u0131 yapmak ve s\u00f6ylemek asl\u0131nda hayat\u0131 payla\u015fmakt\u0131r. Bu y\u00fczden benimle birlikte on be\u015f senedir hayat\u0131 payla\u015ft\u0131\u011f\u0131n\u0131z i\u00e7in te\u015fekk\u00fcr ederim\u201d dedi.<\/p>\n<p>\u0130lk \u00d6d\u00fcl\u00fc<\/p>\n<p>Y\u0131l\u0131n \u00c7\u0131k\u0131\u015f Yapan Kad\u0131n Sanat\u00e7\u0131s\u0131 \u00d6d\u00fcl\u00fcn\u00fc alan Zeynep Bast\u0131k de ald\u0131\u011f\u0131 \u00f6d\u00fcl\u00fcn ilk oldu\u011funu ve bu y\u00fczden \u00e7ok anlaml\u0131 oldu\u011funu s\u00f6yleyerek te\u015fekk\u00fcr konu\u015fmas\u0131ndan sonra \u00f6\u011frencilerle birlikte \u015fark\u0131 s\u00f6yledi.<\/p>\n<p>Gece boyunca ba\u015far\u0131l\u0131 \u00f6\u011frencilere \u00f6d\u00fcl da\u011f\u0131tan ve ayn\u0131 zamanda yakla\u015f\u0131k 2500 \u00f6\u011frencinin anket yoluyla se\u00e7ti\u011fi \u00fcnl\u00fclerin ise tam listesi \u015fu \u015fekilde;<\/p>\n<p>*Yal\u0131n &#8211; En \u0130yi Erkek \u015eark\u0131c\u0131<\/p>\n<p>*\u015eahika Erc\u00fcmen\t &#8211; Y\u0131l\u0131n Kad\u0131n Sporcusu<\/p>\n<p>*\u00dcmit Erdim &#8211; Y\u0131l\u0131n Gen\u00e7 Dizi Ve Tiyatro Oyuncusu<\/p>\n<p>*Oylum Talu &#8211; Y\u0131l\u0131n Kad\u0131n Sunucusu<\/p>\n<p>*Nazl\u0131 \u00c7elik &#8211; Y\u0131l\u0131n Kad\u0131n Haber Spikeri<\/p>\n<p>*Elvin Hekimo\u011flu\t-Y\u0131l\u0131n Bilim \u0130nsan\u0131 \u00d6d\u00fcl\u00fc<\/p>\n<p>*Aykut K\u00fc\u00e7\u00fckkaya &#8211; Y\u0131l\u0131n Genel Yay\u0131n Y\u00f6netmeni<\/p>\n<p>*Emrah Kaya &#8211; Y\u0131l\u0131n \u0130novatif Giri\u015fimcisi<\/p>\n<p>*Saffet Emre Tongu\u00e7 &#8211;\t\u0130stanbul\u2019a De\u011fer Katan Yazar \u00d6d\u00fcl\u00fc<\/p>\n<p>*Suna Aky\u0131ld\u0131z &#8211; Y\u0131l\u0131n Sosyal Projesi<\/p>\n<p>*Kolpa &#8211; Y\u0131l\u0131n M\u00fczik Grubu<\/p>\n<p>*Sema \u00d6zt\u00fcrk- Te\u015fekk\u00fcr \/ Sunucu<\/p>\n<p>*R\u0131dvan B\u0131y\u0131k -Y\u0131l\u0131n Ana Haber Program\u0131<\/p>\n<p>*Okay Semiz &#8211; Y\u0131l\u0131n M\u00fczisyeni<\/p>\n<p>*Zeynep Bast\u0131k &#8211;\tY\u0131l\u0131n \u00c7\u0131k\u0131\u015f Yapan Kad\u0131n Sanat\u00e7\u0131s\u0131<\/p>\n<p>*Mert F\u0131rat\t&#8211; Y\u0131l\u0131n Rol Model Erkek Sanat\u00e7\u0131s\u0131<\/p>\n<p>*Y\u0131lmaz \u00d6zdil &#8211; Y\u0131l\u0131n K\u00f6\u015fe Yazar\u0131<\/p>\n<p>*Fatih Portakal &#8211;\tY\u0131l\u0131n Erkek Haber Spikeri<\/p>\n<p>*Erdal Kara\u00f6z &#8211; Y\u0131l\u0131n Bilim \u0130nsan\u0131 \u00d6d\u00fcl\u00fc<\/p>\n<p>*Lale Dan\u0131\u015fman &#8211; Y\u0131l\u0131n En Duyarl\u0131 Gazetecisi<\/p>\n<p>*Bora Bayraktar &#8211; Y\u0131l\u0131n Genel Yay\u0131n Y\u00f6netmeni<\/p>\n","protected":false},"excerpt":{"rendered":"<p>\u0130STANBUL K\u00dcLT\u00dcR E\u011e\u0130T\u0130M KURUMLARI\u2019NIN \u201cBEST OF K\u00dcLT\u00dcR 2019\u201d \u00d6D\u00dcLLER\u0130, D\u00dcN GECE D\u00dcZENLENEN B\u0130R T\u00d6RENLE SAH\u0130PLER\u0130N\u0130 BULDU. DERS YILI BOYUNCA B\u0130L\u0130M, SANAT, SPOR VE YABANCI D\u0130L G\u0130B\u0130 BRAN\u015eLARDA BA\u015eARI G\u00d6STEREN \u00d6\u011eRENC\u0130LER \u00d6D\u00dcLLER\u0130N\u0130 B\u0130RB\u0130R\u0130NDEN \u00dcNL\u00dc \u0130S\u0130MLER\u0130N EL\u0130NDEN ALIRKEN, \u00dcNL\u00dcLERE DE \u00d6D\u00dcL DA\u011eITILDI.<\/p>\n","protected":false},"author":1,"featured_media":0,"comment_status":"closed","ping_status":"open","sticky":false,"template":"","format":"standard","meta":{"jetpack_post_was_ever_published":false,"_jetpack_newsletter_access":"","_jetpack_dont_email_post_to_subs":false,"_jetpack_newsletter_tier_id":0,"_jetpack_memberships_contains_paywalled_content":false,"_jetpack_memberships_contains_paid_content":false,"footnotes":"","jetpack_publicize_message":"","jetpack_publicize_feature_enabled":true,"jetpack_social_post_already_shared":true,"jetpack_social_options":{"image_generator_settings":{"template":"highway","default_image_id":0,"font":"","enabled":false},"version":2}},"categories":[1],"tags":[29341,2705,5392,630,4031,5880],"class_list":["post-172232","post","type-post","status-publish","format-standard","hentry","category-genel","tag-best","tag-2705","tag-buldu","tag-kultur","tag-odulleri","tag-sahiplerini"],"jetpack_publicize_connections":[],"jetpack_featured_media_url":"","jetpack_sharing_enabled":true,"jetpack_shortlink":"https:\/\/wp.me\/paKIfm-INW","_links":{"self":[{"href":"http:\/\/www.tvturk.com\/index.php\/wp-json\/wp\/v2\/posts\/172232","targetHints":{"allow":["GET"]}}],"collection":[{"href":"http:\/\/www.tvturk.com\/index.php\/wp-json\/wp\/v2\/posts"}],"about":[{"href":"http:\/\/www.tvturk.com\/index.php\/wp-json\/wp\/v2\/types\/post"}],"author":[{"embeddable":true,"href":"http:\/\/www.tvturk.com\/index.php\/wp-json\/wp\/v2\/users\/1"}],"replies":[{"embeddable":true,"href":"http:\/\/www.tvturk.com\/index.php\/wp-json\/wp\/v2\/comments?post=172232"}],"version-history":[{"count":0,"href":"http:\/\/www.tvturk.com\/index.php\/wp-json\/wp\/v2\/posts\/172232\/revisions"}],"wp:attachment":[{"href":"http:\/\/www.tvturk.com\/index.php\/wp-json\/wp\/v2\/media?parent=172232"}],"wp:term":[{"taxonomy":"category","embeddable":true,"href":"http:\/\/www.tvturk.com\/index.php\/wp-json\/wp\/v2\/categories?post=172232"},{"taxonomy":"post_tag","embeddable":true,"href":"http:\/\/www.tvturk.com\/index.php\/wp-json\/wp\/v2\/tags?post=172232"}],"curies":[{"name":"wp","href":"https:\/\/api.w.org\/{rel}","templated":true}]}}