{"id":172236,"date":"2019-06-21T12:17:25","date_gmt":"2019-06-21T09:17:25","guid":{"rendered":"http:\/\/www.tvturk.com\/index.php\/turk-ve-suriyeli-ressamlarin-ortak-sergisine-buyuk-ilgi\/"},"modified":"2019-06-21T12:17:25","modified_gmt":"2019-06-21T09:17:25","slug":"turk-ve-suriyeli-ressamlarin-ortak-sergisine-buyuk-ilgi","status":"publish","type":"post","link":"http:\/\/www.tvturk.com\/index.php\/turk-ve-suriyeli-ressamlarin-ortak-sergisine-buyuk-ilgi\/","title":{"rendered":"T\u00fcrk ve Suriyeli ressamlar\u0131n ortak sergisine b\u00fcy\u00fck ilgi"},"content":{"rendered":"<p>\u201c\u0130ki K\u00fclt\u00fcr D\u00f6rt Renk\u201d Karma Resim Sergisi; T\u00fcrk ve Suriyeli ressamlar\u0131 ayn\u0131 \u00e7at\u0131 alt\u0131nda bulu\u015fturdu.<\/p>\n<p>\u0130stanbul Ayvansaray \u00dcniversitesi Plato Sanat\u2019da yap\u0131lan serginin a\u00e7\u0131l\u0131\u015f davetine pek \u00e7ok \u00fcnl\u00fc isim de kat\u0131ld\u0131. \u0130nci Aksoy, O\u011fuz Sat\u0131c\u0131, Mukaddes Akca, Yasemen \u00c7avu\u015fo\u011flu ve milli rallici Burcu \u00c7etinkaya da o\u011flu Mehmet Celal Bucak ile davete kat\u0131lan isimler aras\u0131ndayd\u0131. \u00c7etinkaya, \u2018Suriye denince sava\u015f, ac\u0131 ve siyaset akla geliyor. Oysaki Suriyeli \u00e7ok de\u011ferli i\u015f adamlar\u0131 ve sanat\u00e7\u0131lar var. Sergi, bunu g\u00f6stermesi a\u00e7\u0131s\u0131ndan b\u00fcy\u00fck \u00f6nem ta\u015f\u0131yor. Sanat\u0131n evrensel dilini ve t\u00fcm insani yan\u0131n\u0131 bug\u00fcn burada g\u00f6rd\u00fck. Sanat mutlulu\u011fu payla\u015fmakt\u0131r\u2019 dedi.<\/p>\n<p>Damsco Group\u2019un ev sahipli\u011finde d\u00fczenlenen 20 &#8211; 22 Haziran tarihleri aras\u0131nda gezilebilecek sergide yer alan eserler, davetliler taraf\u0131ndan b\u00fcy\u00fck be\u011feni toplad\u0131. Sergide yer alan 20 eserden eserden  7\u2019si a\u00e7\u0131l\u0131\u015f davetinde  al\u0131c\u0131 buldu. Suriyeli sanat\u00e7\u0131lar Abdullatif Aljeemo, Khayyam Zedan ile T\u00fcrk sanat\u00e7\u0131lar Kadir Ablak ve Huri Kiri\u015f\u2019in eserlerinin yer ald\u0131\u011f\u0131  karma serginin sonunda elde edilecek gelirin bir b\u00f6l\u00fcm\u00fc T\u00fcrkiye Meme Vakf\u0131\u2019na ba\u011f\u0131\u015flanacak.<\/p>\n<p>Serginin k\u00fcrat\u00f6rl\u00fc\u011f\u00fcn\u00fc \u00fcstlenen Mehmet L\u00fctfi \u015een, \u201c\u0130ki K\u00fclt\u00fcr D\u00f6rt Renk sergisi bir uluslararas\u0131 sanat bulu\u015fmas\u0131 olarak \u00e7ok de\u011ferlidir. \u0130ki farkl\u0131 \u00fclkeden d\u00f6rt farkl\u0131 sanat\u00e7\u0131n\u0131n eserlerinin yer ald\u0131\u011f\u0131 sergi, ge\u00e7mi\u015fe ve bug\u00fcne dair imgelerin sanat\u00e7\u0131lar eliyle hem poetik hem de politik bir izlekten bak\u0131lmas\u0131na, bununla birlikte mek\u00e2n, \u015fehir, haf\u0131za, do\u011fa ve h\u0131z gibi bireyi \u00e7evreleyen unsurlar\u0131n farkl\u0131 yorumlamalarla izlenmesine imk\u00e2n haz\u0131rl\u0131yor\u2019 dedi<\/p>\n<p>Soyut eserleri ile bilinen Suriyeli ressam  Khayyam Zedan, bulundu\u011fu co\u011frafyadaki zorlu ya\u015fam ko\u015fullar\u0131, kaos ve ac\u0131y\u0131 resmederken, \u2018gelece\u011fe dair umut \u0131\u015f\u0131\u011f\u0131n\u0131 da tuvallere yans\u0131tt\u0131\u011f\u0131n\u0131 vurgulad\u0131. Abdullatif Aljeemo ise eserlerinde d\u00fcnyan\u0131n neresinde olursa olsun her kim kayg\u0131, endi\u015fe ve ya\u015fama g\u00fc\u00e7l\u00fc\u011f\u00fc \u00e7ekerse, bu, t\u00fcm d\u00fcnyan\u0131n endi\u015fesi olmal\u0131d\u0131r\u2019 diyor. Duygular\u0131n ortak olmas\u0131na dikkat \u00e7eken sanat\u00e7\u0131, eserlerinde co\u011frafi s\u0131n\u0131rlar\u0131 ortadan kald\u0131rarak insana ve insani duygulara odaklan\u0131yor.<\/p>\n<p>Sosyal ger\u00e7ek\u00e7ili\u011fi \u00e7a\u011fda\u015f bir bak\u0131\u015f a\u00e7\u0131s\u0131 ile yorumlayan Kadir Ablak, kentlerin anatomisini tuvallere yans\u0131t\u0131rken, kalabal\u0131klar i\u00e7erisinde yaln\u0131zla\u015fan insana dikkat \u00e7ekiyor&#8230; \u0130nsan\u0131n ya\u015fam alan\u0131 \u00fczerinden insani duygular\u0131 vurgulayan sanat\u00e7\u0131, kent k\u00fclt\u00fcr\u00fcnde  bireyselle\u015fen hayatlar\u0131 ve yok olmaya ba\u015flayan insani duygulara f\u0131r\u00e7as\u0131yla hayat veriyor.<\/p>\n","protected":false},"excerpt":{"rendered":"<p>\u201c\u0130K\u0130 K\u00dcLT\u00dcR D\u00d6RT RENK\u201d KARMA RES\u0130M SERG\u0130S\u0130; T\u00dcRK VE SUR\u0130YEL\u0130 RESSAMLARI AYNI \u00c7ATI ALTINDA BULU\u015eTURDU.<\/p>\n","protected":false},"author":1,"featured_media":0,"comment_status":"closed","ping_status":"open","sticky":false,"template":"","format":"standard","meta":{"jetpack_post_was_ever_published":false,"_jetpack_newsletter_access":"","_jetpack_dont_email_post_to_subs":false,"_jetpack_newsletter_tier_id":0,"_jetpack_memberships_contains_paywalled_content":false,"_jetpack_memberships_contains_paid_content":false,"footnotes":"","jetpack_publicize_message":"","jetpack_publicize_feature_enabled":true,"jetpack_social_post_already_shared":true,"jetpack_social_options":{"image_generator_settings":{"template":"highway","default_image_id":0,"font":"","enabled":false},"version":2}},"categories":[656],"tags":[545,1726,947,29091,18765,1036,957],"class_list":["post-172236","post","type-post","status-publish","format-standard","hentry","category-kultur-sanat","tag-buyuk","tag-ilgi","tag-ortak","tag-ressamlarin","tag-sergisine","tag-suriyeli","tag-turk"],"jetpack_publicize_connections":[],"jetpack_featured_media_url":"","jetpack_sharing_enabled":true,"jetpack_shortlink":"https:\/\/wp.me\/paKIfm-IO0","_links":{"self":[{"href":"http:\/\/www.tvturk.com\/index.php\/wp-json\/wp\/v2\/posts\/172236","targetHints":{"allow":["GET"]}}],"collection":[{"href":"http:\/\/www.tvturk.com\/index.php\/wp-json\/wp\/v2\/posts"}],"about":[{"href":"http:\/\/www.tvturk.com\/index.php\/wp-json\/wp\/v2\/types\/post"}],"author":[{"embeddable":true,"href":"http:\/\/www.tvturk.com\/index.php\/wp-json\/wp\/v2\/users\/1"}],"replies":[{"embeddable":true,"href":"http:\/\/www.tvturk.com\/index.php\/wp-json\/wp\/v2\/comments?post=172236"}],"version-history":[{"count":0,"href":"http:\/\/www.tvturk.com\/index.php\/wp-json\/wp\/v2\/posts\/172236\/revisions"}],"wp:attachment":[{"href":"http:\/\/www.tvturk.com\/index.php\/wp-json\/wp\/v2\/media?parent=172236"}],"wp:term":[{"taxonomy":"category","embeddable":true,"href":"http:\/\/www.tvturk.com\/index.php\/wp-json\/wp\/v2\/categories?post=172236"},{"taxonomy":"post_tag","embeddable":true,"href":"http:\/\/www.tvturk.com\/index.php\/wp-json\/wp\/v2\/tags?post=172236"}],"curies":[{"name":"wp","href":"https:\/\/api.w.org\/{rel}","templated":true}]}}