{"id":172254,"date":"2019-06-21T12:46:35","date_gmt":"2019-06-21T09:46:35","guid":{"rendered":"http:\/\/www.tvturk.com\/index.php\/keles-myoda-mezuniyet-coskusu\/"},"modified":"2019-06-21T12:46:35","modified_gmt":"2019-06-21T09:46:35","slug":"keles-myoda-mezuniyet-coskusu","status":"publish","type":"post","link":"http:\/\/www.tvturk.com\/index.php\/keles-myoda-mezuniyet-coskusu\/","title":{"rendered":"Keles MYO\u2019da mezuniyet co\u015fkusu"},"content":{"rendered":"<p>Bursa Uluda\u011f \u00dcniversitesi (BU\u00dc) Keles Meslek Y\u00fcksekokulu\u2019ndan 2018-2019 d\u00f6neminde mezun olmaya hak kazanan \u00f6\u011frenciler t\u00f6renle belgelerini ald\u0131.<\/p>\n<p>BU\u00dc Prof. Dr. Mete Cengiz K\u00fclt\u00fcr Merkezi\u2019nde d\u00fczenlenen t\u00f6rene Rekt\u00f6r Yard\u0131mc\u0131s\u0131 Prof. Dr. \u0130rfan K\u0131r\u0131\u015ft\u0131o\u011flu, MYO M\u00fcd\u00fcr\u00fc Do\u00e7. Dr. \u0130lker Ar\u0131can, akademisyenler, \u00f6\u011frenciler ve veliler kat\u0131ld\u0131. T\u00f6rende konu\u015fan BU\u00dc Rekt\u00f6r Yard\u0131mc\u0131s\u0131 Prof. Dr. \u0130rfan K\u0131r\u0131\u015ft\u0131o\u011flu, Keles\u2019te e\u011fitim alan \u00f6\u011frencilerin hem kendilerine hem de b\u00f6lge halk\u0131na \u00f6nemli katk\u0131lar sa\u011flad\u0131klar\u0131na i\u015f\u00e2ret etti. \u00d6\u011frencilerin kaliteli bir e\u011fitim s\u00fcrecini geride b\u0131rakt\u0131klar\u0131n\u0131 aktaran K\u0131r\u0131\u015ft\u0131o\u011flu; \u201cCiddi bir emek sarf ettiniz ve mezun olmaya hak kazand\u0131n\u0131z. Bundan dolay\u0131 sizleri tebrik ediyorum. Kaliteli bir e\u011fitim verdikleri i\u00e7in akademisyenlerimizi kutluyorum. Son olarak da sizleri bug\u00fcne getiren ve her t\u00fcrl\u00fc zorlu\u011fa ra\u011fmen e\u011fitimlerinizde destek olan ailelerinizi g\u00f6n\u00fclden tebrik ediyorum. Yeni hayat\u0131n\u0131zda yolunuz ve baht\u0131n\u0131z a\u00e7\u0131k olsun\u201d diye konu\u015ftu.<\/p>\n<p>Keles MYO M\u00fcd\u00fcr\u00fc Do\u00e7. Dr. \u0130lker Ar\u0131can ise d\u00fczenlenen t\u00f6renle birlikte 12. d\u00f6nem mezunlar\u0131 verdiklerini a\u00e7\u0131klad\u0131. Bursa Uluda\u011f \u00dcniversitesi ailesine 27 y\u0131l \u00f6nce \u00f6\u011frenci olarak kat\u0131ld\u0131\u011f\u0131n\u0131 vurgulayan Okul M\u00fcd\u00fcr\u00fc Ar\u0131can, \u201cYak\u0131n bir tarihte do\u011fas\u0131 ve insanlar\u0131 \u00e7ok g\u00fczel olan Keles il\u00e7esinin meslek y\u00fcksekokuluna m\u00fcd\u00fcr olarak tayin oldum. Bana tan\u0131nan bu f\u0131rsat ile mezun oldu\u011fum okuluma farkl\u0131 bir katk\u0131 verme imk\u00e2n\u0131 yakalad\u0131m. Beni bu g\u00f6reve lay\u0131k g\u00f6ren Rekt\u00f6r\u00fcm\u00fcz Prof. Dr. Ahmet Saim K\u0131lavuz ve \u00fcniversite y\u00f6neticilerine te\u015fekk\u00fcr ediyorum. Bug\u00fcn mezun olan b\u00fct\u00fcn \u00f6\u011frencilerimize de g\u00f6n\u00fclden ba\u015far\u0131lar diliyorum\u201d dedi.<\/p>\n<p>Etkinlikte d\u00f6nem birincisi Gaye Erdemir\u2019e belgesi ve plaketi takdim edildi. T\u00f6ren, \u00f6\u011frencilerin an\u0131 belgelerini almalar\u0131 ve hep birlikte kep atmalar\u0131 ile son buldu.<\/p>\n","protected":false},"excerpt":{"rendered":"<p>BURSA ULUDA\u011e \u00dcN\u0130VERS\u0130TES\u0130 (BU\u00dc) KELES MESLEK Y\u00dcKSEKOKULU\u2019NDAN 2018-2019 D\u00d6NEM\u0130NDE MEZUN OLMAYA HAK KAZANAN \u00d6\u011eRENC\u0130LER T\u00d6RENLE BELGELER\u0130N\u0130 ALDI.<\/p>\n","protected":false},"author":1,"featured_media":0,"comment_status":"closed","ping_status":"open","sticky":false,"template":"","format":"standard","meta":{"jetpack_post_was_ever_published":false,"_jetpack_newsletter_access":"","_jetpack_dont_email_post_to_subs":false,"_jetpack_newsletter_tier_id":0,"_jetpack_memberships_contains_paywalled_content":false,"_jetpack_memberships_contains_paid_content":false,"footnotes":"","jetpack_publicize_message":"","jetpack_publicize_feature_enabled":true,"jetpack_social_post_already_shared":true,"jetpack_social_options":{"image_generator_settings":{"template":"highway","default_image_id":0,"font":"","enabled":false},"version":2}},"categories":[1],"tags":[6596,4820,820,17001],"class_list":["post-172254","post","type-post","status-publish","format-standard","hentry","category-genel","tag-coskusu","tag-keles","tag-mezuniyet","tag-myoda"],"jetpack_publicize_connections":[],"jetpack_featured_media_url":"","jetpack_sharing_enabled":true,"jetpack_shortlink":"https:\/\/wp.me\/paKIfm-IOi","_links":{"self":[{"href":"http:\/\/www.tvturk.com\/index.php\/wp-json\/wp\/v2\/posts\/172254","targetHints":{"allow":["GET"]}}],"collection":[{"href":"http:\/\/www.tvturk.com\/index.php\/wp-json\/wp\/v2\/posts"}],"about":[{"href":"http:\/\/www.tvturk.com\/index.php\/wp-json\/wp\/v2\/types\/post"}],"author":[{"embeddable":true,"href":"http:\/\/www.tvturk.com\/index.php\/wp-json\/wp\/v2\/users\/1"}],"replies":[{"embeddable":true,"href":"http:\/\/www.tvturk.com\/index.php\/wp-json\/wp\/v2\/comments?post=172254"}],"version-history":[{"count":0,"href":"http:\/\/www.tvturk.com\/index.php\/wp-json\/wp\/v2\/posts\/172254\/revisions"}],"wp:attachment":[{"href":"http:\/\/www.tvturk.com\/index.php\/wp-json\/wp\/v2\/media?parent=172254"}],"wp:term":[{"taxonomy":"category","embeddable":true,"href":"http:\/\/www.tvturk.com\/index.php\/wp-json\/wp\/v2\/categories?post=172254"},{"taxonomy":"post_tag","embeddable":true,"href":"http:\/\/www.tvturk.com\/index.php\/wp-json\/wp\/v2\/tags?post=172254"}],"curies":[{"name":"wp","href":"https:\/\/api.w.org\/{rel}","templated":true}]}}