{"id":172294,"date":"2019-06-21T13:46:38","date_gmt":"2019-06-21T10:46:38","guid":{"rendered":"http:\/\/www.tvturk.com\/index.php\/sicaktan-bunalan-diyarbakirlilar-park-cami-ve-kafelere-akin-etti\/"},"modified":"2019-06-21T13:46:38","modified_gmt":"2019-06-21T10:46:38","slug":"sicaktan-bunalan-diyarbakirlilar-park-cami-ve-kafelere-akin-etti","status":"publish","type":"post","link":"http:\/\/www.tvturk.com\/index.php\/sicaktan-bunalan-diyarbakirlilar-park-cami-ve-kafelere-akin-etti\/","title":{"rendered":"S\u0131caktan bunalan Diyarbak\u0131rl\u0131lar park, cami ve kafelere ak\u0131n etti"},"content":{"rendered":"<p>Diyarbak\u0131r\u2019da s\u0131caklar\u0131n 40 dereceye yakla\u015fmas\u0131 \u00fczerine vatanda\u015flar kendilerini park, kafe ve camilere att\u0131.<\/p>\n<p>Diyarbak\u0131r\u2019da hava s\u0131cakl\u0131\u011f\u0131 40 dereceye yakla\u015ft\u0131. Huzurun hakim oldu\u011fu tarihi Sur il\u00e7esinde s\u0131caktan bunalan vatanda\u015flar, kendilerini parklara att\u0131. Surlar\u0131n alt\u0131nda tehlikeye ald\u0131r\u0131\u015f etmeden g\u00f6lgelikte serinlemeye \u00e7al\u0131\u015fan vatanda\u015falar, ailece oturup \u00e7aylar\u0131n\u0131 yudumlayarak sohbet etti. Kafeleri de dolduran vatanda\u015flar, &#8220;Diyarbak\u0131r\u2019da hava 40 derecenin \u00fczerinde oldu\u011fu i\u00e7in ailece k\u00fclt\u00fcr evine gelerek hem m\u00fczik dinliyoruz hem de serinliyoruz&#8221; dediler.<\/p>\n<p>Namaz k\u0131lmak i\u00e7in tarihi Ulu Cami\u2019nin yolunu tutan baz\u0131 vatanda\u015flar ise, namazlar\u0131n\u0131 k\u0131ld\u0131ktan sonra cami i\u00e7erisinde ve \u00f6n\u00fcnde bir s\u00fcre sohbet etti. Baz\u0131 vatanda\u015flar\u0131n da cami i\u00e7erisinde uyudu\u011fu g\u00f6r\u00fcld\u00fc.<\/p>\n<p>Meteoroloji B\u00f6lge M\u00fcd\u00fcrl\u00fc\u011f\u00fcnden al\u0131nan bilgilere g\u00f6re hava s\u0131cakl\u0131\u011f\u0131n\u0131n hafta boyunca 35 ila 41 derece aras\u0131nda olaca\u011f\u0131 belirtildi.<\/p>\n","protected":false},"excerpt":{"rendered":"<p>D\u0130YARBAKIR\u2019DA SICAKLARIN 40 DERECEYE YAKLA\u015eMASI \u00dcZER\u0130NE VATANDA\u015eLAR KEND\u0130LER\u0130N\u0130 PARK, KAFE VE CAM\u0130LERE ATTI.<\/p>\n","protected":false},"author":1,"featured_media":0,"comment_status":"closed","ping_status":"open","sticky":false,"template":"","format":"standard","meta":{"jetpack_post_was_ever_published":false,"_jetpack_newsletter_access":"","_jetpack_dont_email_post_to_subs":false,"_jetpack_newsletter_tier_id":0,"_jetpack_memberships_contains_paywalled_content":false,"_jetpack_memberships_contains_paid_content":false,"footnotes":"","jetpack_publicize_message":"","jetpack_publicize_feature_enabled":true,"jetpack_social_post_already_shared":true,"jetpack_social_options":{"image_generator_settings":{"template":"highway","default_image_id":0,"font":"","enabled":false},"version":2}},"categories":[1],"tags":[328,37503,3655,41675,207,41676,673,37502],"class_list":["post-172294","post","type-post","status-publish","format-standard","hentry","category-genel","tag-akin","tag-bunalan","tag-cami","tag-diyarbakirlilar","tag-etti","tag-kafelere","tag-park","tag-sicaktan"],"jetpack_publicize_connections":[],"jetpack_featured_media_url":"","jetpack_sharing_enabled":true,"jetpack_shortlink":"https:\/\/wp.me\/paKIfm-IOW","_links":{"self":[{"href":"http:\/\/www.tvturk.com\/index.php\/wp-json\/wp\/v2\/posts\/172294","targetHints":{"allow":["GET"]}}],"collection":[{"href":"http:\/\/www.tvturk.com\/index.php\/wp-json\/wp\/v2\/posts"}],"about":[{"href":"http:\/\/www.tvturk.com\/index.php\/wp-json\/wp\/v2\/types\/post"}],"author":[{"embeddable":true,"href":"http:\/\/www.tvturk.com\/index.php\/wp-json\/wp\/v2\/users\/1"}],"replies":[{"embeddable":true,"href":"http:\/\/www.tvturk.com\/index.php\/wp-json\/wp\/v2\/comments?post=172294"}],"version-history":[{"count":0,"href":"http:\/\/www.tvturk.com\/index.php\/wp-json\/wp\/v2\/posts\/172294\/revisions"}],"wp:attachment":[{"href":"http:\/\/www.tvturk.com\/index.php\/wp-json\/wp\/v2\/media?parent=172294"}],"wp:term":[{"taxonomy":"category","embeddable":true,"href":"http:\/\/www.tvturk.com\/index.php\/wp-json\/wp\/v2\/categories?post=172294"},{"taxonomy":"post_tag","embeddable":true,"href":"http:\/\/www.tvturk.com\/index.php\/wp-json\/wp\/v2\/tags?post=172294"}],"curies":[{"name":"wp","href":"https:\/\/api.w.org\/{rel}","templated":true}]}}