{"id":172298,"date":"2019-06-21T14:01:47","date_gmt":"2019-06-21T11:01:47","guid":{"rendered":"http:\/\/www.tvturk.com\/index.php\/alev-alatlidan-genclere-cagri-basinizi-sudan-cikartin\/"},"modified":"2019-06-21T14:01:47","modified_gmt":"2019-06-21T11:01:47","slug":"alev-alatlidan-genclere-cagri-basinizi-sudan-cikartin","status":"publish","type":"post","link":"http:\/\/www.tvturk.com\/index.php\/alev-alatlidan-genclere-cagri-basinizi-sudan-cikartin\/","title":{"rendered":"Alev Alatl\u0131\u2019dan gen\u00e7lere \u00e7a\u011fr\u0131: \u201cBa\u015f\u0131n\u0131z\u0131 sudan \u00e7\u0131kart\u0131n\u201d"},"content":{"rendered":"<p>Kapadokya \u00dcniversitesi M\u00fctevelli Heyet Ba\u015fkan\u0131 Alev Alatl\u0131, gen\u00e7lere &#8220;Ba\u015fkas\u0131n\u0131n ne yapt\u0131\u011f\u0131n\u0131 g\u00f6rmedi\u011finiz zaman kendi yapt\u0131\u011f\u0131n\u0131z yanl\u0131\u015f\u0131 her zaman tekrarl\u0131yorsunuz&#8221; diyerek ba\u015flar\u0131n\u0131 sudan \u00e7\u0131kart\u0131p d\u00fcnyay\u0131 g\u00f6rmeleri tavsiyesinde bulundu.<\/p>\n<p>Kapadokya \u00dcniversitesi 2018-2019 e\u011fitim \u00f6\u011fretim y\u0131l\u0131 mezuniyet t\u00f6reni Nev\u015fehir Belediye Kapadokya K\u00fclt\u00fcr ve Sanat Merkezi\u2019nde d\u00fczenlendi. Mezuniyet t\u00f6renine kat\u0131lan M\u00fctevelli Heyet Ba\u015fkan\u0131 Alev Alatl\u0131, yapt\u0131\u011f\u0131 konu\u015fmada gen\u00e7lere ba\u015flar\u0131n\u0131 sudan \u00e7\u0131kartmalar\u0131 gerekti\u011fini s\u00f6yledi. Alatl\u0131, \u201cHayat\u0131n\u0131z kendi ki\u015fili\u011finiz ile aileniz ve \u00e7evrenizle k\u0131s\u0131tl\u0131 kalmamal\u0131d\u0131r. Ba\u015f\u0131n\u0131z\u0131 sudan \u00e7\u0131kart\u0131n d\u00fcnyay\u0131 g\u00f6r\u00fcn. T\u00fcrkiye\u2019nin en b\u00fcy\u00fck problemi her zaman kendinden ba\u015fkas\u0131n\u0131 g\u00f6rmemek olmu\u015ftur. Ba\u015fkas\u0131n\u0131n ne yapt\u0131\u011f\u0131n\u0131 g\u00f6rmedi\u011finiz zaman kendi yapt\u0131\u011f\u0131n\u0131z yanl\u0131\u015f\u0131 her zaman tekrarl\u0131yorsunuz. Ba\u015f\u0131n\u0131z\u0131 kald\u0131r\u0131n. Bu okuldaki y\u00f6ntem de\u011fi\u015fikli\u011finin en b\u00fcy\u00fck sebebi budur. Ben duyuyorum be\u015feri co\u011frafyay\u0131 ne yapaca\u011f\u0131m diyor bir a\u015f\u00e7\u0131 k\u0131z\u0131m\u0131z. Be\u015feri co\u011frafya size laz\u0131m. \u00c7\u00fcnk\u00fc T\u00fcrkiye esas itibar\u0131yla T\u00fcrk gen\u00e7li\u011fi de buna dahil burnunun ucunu g\u00f6remiyor. \u015eimdi size \u015fu halinizle bile G\u00fcrcistan nerede desem tak diye ka\u00e7 ki\u015fi bana \u015furada der. Bak\u0131n kendi kom\u015fular\u0131m\u0131z\u0131 dahi do\u011fru d\u00fcr\u00fcst bilmedi\u011fimiz bir d\u00f6nem. Zannetmeyin ki bu sizi ilgilendirmez, bu sizi ilgilendirecektir\u201d dedi.<\/p>\n<p>\u201cT\u00fcrkiye\u2019nin kendine ait bir markas\u0131 olmal\u0131\u201d<\/p>\n<p>Alatl\u0131, T\u00fcrkiye\u2019nin kendine ait bir markas\u0131 olmas\u0131 gerekti\u011fine inand\u0131\u011f\u0131n\u0131 kaydederek, &#8220;T\u00fcrkler d\u00fczg\u00fcn insanlard\u0131r&#8221; dedi. Alatl\u0131, \u201cT\u00fcrkiye\u2019nin kendine ait bir markas\u0131 olmal\u0131d\u0131r. T\u00fcrkiye kendi marka olmal\u0131d\u0131r. Ve bana sorarsan\u0131z bu marka T\u00fcrkiye\u2019nin markas\u0131 d\u00fcnyaya iyi gelen marka olabilir. D\u00fcnyan\u0131n iyili\u011fi i\u00e7in T\u00fcrkiye diyebilirsiniz. \u00c7\u00fcnk\u00fc bizler d\u00fczg\u00fcn insanlar\u0131z. Biz Avrupal\u0131 falan de\u011filiz, olmam\u0131z da gerekmiyor. Tersine Avrupa ve Bat\u0131 k\u00fclt\u00fcr\u00fcn\u00fcn d\u00fcnyay\u0131 getirdi\u011fi yer belli. Bak\u0131n d\u00fcnyaya, gezegenden ettiler bizi. Ars\u0131zl\u0131ktan, tamahs\u0131zl\u0131ktan ve benzeri durumlardan. E\u011fer Do\u011fu k\u00fclt\u00fcrleri ba\u015fta olsayd\u0131 bu gezegen bu kadar \u00e7abuk y\u0131pranmazd\u0131. Gezegeni y\u0131pratt\u0131k. Bunun ba\u015fka bir \u015feyi yok\u201d diye konu\u015ftu.<\/p>\n<p>\u201cVarl\u0131\u011f\u0131m T\u00fcrk varl\u0131\u011f\u0131na arma\u011fan olsun\u201d<\/p>\n<p>Alev Alatl\u0131, T\u00fcrkiye Cumhuriyeti\u2019nin bug\u00fcnlere t\u0131rnaklar\u0131n\u0131 kaz\u0131yarak geldi\u011fini ifade ederek, &#8220;Kim ne derse desin ben T\u00fcrk\u2019\u00fcm, varl\u0131\u011f\u0131m T\u00fcrk varl\u0131\u011f\u0131na arma\u011fan olsun&#8221; dedi. Alatl\u0131, \u201cBiz bug\u00fcne kadar T\u00fcrkiye Cumhuriyeti\u2019ni nas\u0131l devrald\u0131\u011f\u0131m\u0131z\u0131 hat\u0131rlay\u0131n, dedelerinize sorun. Petrol\u00fc olmayan, alt\u0131n\u0131, g\u00fcm\u00fc\u015f\u00fc, elmas\u0131 olmayan bir \u00fclkeyiz. Ne yapt\u0131ysak t\u0131rnaklar\u0131m\u0131zla yapt\u0131k. B\u00fct\u00fcn T\u00fcrkiye\u2019yi bir yere getirdik, geldi\u011fimiz yer \u00e7ok de\u011ferli. Aman ha kim ne derse desin, T\u00fcrk\u2019\u00fcm, do\u011fruyum, \u00e7al\u0131\u015fkan\u0131m, b\u00fcy\u00fcklerimi korumak, k\u00fc\u00e7\u00fcklerimi sevmek, yurdumu, ulusumu \u00f6z\u00fcmden \u00e7ok sevmektir. Kendi ad\u0131ma varl\u0131\u011f\u0131m T\u00fcrk varl\u0131\u011f\u0131na arma\u011fan olsun\u201d diye konu\u015ftu.<\/p>\n<p>Kapadokya \u00dcniversitesi M\u00fctevelli Heyet Ba\u015fkan\u0131 Alev Alatl\u0131\u2019n\u0131n konu\u015fmas\u0131n\u0131n sonunda \u2019And\u0131m\u0131z\u2019\u0131 okumas\u0131 ise t\u00f6rene kat\u0131lanlar taraf\u0131ndan uzun s\u00fcre ayakta alk\u0131\u015fland\u0131.<\/p>\n","protected":false},"excerpt":{"rendered":"<p>KAPADOKYA \u00dcN\u0130VERS\u0130TES\u0130 M\u00dcTEVELL\u0130 HEYET BA\u015eKANI ALEV ALATLI T\u00dcRK\u0130YE\u2019N\u0130N KEND\u0130NE A\u0130T B\u0130R MARKASI OLMASI GEREKT\u0130\u011e\u0130NE \u0130NANDI\u011eINI KAYDEDERKEN T\u00dcRKLER D\u00dcZG\u00dcN \u0130NSANLARDIR DED\u0130.<\/p>\n","protected":false},"author":1,"featured_media":0,"comment_status":"closed","ping_status":"open","sticky":false,"template":"","format":"standard","meta":{"jetpack_post_was_ever_published":false,"_jetpack_newsletter_access":"","_jetpack_dont_email_post_to_subs":false,"_jetpack_newsletter_tier_id":0,"_jetpack_memberships_contains_paywalled_content":false,"_jetpack_memberships_contains_paid_content":false,"footnotes":"","jetpack_publicize_message":"","jetpack_publicize_feature_enabled":true,"jetpack_social_post_already_shared":true,"jetpack_social_options":{"image_generator_settings":{"template":"highway","default_image_id":0,"font":"","enabled":false},"version":2}},"categories":[1],"tags":[41678,41677,3301,1054,41679,4624,11919],"class_list":["post-172298","post","type-post","status-publish","format-standard","hentry","category-genel","tag-basinizi","tag-alatlidan","tag-alev","tag-cagri","tag-cikartin","tag-genclere","tag-sudan"],"jetpack_publicize_connections":[],"jetpack_featured_media_url":"","jetpack_sharing_enabled":true,"jetpack_shortlink":"https:\/\/wp.me\/paKIfm-IP0","_links":{"self":[{"href":"http:\/\/www.tvturk.com\/index.php\/wp-json\/wp\/v2\/posts\/172298","targetHints":{"allow":["GET"]}}],"collection":[{"href":"http:\/\/www.tvturk.com\/index.php\/wp-json\/wp\/v2\/posts"}],"about":[{"href":"http:\/\/www.tvturk.com\/index.php\/wp-json\/wp\/v2\/types\/post"}],"author":[{"embeddable":true,"href":"http:\/\/www.tvturk.com\/index.php\/wp-json\/wp\/v2\/users\/1"}],"replies":[{"embeddable":true,"href":"http:\/\/www.tvturk.com\/index.php\/wp-json\/wp\/v2\/comments?post=172298"}],"version-history":[{"count":0,"href":"http:\/\/www.tvturk.com\/index.php\/wp-json\/wp\/v2\/posts\/172298\/revisions"}],"wp:attachment":[{"href":"http:\/\/www.tvturk.com\/index.php\/wp-json\/wp\/v2\/media?parent=172298"}],"wp:term":[{"taxonomy":"category","embeddable":true,"href":"http:\/\/www.tvturk.com\/index.php\/wp-json\/wp\/v2\/categories?post=172298"},{"taxonomy":"post_tag","embeddable":true,"href":"http:\/\/www.tvturk.com\/index.php\/wp-json\/wp\/v2\/tags?post=172298"}],"curies":[{"name":"wp","href":"https:\/\/api.w.org\/{rel}","templated":true}]}}