{"id":172340,"date":"2019-06-21T15:16:39","date_gmt":"2019-06-21T12:16:39","guid":{"rendered":"http:\/\/www.tvturk.com\/index.php\/ugandada-45-kisi-musluman-oldu\/"},"modified":"2019-06-21T15:16:39","modified_gmt":"2019-06-21T12:16:39","slug":"ugandada-45-kisi-musluman-oldu","status":"publish","type":"post","link":"http:\/\/www.tvturk.com\/index.php\/ugandada-45-kisi-musluman-oldu\/","title":{"rendered":"Uganda\u2019da 45 ki\u015fi m\u00fcsl\u00fcman oldu"},"content":{"rendered":"<p>Yurtd\u0131\u015f\u0131 sosyal yard\u0131m faaliyetlerini bir\u00e7ok mazlum co\u011frafyada s\u00fcrd\u00fcren Vuslat Derne\u011fi Uganda\u2019da m\u00fchim \u00e7al\u0131\u015fmalara imza at\u0131yor.<\/p>\n<p>B\u00f6lgeye d\u00fczenli olarak insani yard\u0131m ula\u015ft\u0131ran Vuslat Derne\u011fi son olarak bir cami in\u015faat\u0131n\u0131 tamamlad\u0131. Tamamlanan camide 45 ki\u015fi m\u00fcsl\u00fcman oldu. Ba\u015fkent Kampala\u2019ya 170 km uzakl\u0131kta bulunan ve Mescid-i Nur ad\u0131 verilen cami 1911 y\u0131l\u0131ndan beri b\u00f6lgeye hizmet veriyor. Topraktan yap\u0131lan bu cami s\u0131k s\u0131k do\u011fa ko\u015fullar\u0131na yenik d\u00fc\u015f\u00fcp y\u0131k\u0131l\u0131yordu. Vuslat Derne\u011fi taraf\u0131ndan bu cami yerine 2 bin ki\u015fiye hizmet verme kapasitesinde yeni bir cami in\u015fa edildi ve Hz. Muhammed (SAV) Mustafa Camii ad\u0131 verildi.<\/p>\n<p>Uganda uzun s\u00fcreden beri kurakl\u0131k problemi ile m\u00fccadele ediyor, El Nino do\u011fa olay\u0131n\u0131n yaralar\u0131n\u0131 sarmaya \u00e7al\u0131\u015f\u0131yor, bunlar\u0131n yan\u0131nda G\u00fcney Sudan\u2019dan gelen m\u00fcltecilere ev sahipli\u011fi yap\u0131yor. Vuslat Derne\u011fi zorlu ko\u015fullardan etkilenen b\u00f6lgelere hem insani yard\u0131m iletiyor, hem de halk\u0131n ilmi ihtiya\u00e7lar\u0131n\u0131n kar\u015f\u0131lanmas\u0131 i\u00e7in \u00e7al\u0131\u015fmalar\u0131n\u0131 s\u00fcrd\u00fcr\u00fcyor. Son olarak Vuslat Derne\u011fi\u2019nin in\u015faa etti\u011fi Hz. Muhammed (SAV) Mustafa Camii vesilesiyle 45 ki\u015fi m\u00fcsl\u00fcman oldu. Vuslat Derne\u011fi Genel Koordinat\u00f6r\u00fc C\u00fcneyt S\u00fcleymano\u011flu, \u201cUganda gerek zorlu hayat ko\u015fullar\u0131, gerek do\u011fal fakt\u00f6rlerin etkisiyle senelerdir zor zamanlar ya\u015f\u0131yor. Vuslat Derne\u011fi olarak g\u00fcc\u00fcm\u00fcz yetti\u011fince D\u00fcnyan\u0131n her bir k\u00f6\u015fesine umudu yaymay\u0131 hedefliyoruz. Yapt\u0131\u011f\u0131m\u0131z insani yard\u0131mlar her seferinde b\u00f6lge halklar\u0131 taraf\u0131ndan b\u00fcy\u00fck bir sevin\u00e7 ile kar\u015f\u0131lan\u0131yor. \u00dclkemizi ve dinimiz \u0130slam\u2019\u0131 en g\u00fczel \u015fekilde temsil edebilmek gayesiyle att\u0131\u011f\u0131m\u0131z ad\u0131mlar meyvelerini veriyor \u00e7ok \u015f\u00fck\u00fcr. Son olarak Uganda\u2019da in\u015faat\u0131n\u0131 tamamlad\u0131\u011f\u0131m\u0131z camide 45 karde\u015fimiz Kelime-i \u015eehadet getirerek m\u00fcsl\u00fcman oldu. B\u00f6yle bir hayra vesile olmak bizim i\u00e7in b\u00fcy\u00fck bir gurur&#8221; dedi.<\/p>\n","protected":false},"excerpt":{"rendered":"<p>YURTDI\u015eI SOSYAL YARDIM FAAL\u0130YETLER\u0130N\u0130 B\u0130R\u00c7OK MAZLUM CO\u011eRAFYADA S\u00dcRD\u00dcREN VUSLAT DERNE\u011e\u0130 UGANDA\u2019DA M\u00dcH\u0130M \u00c7ALI\u015eMALARA \u0130MZA ATIYOR.<\/p>\n","protected":false},"author":1,"featured_media":0,"comment_status":"closed","ping_status":"open","sticky":false,"template":"","format":"standard","meta":{"jetpack_post_was_ever_published":false,"_jetpack_newsletter_access":"","_jetpack_dont_email_post_to_subs":false,"_jetpack_newsletter_tier_id":0,"_jetpack_memberships_contains_paywalled_content":false,"_jetpack_memberships_contains_paid_content":false,"footnotes":"","jetpack_publicize_message":"","jetpack_publicize_feature_enabled":true,"jetpack_social_post_already_shared":true,"jetpack_social_options":{"image_generator_settings":{"template":"highway","default_image_id":0,"font":"","enabled":false},"version":2}},"categories":[1],"tags":[1012,4021,77,30015],"class_list":["post-172340","post","type-post","status-publish","format-standard","hentry","category-genel","tag-kisi","tag-musluman","tag-oldu","tag-ugandada"],"jetpack_publicize_connections":[],"jetpack_featured_media_url":"","jetpack_sharing_enabled":true,"jetpack_shortlink":"https:\/\/wp.me\/paKIfm-IPG","_links":{"self":[{"href":"http:\/\/www.tvturk.com\/index.php\/wp-json\/wp\/v2\/posts\/172340","targetHints":{"allow":["GET"]}}],"collection":[{"href":"http:\/\/www.tvturk.com\/index.php\/wp-json\/wp\/v2\/posts"}],"about":[{"href":"http:\/\/www.tvturk.com\/index.php\/wp-json\/wp\/v2\/types\/post"}],"author":[{"embeddable":true,"href":"http:\/\/www.tvturk.com\/index.php\/wp-json\/wp\/v2\/users\/1"}],"replies":[{"embeddable":true,"href":"http:\/\/www.tvturk.com\/index.php\/wp-json\/wp\/v2\/comments?post=172340"}],"version-history":[{"count":0,"href":"http:\/\/www.tvturk.com\/index.php\/wp-json\/wp\/v2\/posts\/172340\/revisions"}],"wp:attachment":[{"href":"http:\/\/www.tvturk.com\/index.php\/wp-json\/wp\/v2\/media?parent=172340"}],"wp:term":[{"taxonomy":"category","embeddable":true,"href":"http:\/\/www.tvturk.com\/index.php\/wp-json\/wp\/v2\/categories?post=172340"},{"taxonomy":"post_tag","embeddable":true,"href":"http:\/\/www.tvturk.com\/index.php\/wp-json\/wp\/v2\/tags?post=172340"}],"curies":[{"name":"wp","href":"https:\/\/api.w.org\/{rel}","templated":true}]}}