{"id":172342,"date":"2019-06-21T15:16:44","date_gmt":"2019-06-21T12:16:44","guid":{"rendered":"http:\/\/www.tvturk.com\/index.php\/tarim-ve-hayvanciliga-guclu-destek\/"},"modified":"2019-06-21T15:16:44","modified_gmt":"2019-06-21T12:16:44","slug":"tarim-ve-hayvanciliga-guclu-destek","status":"publish","type":"post","link":"http:\/\/www.tvturk.com\/index.php\/tarim-ve-hayvanciliga-guclu-destek\/","title":{"rendered":"Tar\u0131m ve hayvanc\u0131l\u0131\u011fa g\u00fc\u00e7l\u00fc destek"},"content":{"rendered":"<p>Bursa \u0130li Hayvanc\u0131l\u0131\u011f\u0131 Geli\u015ftirme Birli\u011fi ba\u015fkanl\u0131\u011f\u0131na se\u00e7ilen B\u00fcy\u00fck\u015fehir Belediye Ba\u015fkan\u0131 Alinur Akta\u015f, birli\u011fin bundan sonra daha da g\u00fc\u00e7lenerek yoluna devam edece\u011fini s\u00f6yledi.<\/p>\n<p>Bursa \u0130li Hayvanc\u0131l\u0131\u011f\u0131 Geli\u015ftirme Birli\u011fi\u2019nin ola\u011fan genel kurulu Merinos AKKM\u2019de yap\u0131ld\u0131. Genel Kurula B\u00fcy\u00fck\u015fehir Belediye Ba\u015fkan\u0131 Alinur Akta\u015f\u2019\u0131n yan\u0131 s\u0131ra \u0130znik Belediye Ba\u015fkan\u0131 Ka\u011fan Mehmet Usta, Orhaneli Belediye Ba\u015fkan\u0131 Ali Aykurt, Harmanc\u0131k Belediye Ba\u015fkan\u0131 Y\u0131lmaz Ata\u015f, Keles Belediye Ba\u015fkan\u0131 Mehmet Keskin, Mustafakemalpa\u015fa Belediye Ba\u015fkan\u0131 Mehmet Kanar ve Yeni\u015fehir Belediye Ba\u015fkan\u0131 Davut Ayd\u0131n ile genel kurul \u00fcyeleri kat\u0131ld\u0131. Yap\u0131lan oylamada birlik ba\u015fkanl\u0131\u011f\u0131na Bursa B\u00fcy\u00fck\u015fehir Belediye Ba\u015fkan\u0131 Alinur Akta\u015f se\u00e7ilirken, birinci ba\u015fkan vekili S\u00fcleyman \u00c7elik ve ikinci ba\u015fkan vekili de Emin Ko\u00e7demir oldu. Asil k\u00e2tip \u00fcyelerine Hakan \u015eehir ve M\u00fccahit Bozkurt se\u00e7ilirken, Yasin Burkay Gezer ve Hayrettin Emre Y\u00fcr\u00fck de yedek k\u00e2tip \u00fcyeler oldu. Enc\u00fcmen \u00fcyeliklerine de S\u00fcleyman \u00c7elik, Halil Arslan, Erkan Alt\u0131nta\u015f, Emin Alt\u0131n ve Mustafa Toks\u00f6z se\u00e7ildi. Plan B\u00fct\u00e7e Komisyonu ise \u015fu isimlerden olu\u015ftu: Osman Salim, Atakan \u00dcnsal, Cemil Demir, \u00d6zer Kuzu, Nazmi Seymen.<\/p>\n<p>G\u00fc\u00e7lenerek yola devam<\/p>\n<p>Bursa B\u00fcy\u00fck\u015fehir Belediye Ba\u015fkan\u0131 Alinur Akta\u015f, Bursa\u2019da tar\u0131m ve hayvanc\u0131l\u0131\u011f\u0131n geli\u015ftirilmesi amac\u0131yla 1963 y\u0131l\u0131nda kurulan birli\u011fin, bundan sonra da g\u00fc\u00e7lenerek yoluna devam edece\u011fini vurgulad\u0131. Bursa\u2019n\u0131n sanayi ve ihracatla b\u00fcy\u00fcrken, tar\u0131m ve hayvanc\u0131l\u0131k potansiyelini de en \u00fcst seviyede kullanmak istediklerini dile getiren Ba\u015fkan Akta\u015f, \u201cBu maksatla ihtiyac\u0131 olan il\u00e7elerimizin istifa\u00e2e edebilmesi ad\u0131na bir aileye, bir mahalleye daha dokunabilir miyiz\u2019 onun derdi ve hesab\u0131 i\u00e7indeyiz. Birli\u011fin sahip oldu\u011fu kayna\u011f\u0131n sadece tar\u0131m ve hayvanc\u0131l\u0131k projelerine kullan\u0131lmas\u0131 y\u00f6n\u00fcnde b\u00fcy\u00fck bir hassasiyet g\u00f6sterece\u011fiz\u201d dedi.<\/p>\n","protected":false},"excerpt":{"rendered":"<p>BURSA \u0130L\u0130 HAYVANCILI\u011eI GEL\u0130\u015eT\u0130RME B\u0130RL\u0130\u011e\u0130 BA\u015eKANLI\u011eINA SE\u00c7\u0130LEN B\u00dcY\u00dcK\u015eEH\u0130R BELED\u0130YE BA\u015eKANI AL\u0130NUR AKTA\u015e, B\u0130RL\u0130\u011e\u0130N BUNDAN SONRA DAHA DA G\u00dc\u00c7LENEREK YOLUNA DEVAM EDECE\u011e\u0130N\u0130 S\u00d6YLED\u0130.<\/p>\n","protected":false},"author":1,"featured_media":0,"comment_status":"closed","ping_status":"open","sticky":false,"template":"","format":"standard","meta":{"jetpack_post_was_ever_published":false,"_jetpack_newsletter_access":"","_jetpack_dont_email_post_to_subs":false,"_jetpack_newsletter_tier_id":0,"_jetpack_memberships_contains_paywalled_content":false,"_jetpack_memberships_contains_paid_content":false,"footnotes":"","jetpack_publicize_message":"","jetpack_publicize_feature_enabled":true,"jetpack_social_post_already_shared":true,"jetpack_social_options":{"image_generator_settings":{"template":"highway","default_image_id":0,"font":"","enabled":false},"version":2}},"categories":[1],"tags":[61,2728,41694,2403],"class_list":["post-172342","post","type-post","status-publish","format-standard","hentry","category-genel","tag-destek","tag-guclu","tag-hayvanciliga","tag-tarim"],"jetpack_publicize_connections":[],"jetpack_featured_media_url":"","jetpack_sharing_enabled":true,"jetpack_shortlink":"https:\/\/wp.me\/paKIfm-IPI","_links":{"self":[{"href":"http:\/\/www.tvturk.com\/index.php\/wp-json\/wp\/v2\/posts\/172342","targetHints":{"allow":["GET"]}}],"collection":[{"href":"http:\/\/www.tvturk.com\/index.php\/wp-json\/wp\/v2\/posts"}],"about":[{"href":"http:\/\/www.tvturk.com\/index.php\/wp-json\/wp\/v2\/types\/post"}],"author":[{"embeddable":true,"href":"http:\/\/www.tvturk.com\/index.php\/wp-json\/wp\/v2\/users\/1"}],"replies":[{"embeddable":true,"href":"http:\/\/www.tvturk.com\/index.php\/wp-json\/wp\/v2\/comments?post=172342"}],"version-history":[{"count":0,"href":"http:\/\/www.tvturk.com\/index.php\/wp-json\/wp\/v2\/posts\/172342\/revisions"}],"wp:attachment":[{"href":"http:\/\/www.tvturk.com\/index.php\/wp-json\/wp\/v2\/media?parent=172342"}],"wp:term":[{"taxonomy":"category","embeddable":true,"href":"http:\/\/www.tvturk.com\/index.php\/wp-json\/wp\/v2\/categories?post=172342"},{"taxonomy":"post_tag","embeddable":true,"href":"http:\/\/www.tvturk.com\/index.php\/wp-json\/wp\/v2\/tags?post=172342"}],"curies":[{"name":"wp","href":"https:\/\/api.w.org\/{rel}","templated":true}]}}