{"id":172374,"date":"2019-06-21T16:02:02","date_gmt":"2019-06-21T13:02:02","guid":{"rendered":"http:\/\/www.tvturk.com\/index.php\/ortaokul-ogrencilerinden-sehitler-icin-duygusal-klip\/"},"modified":"2019-06-21T16:02:02","modified_gmt":"2019-06-21T13:02:02","slug":"ortaokul-ogrencilerinden-sehitler-icin-duygusal-klip","status":"publish","type":"post","link":"http:\/\/www.tvturk.com\/index.php\/ortaokul-ogrencilerinden-sehitler-icin-duygusal-klip\/","title":{"rendered":"Ortaokul \u00f6\u011frencilerinden \u015fehitler i\u00e7in duygusal klip"},"content":{"rendered":"<p>Nev\u015fehir 75. Y\u0131l Ortaokulu M\u00fczik \u00d6\u011fretmeni Hasan Y\u0131lmaz \u00f6nc\u00fcl\u00fc\u011f\u00fcnde ortaokul \u00f6\u011frencilerinin \u015fehitler an\u0131s\u0131na \u00e7ekti\u011fi  \u201cUnutma\u201d isimli klip, sosyal medyada izlenme rekorlar\u0131 k\u0131r\u0131yor. Klibin geliri \u015fehit ailelerine ba\u011f\u0131\u015flanacak.<\/p>\n<p>Nev\u015fehir 75.Y\u0131l Ortaokulu M\u00fczik \u00d6\u011fretmeni Hasan Y\u0131lmaz taraf\u0131ndan bestelenen ve \u015fehitlere ithaf edilen \u201cUnutma\u201d isimli klipte ortaokul \u00f6\u011frencileri rol ald\u0131. Yakla\u015f\u0131k 50 ki\u015finin kat\u0131l\u0131m\u0131 ile 3 bu\u00e7uk ayl\u0131k bir \u00e7al\u0131\u015fma ile haz\u0131rlanan klip, sosyal medyada izlenme rekorlar\u0131 k\u0131r\u0131yor. \u00d6\u011frenciler taraf\u0131ndan seslendirilen ve canland\u0131r\u0131lan klip, ba\u015fta Nev\u015fehir merkez olmak \u00fczere Avanos, G\u00f6reme ve Kapadokya\u2019n\u0131n belli yerlerinde \u00e7ekildi.<\/p>\n<p>Klipte rol alan \u00f6\u011frenciler, b\u00f6ylesine anlaml\u0131 bir projenin i\u00e7erisinde yer almaktan son derece mutlu olduklar\u0131n\u0131 ifade ederken, M\u00fczik \u00d6\u011fretmeni Hasan Y\u0131lmaz ise videodan elde edilecek gelirin \u015fehit ailelerine verilece\u011fini s\u00f6yledi. Y\u0131lmaz, \u201cUnutma adl\u0131 \u015fark\u0131 asl\u0131nda t\u00fcm \u00f6\u011fretmenlerin as\u0131l gayesi olan, yaln\u0131zca matematik \u00f6\u011fretmek \u00e7ocuklara akademik ba\u015far\u0131lar sa\u011flayacak de\u011fil, \u00f6\u011fretmenlerin asil gayesi \u00e7ocuklar\u0131na bu \u00fclkede bir arada ya\u015fayabilecekleri, milli, manevi ortak de\u011ferleri anlatmaya \u00e7al\u0131\u015fmak oldu. 3 bu\u00e7uk ayl\u0131k bir \u00e7al\u0131\u015fma sonucunda bir bu \u015fark\u0131y\u0131 yapt\u0131k. \u00c7ok \u015f\u00fck\u00fcr b\u00f6yle g\u00fczel \u00f6\u011frencilerle \u00e7al\u0131\u015fmak bana nasip oldu. Bu \u015fark\u0131y\u0131 bestelemek bana k\u0131smet oldu. Bunu da videodan elde edece\u011fimiz gelirleri \u015fehit ailelerine ba\u011f\u0131\u015flayarak ta\u00e7land\u0131rmay\u0131 ama\u00e7lad\u0131k. Biliyorsunuz asl\u0131nda \u00fclkece biz \u00e7ok \u015fey ya\u015fad\u0131k. \u00c7ok uzakta bir s\u00fcre\u00e7 de\u011fil. 15 Temmuz\u2019u ya\u015fad\u0131k. Zaten tarihimize bakt\u0131\u011f\u0131m\u0131z vakit bu \u00fclke 15 Temmuzlar gibi nice badireler atlatt\u0131. Bunu da bir m\u00fczik \u00f6\u011fretmeni olarak kendimizce anlatmaya \u00e7al\u0131\u015ft\u0131k ve Unutma isimli \u015fark\u0131 ortaya \u00e7\u0131kt\u0131\u201d diye konu\u015ftu.<\/p>\n","protected":false},"excerpt":{"rendered":"<p>NEV\u015eEH\u0130R 75. YIL ORTAOKULU M\u00dcZ\u0130K \u00d6\u011eRETMEN\u0130 HASAN YILMAZ \u00d6NC\u00dcL\u00dc\u011e\u00dcNDE ORTAOKUL \u00d6\u011eRENC\u0130LER\u0130N\u0130N \u00c7EKM\u0130\u015e OLDU\u011eU \u201cUNUTMA\u201d \u0130S\u0130ML\u0130 KL\u0130P SOSYAL MEDYADA \u0130ZLENME REKORLARI KIRIYOR.<\/p>\n","protected":false},"author":1,"featured_media":0,"comment_status":"closed","ping_status":"open","sticky":false,"template":"","format":"standard","meta":{"jetpack_post_was_ever_published":false,"_jetpack_newsletter_access":"","_jetpack_dont_email_post_to_subs":false,"_jetpack_newsletter_tier_id":0,"_jetpack_memberships_contains_paywalled_content":false,"_jetpack_memberships_contains_paid_content":false,"footnotes":"","jetpack_publicize_message":"","jetpack_publicize_feature_enabled":true,"jetpack_social_post_already_shared":true,"jetpack_social_options":{"image_generator_settings":{"template":"highway","default_image_id":0,"font":"","enabled":false},"version":2}},"categories":[1],"tags":[3649,44,6221,10936,14655,9214],"class_list":["post-172374","post","type-post","status-publish","format-standard","hentry","category-genel","tag-duygusal","tag-icin","tag-klip","tag-ogrencilerinden","tag-ortaokul","tag-sehitler"],"jetpack_publicize_connections":[],"jetpack_featured_media_url":"","jetpack_sharing_enabled":true,"jetpack_shortlink":"https:\/\/wp.me\/paKIfm-IQe","_links":{"self":[{"href":"http:\/\/www.tvturk.com\/index.php\/wp-json\/wp\/v2\/posts\/172374","targetHints":{"allow":["GET"]}}],"collection":[{"href":"http:\/\/www.tvturk.com\/index.php\/wp-json\/wp\/v2\/posts"}],"about":[{"href":"http:\/\/www.tvturk.com\/index.php\/wp-json\/wp\/v2\/types\/post"}],"author":[{"embeddable":true,"href":"http:\/\/www.tvturk.com\/index.php\/wp-json\/wp\/v2\/users\/1"}],"replies":[{"embeddable":true,"href":"http:\/\/www.tvturk.com\/index.php\/wp-json\/wp\/v2\/comments?post=172374"}],"version-history":[{"count":0,"href":"http:\/\/www.tvturk.com\/index.php\/wp-json\/wp\/v2\/posts\/172374\/revisions"}],"wp:attachment":[{"href":"http:\/\/www.tvturk.com\/index.php\/wp-json\/wp\/v2\/media?parent=172374"}],"wp:term":[{"taxonomy":"category","embeddable":true,"href":"http:\/\/www.tvturk.com\/index.php\/wp-json\/wp\/v2\/categories?post=172374"},{"taxonomy":"post_tag","embeddable":true,"href":"http:\/\/www.tvturk.com\/index.php\/wp-json\/wp\/v2\/tags?post=172374"}],"curies":[{"name":"wp","href":"https:\/\/api.w.org\/{rel}","templated":true}]}}