{"id":172376,"date":"2019-06-21T16:02:06","date_gmt":"2019-06-21T13:02:06","guid":{"rendered":"http:\/\/www.tvturk.com\/index.php\/cezaevinde-yangin-tatbikati-isyan-endisesine-neden-oldu\/"},"modified":"2019-06-21T16:02:06","modified_gmt":"2019-06-21T13:02:06","slug":"cezaevinde-yangin-tatbikati-isyan-endisesine-neden-oldu","status":"publish","type":"post","link":"http:\/\/www.tvturk.com\/index.php\/cezaevinde-yangin-tatbikati-isyan-endisesine-neden-oldu\/","title":{"rendered":"Cezaevinde yang\u0131n tatbikat\u0131 &#8220;isyan&#8221; endi\u015fesine neden oldu"},"content":{"rendered":"<p>Gaziantep\u2019teki a\u00e7\u0131k cezaevinde yap\u0131lan yang\u0131n tatbikat\u0131 \u00e7evredeki vatanda\u015flar\u0131n isyan endi\u015fesine neden oldu.<\/p>\n<p>Gaziantep\u2019in \u015eehitkamil il\u00e7esinde bulunan A\u00e7\u0131k Ceza \u0130nfaz Kurumunda yang\u0131n tatbikat\u0131 yap\u0131ld\u0131. Yang\u0131n nedeniyle \u00e7ok say\u0131da itfaiye, polis ve sa\u011fl\u0131k arac\u0131n\u0131n cezaevine girdi\u011fine g\u00f6ren vatanda\u015flar, cezavinde isyan oldu\u011funu zannetti. Cezaevi g\u00f6revlilerin giren ara\u00e7lar\u0131 g\u00f6r\u00fcnt\u00fclemek isteyen gazetecilere &#8220;tatbikat&#8221; oldu\u011funu s\u00f6ylemesi ile ger\u00e7ek ortaya \u00e7\u0131kt\u0131.<\/p>\n<p>Vatanda\u015flar, cezaevindeki hareketlili\u011fin tatbikat oldu\u011funu \u00f6\u011frenmesi ile rahat nefes ald\u0131.<\/p>\n","protected":false},"excerpt":{"rendered":"<p>GAZ\u0130ANTEP&#8217;TEK\u0130 A\u00c7IK CEZAEV\u0130NDE YAPILAN YANGIN TATB\u0130KATI \u00c7EVREDEK\u0130 VATANDA\u015eLARIN \u0130SYAN END\u0130\u015eES\u0130NE NEDEN OLDU.<\/p>\n","protected":false},"author":1,"featured_media":0,"comment_status":"closed","ping_status":"open","sticky":false,"template":"","format":"standard","meta":{"jetpack_post_was_ever_published":false,"_jetpack_newsletter_access":"","_jetpack_dont_email_post_to_subs":false,"_jetpack_newsletter_tier_id":0,"_jetpack_memberships_contains_paywalled_content":false,"_jetpack_memberships_contains_paid_content":false,"footnotes":"","jetpack_publicize_message":"","jetpack_publicize_feature_enabled":true,"jetpack_social_post_already_shared":true,"jetpack_social_options":{"image_generator_settings":{"template":"highway","default_image_id":0,"font":"","enabled":false},"version":2}},"categories":[1],"tags":[12227,41707,5623,1130,77,222,1617],"class_list":["post-172376","post","type-post","status-publish","format-standard","hentry","category-genel","tag-cezaevinde","tag-endisesine","tag-isyan","tag-neden","tag-oldu","tag-tatbikati","tag-yangin"],"jetpack_publicize_connections":[],"jetpack_featured_media_url":"","jetpack_sharing_enabled":true,"jetpack_shortlink":"https:\/\/wp.me\/paKIfm-IQg","_links":{"self":[{"href":"http:\/\/www.tvturk.com\/index.php\/wp-json\/wp\/v2\/posts\/172376","targetHints":{"allow":["GET"]}}],"collection":[{"href":"http:\/\/www.tvturk.com\/index.php\/wp-json\/wp\/v2\/posts"}],"about":[{"href":"http:\/\/www.tvturk.com\/index.php\/wp-json\/wp\/v2\/types\/post"}],"author":[{"embeddable":true,"href":"http:\/\/www.tvturk.com\/index.php\/wp-json\/wp\/v2\/users\/1"}],"replies":[{"embeddable":true,"href":"http:\/\/www.tvturk.com\/index.php\/wp-json\/wp\/v2\/comments?post=172376"}],"version-history":[{"count":0,"href":"http:\/\/www.tvturk.com\/index.php\/wp-json\/wp\/v2\/posts\/172376\/revisions"}],"wp:attachment":[{"href":"http:\/\/www.tvturk.com\/index.php\/wp-json\/wp\/v2\/media?parent=172376"}],"wp:term":[{"taxonomy":"category","embeddable":true,"href":"http:\/\/www.tvturk.com\/index.php\/wp-json\/wp\/v2\/categories?post=172376"},{"taxonomy":"post_tag","embeddable":true,"href":"http:\/\/www.tvturk.com\/index.php\/wp-json\/wp\/v2\/tags?post=172376"}],"curies":[{"name":"wp","href":"https:\/\/api.w.org\/{rel}","templated":true}]}}