{"id":172382,"date":"2019-06-21T16:02:46","date_gmt":"2019-06-21T13:02:46","guid":{"rendered":"http:\/\/www.tvturk.com\/index.php\/serbest-gures-milli-takimi-avrupa-oyunlarina-hazir\/"},"modified":"2019-06-21T16:02:46","modified_gmt":"2019-06-21T13:02:46","slug":"serbest-gures-milli-takimi-avrupa-oyunlarina-hazir","status":"publish","type":"post","link":"http:\/\/www.tvturk.com\/index.php\/serbest-gures-milli-takimi-avrupa-oyunlarina-hazir\/","title":{"rendered":"Serbest G\u00fcre\u015f Milli Tak\u0131m\u0131, Avrupa Oyunlar\u0131\u2019na haz\u0131r"},"content":{"rendered":"<p>Serbest G\u00fcre\u015f Milli Tak\u0131m\u0131, Avrupa Oyunlar\u0131 \u00e7al\u0131\u015fmalar\u0131n\u0131 tamamlad\u0131.<\/p>\n<p>Ankara Elmada\u011f G\u00fcre\u015f kamp e\u011fitim merkezinde 16 g\u00fcnl\u00fck kamp\u0131 sona eren milliler yar\u0131n Avrupa Oyunlar\u0131 i\u00e7in Minsk\u2019e hareket edecek.<\/p>\n<p>Serbest G\u00fcre\u015f Tak\u0131m\u0131, Avrupa Oyunlar\u0131\u2019na teknik direkt\u00f6r \u0130shak \u0130rbaykhanov, Antren\u00f6r Adem Bereket ve Serbest Milli Tak\u0131m Koordinat\u00f6r\u00fc Yakup Topuz nezaretinde haz\u0131rland\u0131. Teknik direkt\u00f6r \u0130shak \u0130rbaykhanov yapt\u0131\u011f\u0131 a\u00e7\u0131klamada, tarihi ba\u015far\u0131lar elde ettikleri Avrupa \u015eampiyonas\u0131\u2019n\u0131n ard\u0131ndan k\u0131sa bir s\u00fcre dinlendiklerini  ve ard\u0131ndan \u00f6nce Topuk Yaylas\u0131\u2019nda sonrada Elmada\u011f\u2019da 16 g\u00fcnl\u00fck kamp yapt\u0131klar\u0131n\u0131 belirterek, \u201dAvrupa oyunlar\u0131na her zaman oldu\u011fu gibi iddial\u0131 gidiyoruz. Son oyunlarda 5 madalya kazanm\u0131\u015ft\u0131k. Bu sefer 6 s\u0131klette de madalya hedefliyoruz. Taha Akg\u00fcl\u2019\u00fc D\u00fcnya \u015eampiyonas\u0131 \u00f6ncesi riske etmek istemedik. Onun yerine ilk defa 125 kiloda Fatih karde\u015fimizi g\u00f6t\u00fcr\u00fcyoruz. Eminim oda Taha abisi gibi k\u00fcrs\u00fcye \u00e7\u0131kacakt\u0131r. T\u00fcrk halk\u0131 ata sporundan her zaman \u00fcst d\u00fczey ba\u015far\u0131lar bekliyor. Bizde bu beklentiyi madalyalarla s\u00fcsleyece\u011fiz. \u015e\u00fck\u00fcrler olsun tak\u0131mda herhangi bir sakatl\u0131k yok. Oraya tak\u0131m halinde \u015fampiyon olmaya gidiyoruz&#8221; dedi.<\/p>\n<p>25 Haziran\u2019da ba\u015flayacak olan Avrupa Oyunlar\u0131\u2019nda Serbest G\u00fcre\u015f Milli Tak\u0131m\u0131 \u015fu isimler temsil edecek:<\/p>\n<p>57 kiloda S\u00fcleyman Atl\u0131<\/p>\n<p>65 Kiloda Selehattin K\u0131l\u0131\u00e7sallayan<\/p>\n<p>74 kiloda Soner Demirta\u015f<\/p>\n<p>86 kiloda Fatih Erdin<\/p>\n<p>97 kiloda Baki \u015eahin<\/p>\n<p>125 kiloda Fatih Ya\u015fand\u0131<\/p>\n","protected":false},"excerpt":{"rendered":"<p>SERBEST G\u00dcRE\u015e M\u0130LL\u0130 TAKIMI, AVRUPA OYUNLARI \u00c7ALI\u015eMALARINI TAMAMLADI.<\/p>\n","protected":false},"author":1,"featured_media":0,"comment_status":"closed","ping_status":"open","sticky":false,"template":"","format":"standard","meta":{"jetpack_post_was_ever_published":false,"_jetpack_newsletter_access":"","_jetpack_dont_email_post_to_subs":false,"_jetpack_newsletter_tier_id":0,"_jetpack_memberships_contains_paywalled_content":false,"_jetpack_memberships_contains_paid_content":false,"footnotes":"","jetpack_publicize_message":"","jetpack_publicize_feature_enabled":true,"jetpack_social_post_already_shared":true,"jetpack_social_options":{"image_generator_settings":{"template":"highway","default_image_id":0,"font":"","enabled":false},"version":2}},"categories":[657],"tags":[392,8355,4013,429,35995,594,1462],"class_list":["post-172382","post","type-post","status-publish","format-standard","hentry","category-spor","tag-avrupa","tag-gures","tag-hazir","tag-milli","tag-oyunlarina","tag-serbest","tag-takimi"],"jetpack_publicize_connections":[],"jetpack_featured_media_url":"","jetpack_sharing_enabled":true,"jetpack_shortlink":"https:\/\/wp.me\/paKIfm-IQm","_links":{"self":[{"href":"http:\/\/www.tvturk.com\/index.php\/wp-json\/wp\/v2\/posts\/172382","targetHints":{"allow":["GET"]}}],"collection":[{"href":"http:\/\/www.tvturk.com\/index.php\/wp-json\/wp\/v2\/posts"}],"about":[{"href":"http:\/\/www.tvturk.com\/index.php\/wp-json\/wp\/v2\/types\/post"}],"author":[{"embeddable":true,"href":"http:\/\/www.tvturk.com\/index.php\/wp-json\/wp\/v2\/users\/1"}],"replies":[{"embeddable":true,"href":"http:\/\/www.tvturk.com\/index.php\/wp-json\/wp\/v2\/comments?post=172382"}],"version-history":[{"count":0,"href":"http:\/\/www.tvturk.com\/index.php\/wp-json\/wp\/v2\/posts\/172382\/revisions"}],"wp:attachment":[{"href":"http:\/\/www.tvturk.com\/index.php\/wp-json\/wp\/v2\/media?parent=172382"}],"wp:term":[{"taxonomy":"category","embeddable":true,"href":"http:\/\/www.tvturk.com\/index.php\/wp-json\/wp\/v2\/categories?post=172382"},{"taxonomy":"post_tag","embeddable":true,"href":"http:\/\/www.tvturk.com\/index.php\/wp-json\/wp\/v2\/tags?post=172382"}],"curies":[{"name":"wp","href":"https:\/\/api.w.org\/{rel}","templated":true}]}}