{"id":172394,"date":"2019-06-21T16:16:43","date_gmt":"2019-06-21T13:16:43","guid":{"rendered":"http:\/\/www.tvturk.com\/index.php\/corlu-belediyesi-corlu-tren-kazasini-olumsuzlestiriyor\/"},"modified":"2019-06-21T16:16:43","modified_gmt":"2019-06-21T13:16:43","slug":"corlu-belediyesi-corlu-tren-kazasini-olumsuzlestiriyor","status":"publish","type":"post","link":"http:\/\/www.tvturk.com\/index.php\/corlu-belediyesi-corlu-tren-kazasini-olumsuzlestiriyor\/","title":{"rendered":"\u00c7orlu Belediyesi, \u00c7orlu tren kazas\u0131n\u0131 \u00f6l\u00fcms\u00fczle\u015ftiriyor"},"content":{"rendered":"<p>\u00c7orlu Belediyesi, 8 Temmuz 2018 tarihini ve \u00c7orlu tren kazas\u0131n\u0131 an\u0131tla\u015ft\u0131rarak \u00f6l\u00fcms\u00fczle\u015ftirmeye haz\u0131rlan\u0131yor. 8 Temmuz Pazartesi g\u00fcn\u00fc d\u00fczenlenecek t\u00f6renle an\u0131t\u0131n a\u00e7\u0131l\u0131\u015f\u0131 ger\u00e7ekle\u015ftirilecek ve elim tren kazas\u0131nda hayatlar\u0131n\u0131 kaybeden 25 ki\u015finin isimleri \u00f6l\u00fcms\u00fczle\u015ftirilecek.<\/p>\n<p>8 Temmuz 2018 tarihinde Uzunk\u00f6pr\u00fc-Halkal\u0131 aras\u0131nda 6 vagon, 362 yolcu ve 6 personel ile seferini yapan trenin, Sar\u0131lar Mahallesi s\u0131n\u0131rlar\u0131nda devrilmesi sonucu ya\u015fanan elim tren kazas\u0131nda hayatlar\u0131n\u0131 kaybeden 25 ki\u015finin an\u0131s\u0131n\u0131 ya\u015fatmak i\u00e7in \u00e7al\u0131\u015fma ba\u015flatan \u00c7orlu Belediyesi bu \u00e7al\u0131\u015fmalarda sona geldi.<\/p>\n<p>\u00c7orlu Belediye Ba\u015fkan\u0131 Ahmet Sar\u0131kurt, elim tren kazas\u0131nda ya\u015fananlar\u0131n unutulmamas\u0131 ve unutturulmamas\u0131 gerekti\u011fini ifade etti\u011fi a\u00e7\u0131klamada, ya\u015fam\u0131n\u0131 yitiren 25 vatanda\u015f\u0131m\u0131z\u0131 rahmetle anarken yaral\u0131 vatanda\u015flar\u0131m\u0131za bir kez daha \u015fifa diledi.<\/p>\n<p>Evlatlar\u0131n\u0131, anne ve babalar\u0131n\u0131, karde\u015flerini, e\u015flerini kaybeden vatanda\u015flar\u0131m\u0131z\u0131n ya\u015fad\u0131klar\u0131 ac\u0131lar\u0131 kalbinde hissetti\u011fini ifade eden Ba\u015fkan Sar\u0131kurt, \u201c8 Temmuz 2018 tarihinde ya\u015fanan elim tren kazas\u0131nda ya\u015fam\u0131n\u0131 yitiren 25 vatanda\u015f\u0131m\u0131z i\u00e7in s\u00f6ylenecek hi\u00e7bir kelime, hi\u00e7bir anlam ifade etmiyor. 8 Temmuz 2018 tarihinde sorumlular\u0131n g\u00f6revlerini yerine getirmemelerinden kaynaklanan elim kazan\u0131n ac\u0131s\u0131n\u0131 halen y\u00fcre\u011fimizde ya\u015f\u0131yoruz. Bug\u00fcn aradan ge\u00e7en 1 y\u0131l sonunda, kazada yak\u0131nlar\u0131n\u0131 kaybeden vatanda\u015flar\u0131m\u0131z\u0131n y\u00fcr\u00fctt\u00fckleri hukuk m\u00fccadelesi ise halen devam ediyor. Ya\u015fam\u0131n\u0131 yitiren vatanda\u015flar\u0131m\u0131z\u0131n hakk\u0131, hukuku ve adalet i\u00e7in ne gerekiyorsa yap\u0131lmal\u0131, ger\u00e7ek sorumlular mutlaka ortaya \u00e7\u0131kar\u0131larak adalete hesap vermelidir. Bu kazay\u0131, ihmal edenleri, eksik b\u0131rak\u0131lan i\u015fleri ve her \u015feyden \u00f6nemlisi kaybetti\u011fimiz canlar\u0131m\u0131z\u0131 asla unutmamam\u0131z laz\u0131m. Biz \u00c7orlu Belediyesi olarak ya\u015fanan elim kazan\u0131n ard\u0131ndan ya\u015fam\u0131n\u0131 yitiren canlar\u0131m\u0131z\u0131n an\u0131s\u0131n\u0131 ya\u015fatabilmek ve hat\u0131ralar\u0131n\u0131 \u00f6l\u00fcms\u00fczle\u015ftirebilmek i\u00e7in y\u00fcr\u00fctt\u00fc\u011f\u00fcm\u00fcz \u00e7al\u0131\u015fmada sona yakla\u015ft\u0131k. Bu kapsamda 8 Temmuz 2018 tarihini ve tren kazas\u0131n\u0131 an\u0131tla\u015ft\u0131rarak ac\u0131 kay\u0131plar\u0131m\u0131z\u0131 \u00f6l\u00fcms\u00fczle\u015ftiriyoruz. \u00c7orlulu heykel sanat\u00e7\u0131m\u0131z Ersin Alyakut taraf\u0131ndan tasarlanan ve 5 metrekare kaide \u00fczerine in\u015fa edilecek olan an\u0131t\u0131n y\u00fcksekli\u011fi 7 metre, \u00fcst k\u0131s\u0131m eni 1 metre, alt k\u0131s\u0131m eni ise yakla\u015f\u0131k olarak 2 bu\u00e7uk metre olacak. Sar\u0131lar Mahallesi Hat\u0131ra Orman\u0131 i\u00e7inde kazan\u0131n ya\u015fand\u0131\u011f\u0131 alandan g\u00f6r\u00fclecek \u015fekilde in\u015fa edilecek olan an\u0131t\u0131n alt kaidesinde kad\u0131n fig\u00fcr\u00fcn\u00fcn \u00f6n\u00fcnde tren kazas\u0131nda ya\u015fam\u0131n\u0131 yitiren vatanda\u015f\u0131m\u0131z\u0131 simgeleyen 25 \u00e7i\u00e7ek, \u00fcst kaidede ise g\u00f6\u011fe y\u00fckselen ku\u015f fig\u00fcr\u00fc yer alacak\u201d dedi.<\/p>\n<p>\u00c7evre d\u00fczenlemelerinin devam etti\u011fi alanda \u00e7al\u0131\u015fmalar\u0131n k\u0131sa s\u00fcrede tamamlanaca\u011f\u0131 ve kazan\u0131n meydana geldi\u011fi 8 Temmuz tarihinde a\u00e7\u0131l\u0131\u015f\u0131n\u0131n yap\u0131laca\u011f\u0131 kaydedildi.<\/p>\n","protected":false},"excerpt":{"rendered":"<p>\u00c7ORLU BELED\u0130YES\u0130 \u00c7ORLU TREN KAZASINI \u00d6L\u00dcMS\u00dcZLE\u015eT\u0130R\u0130YOR<\/p>\n","protected":false},"author":1,"featured_media":0,"comment_status":"closed","ping_status":"open","sticky":false,"template":"","format":"standard","meta":{"jetpack_post_was_ever_published":false,"_jetpack_newsletter_access":"","_jetpack_dont_email_post_to_subs":false,"_jetpack_newsletter_tier_id":0,"_jetpack_memberships_contains_paywalled_content":false,"_jetpack_memberships_contains_paid_content":false,"footnotes":"","jetpack_publicize_message":"","jetpack_publicize_feature_enabled":true,"jetpack_social_post_already_shared":true,"jetpack_social_options":{"image_generator_settings":{"template":"highway","default_image_id":0,"font":"","enabled":false},"version":2}},"categories":[1],"tags":[383,8686,38863,41712,5044],"class_list":["post-172394","post","type-post","status-publish","format-standard","hentry","category-genel","tag-belediyesi","tag-corlu","tag-kazasini","tag-olumsuzlestiriyor","tag-tren"],"jetpack_publicize_connections":[],"jetpack_featured_media_url":"","jetpack_sharing_enabled":true,"jetpack_shortlink":"https:\/\/wp.me\/paKIfm-IQy","_links":{"self":[{"href":"http:\/\/www.tvturk.com\/index.php\/wp-json\/wp\/v2\/posts\/172394","targetHints":{"allow":["GET"]}}],"collection":[{"href":"http:\/\/www.tvturk.com\/index.php\/wp-json\/wp\/v2\/posts"}],"about":[{"href":"http:\/\/www.tvturk.com\/index.php\/wp-json\/wp\/v2\/types\/post"}],"author":[{"embeddable":true,"href":"http:\/\/www.tvturk.com\/index.php\/wp-json\/wp\/v2\/users\/1"}],"replies":[{"embeddable":true,"href":"http:\/\/www.tvturk.com\/index.php\/wp-json\/wp\/v2\/comments?post=172394"}],"version-history":[{"count":0,"href":"http:\/\/www.tvturk.com\/index.php\/wp-json\/wp\/v2\/posts\/172394\/revisions"}],"wp:attachment":[{"href":"http:\/\/www.tvturk.com\/index.php\/wp-json\/wp\/v2\/media?parent=172394"}],"wp:term":[{"taxonomy":"category","embeddable":true,"href":"http:\/\/www.tvturk.com\/index.php\/wp-json\/wp\/v2\/categories?post=172394"},{"taxonomy":"post_tag","embeddable":true,"href":"http:\/\/www.tvturk.com\/index.php\/wp-json\/wp\/v2\/tags?post=172394"}],"curies":[{"name":"wp","href":"https:\/\/api.w.org\/{rel}","templated":true}]}}