{"id":172416,"date":"2019-06-21T16:32:40","date_gmt":"2019-06-21T13:32:40","guid":{"rendered":"http:\/\/www.tvturk.com\/index.php\/nuri-sahin-keske-turkiyede-derbi-oynasaydim-diyebilirim\/"},"modified":"2019-06-21T16:32:40","modified_gmt":"2019-06-21T13:32:40","slug":"nuri-sahin-keske-turkiyede-derbi-oynasaydim-diyebilirim","status":"publish","type":"post","link":"http:\/\/www.tvturk.com\/index.php\/nuri-sahin-keske-turkiyede-derbi-oynasaydim-diyebilirim\/","title":{"rendered":"Nuri \u015eahin: &#8220;Ke\u015fke T\u00fcrkiye\u2019de derbi oynasayd\u0131m diyebilirim&#8221;"},"content":{"rendered":"<p>Almanya Bundesliga ekiplerinden Werder Bremen\u2019de forma giyen milli futbolcu Nuri \u015eahin, futbolu b\u0131rakt\u0131ktan sonra T\u00fcrkiye ile ilgili \u201cKe\u015fke bir derbi oynasayd\u0131m diyebilirim\u201d dedi.<\/p>\n<p>Real Madrid, Borussia Dortmund ve Liverpool gibi Avrupa\u2019n\u0131n \u00f6nde gelen kul\u00fcplerinde forma giymi\u015f olan milli futbolcu Nuri \u015eahin, \u2019Nuri \u015eahin Akademi\u2019 etkinli\u011finde bas\u0131n mensuplar\u0131na a\u00e7\u0131klamalarda bulundu. Deneyimli futbolcu, akademi ile iyi i\u015fler yapmak istedi\u011fini ifade ederek, &#8220;Nuri \u015eahin akademinin ilk etab\u0131 ile \u00e7ocukluk hayalimin bir par\u00e7as\u0131n\u0131 ger\u00e7ekle\u015ftiriyorum. G\u00fczel i\u015flere imza atmak istiyoruz. T\u00fcrk futbolu i\u00e7in kollar\u0131 s\u0131vad\u0131k. Hep beraber T\u00fcrk futbolunu daha iyi yerlere nas\u0131l getiririz diye d\u00fc\u015f\u00fcn\u00fcyoruz. Herkesin deste\u011fine ihtiyac\u0131m\u0131z var. Nuri \u015eahin Akademi olarak iyi bir ba\u015flang\u0131\u00e7 yapar\u0131z&#8221; \u015feklinde konu\u015ftu.<\/p>\n<p>&#8220;Milli tak\u0131m iyi bir jenerasyon yakalad\u0131&#8221;<\/p>\n<p>A Milli Futbol Tak\u0131m\u0131\u2019n\u0131n yakalad\u0131\u011f\u0131 jenerasyonu de\u011ferlendiren \u015eahin, &#8220;Ben bu i\u015fe ba\u015flad\u0131\u011f\u0131mda T\u00fcrk futbolunu kurtaran adam olarak gelmedim. Bunu s\u00f6ylemek zaten sayg\u0131s\u0131zl\u0131k olur. Ben katk\u0131 sa\u011flayaca\u011f\u0131mdan emin oldu\u011fum i\u00e7in bu yola ba\u015fvurdum. T\u00fcrk futbolunun \u015fu anki durumu daha iyi olabilir mi tabi ki olur. T\u00fcrk sporunun iyi yerlere gelmesi laz\u0131m. Biz kollar\u0131 s\u0131vad\u0131k. Milli tak\u0131m \u015fu anda iyi bir jenerasyon yakalad\u0131. Att\u0131klar\u0131 golden sonra sahadaki sevin\u00e7leri umut veriyor. Onlara zaman tan\u0131mam\u0131z gerekiyor. Onlar bizim en b\u00fcy\u00fck de\u011ferlerimiz. Onlar kazand\u0131\u011f\u0131 zaman biz sokaklara d\u00f6k\u00fcl\u00fcyoruz. Ben 15 senedir umutluyum. Her zaman pozitif d\u00fc\u015f\u00fcnmek istiyorum. \u00c7ok iyi i\u015fler yapaca\u011f\u0131z. B\u00fcy\u00fck turnuvalarda iyi dereceler elde edece\u011fiz&#8221; ifadelerini kulland\u0131.<\/p>\n<p>&#8220;Avrupa\u2019daki gen\u00e7lerin say\u0131s\u0131 artt\u0131k\u00e7a mutlu oluyorum&#8221;<\/p>\n<p>Nuri \u015eahin, Avrupa\u2019da forma giyen gen\u00e7 T\u00fcrk futbolcular\u0131n performanslar\u0131n\u0131 be\u011fendi\u011fini ifade ederek, \u201c\u00d6zellikle T\u00fcrkiye\u2019den yurt d\u0131\u015f\u0131na giden futbolcular gayet ba\u015far\u0131l\u0131. Gen\u00e7 olmalar\u0131na ra\u011fmen adaptasyon s\u00fcresini iyi ge\u00e7irdiler. Onu iyi ge\u00e7irirsen bu sahaya da yans\u0131yor. Cengiz\u2019e bakt\u0131\u011f\u0131m\u0131z zaman Cengiz sosyal medyada foto\u011fraf payla\u015f\u0131yor. Foto\u011fraf\u0131n alt\u0131na De Rossiler yorum yap\u0131yor. Bu Cengiz\u2019in iyi i\u015fler yapt\u0131\u011f\u0131n\u0131 g\u00f6steriyor. Okay \u00e7ok ba\u015far\u0131l\u0131. Merih Demiral, \u00e7ok yetenekli futbolcu. Bunlar\u0131n say\u0131s\u0131 artt\u0131k\u00e7a mutlu oluyorum. \u0130yi ki onlara yol a\u00e7m\u0131\u015f\u0131z. \u00c7ok \u00e7ok ba\u015far\u0131l\u0131 olacaklard\u0131r. Buradan sonra bize destek vermek d\u00fc\u015fer\u201d diye konu\u015ftu. Deneyimli futbolcu, Real Madrid\u2019e transfer oldu\u011fu d\u00f6nemde ger\u00e7ekle\u015ftirilen imza t\u00f6reninde T\u00fcrk bas\u0131n mensuplar\u0131n\u0131n da bulunmad\u0131\u011f\u0131n\u0131 s\u00f6yledi.<\/p>\n<p>&#8220;Futbolu b\u0131rakt\u0131ktan sonra T\u00fcrk futboluna katk\u0131 sa\u011flamak isterim&#8221;<\/p>\n<p>30 ya\u015f\u0131ndaki futbolcu, T\u00fcrkiye Futbol Federasyonu Ba\u015fkan\u0131 Nihat \u00d6zdemir\u2019in y\u00f6netim kurulu listesinde yer alan eski milli oyuncu Hamit Alt\u0131ntop ile ilgili de konu\u015farak, \u201cYeni federasyon hay\u0131rl\u0131 olsun. Benim i\u00e7in yeni federasyonda en \u00f6zel isim Hamit Alt\u0131ntop. Her zaman \u00f6rnek ald\u0131\u011f\u0131m bir isim. Milli tak\u0131mda senelerce beraber oynad\u0131k. T\u00fcrk futbolu i\u00e7in d\u00fc\u015f\u00fcnceleri vard\u0131. Geldi\u011fi konum da bunu g\u00f6steriyor. Futbolu b\u0131rakt\u0131ktan sonra bir \u015feyleri geri vermek i\u00e7in kollar\u0131 s\u0131vad\u0131. Vizyonlu bir insan ve futbolu seviyor. T\u00fcrkiye\u2019yi \u00e7ok seviyor. Ben de isterim ama \u015fu anda futbolcuyum futbolu b\u0131rakt\u0131ktan sonra T\u00fcrk futboluna katk\u0131 sa\u011flamak isterim\u201d  a\u00e7\u0131klamas\u0131n\u0131 yapt\u0131.<\/p>\n<p>&#8220;\u00dclkemizdeki de\u011ferli futbolcular\u0131n \u00fczerinde durmal\u0131y\u0131z&#8221;<\/p>\n<p>T\u00fcrk futbolunda s\u0131k s\u0131k g\u00fcndeme gelen yabanc\u0131 s\u0131n\u0131r\u0131 tart\u0131\u015fmas\u0131 ile ilgili d\u00fc\u015f\u00fcncelerini aktaran \u015eahin, \u015fu ifadelere yer verdi:<\/p>\n<p>&#8220;30 ya\u015f\u0131na girmi\u015f bir futbolcu olarak hi\u00e7bir zaman yabanc\u0131 kontenjan\u0131 olsun olmas\u0131n konusuna girmedim. Yurt d\u0131\u015f\u0131nda hi\u00e7 olmad\u0131\u011f\u0131 kadar futbolcumuz var. \u00c7ok iyi oynuyorlar. Eskiden milli ma\u00e7lara giderdik. \u00c7ekya ile oynuyorsun tak\u0131m\u0131n \u00e7o\u011fu Arsenal, Dortmund\u2019da oynayan futbolcular olurdu bizde de bir iki tane vard\u0131. Kul\u00fcplerimiz \u00e7ok de\u011ferli ama gen\u00e7 futbolcu geli\u015fimi i\u00e7in ne kadar erken yurt d\u0131\u015f\u0131na \u00e7\u0131karlarsa bizim i\u00e7in o kadar iyi. Oyuncular yurt d\u0131\u015f\u0131na \u00e7\u0131k\u0131yor mu \u00e7\u0131km\u0131yor mu ona bak\u0131yorum. \u015eu an her \u015fey yolunda. Cengiz gibi bir yetenek \u00e7\u0131kt\u0131. Bizim \u00fclkemizde de\u011ferli futbolcular var. Onlar\u0131n \u00fczerinde durmam\u0131z gerekiyor.&#8221;<\/p>\n<p>&#8220;Ke\u015fke T\u00fcrkiye\u2019de bir derbi oynasayd\u0131m diyebilirim&#8221;<\/p>\n<p>Deneyimli futbolcu, \u015fu anda T\u00fcrkiye\u2019de forma giymeyi d\u00fc\u015f\u00fcnmedi\u011fini belirterek, \u201c\u015eu anda Almanya\u2019da mutluyum. De\u011ferli bir hoca ile \u00e7al\u0131\u015f\u0131yorum. Futbol sonras\u0131 hayat\u0131m i\u00e7in deneyim elde ediyorum. \u015eu anki tak\u0131m\u0131m Dortmund, Real Madrid seviyesi de\u011fil ama yeniden o i\u00e7imdeki futbol sevgisini \u00e7\u0131karan bir tak\u0131mda \u00e7al\u0131\u015f\u0131yorum. B\u00f6yle bir d\u00fc\u015f\u00fcncem yok ama futbolu b\u0131rakt\u0131\u011f\u0131mda \u2019Ke\u015fke T\u00fcrkiye\u2019de bir derbi oynasayd\u0131m\u2019 diyebilirim&#8221; ifadelerini kulland\u0131.<\/p>\n<p>&#8220;Milli tak\u0131ma saha d\u0131\u015f\u0131nda katk\u0131 sa\u011flamak isterim&#8221;<\/p>\n<p>Milli tak\u0131mda saha d\u0131\u015f\u0131 g\u00f6revlere gelip katk\u0131 sa\u011flamak isteyebilece\u011finin alt\u0131n\u0131 \u00e7izen \u015eahin, \u201cMilli tak\u0131m\u0131n en b\u00fcy\u00fck taraftar\u0131y\u0131m. Karar\u0131m\u0131n arkas\u0131nday\u0131m \u00e7ok do\u011fru bir karar verdim. Misyonumu tamamlamad\u0131m. 13-14 senede tek turnuvaya kat\u0131ld\u0131m. Hem benim ad\u0131ma hem T\u00fcrk futbolu ad\u0131na olumsuz nokta. Oyuncu olarak d\u00f6nmeyi d\u00fc\u015f\u00fcnm\u00fcyorum. \u00c7ok de\u011ferli oyuncular var onlar\u0131n oynamas\u0131n\u0131 istiyorum. Hocam se\u00e7se ister istemez rekabet olacak, bunlara gerek yok. Kaliteli futbolcular\u0131m\u0131z var. Saha d\u0131\u015f\u0131nda katk\u0131 sa\u011flamak isterim. \u00d6n\u00fcm\u00fczdeki y\u0131llarda Nuri \u015eahin\u2019i iyi yerlerde g\u00f6rece\u011finizden eminim\u201d \u015feklinde konu\u015ftu.<\/p>\n","protected":false},"excerpt":{"rendered":"<p>REAL MADR\u0130D, BORUSS\u0130A DORTMUND VE L\u0130VERPOOL G\u0130B\u0130 AVRUPA\u2019NIN \u00d6NDE GELEN KUL\u00dcPLER\u0130NDE FORMA G\u0130YM\u0130\u015e OLAN M\u0130LL\u0130 FUTBOLCU NUR\u0130 \u015eAH\u0130N, &#8216;NUR\u0130 \u015eAH\u0130N AKADEM\u0130&#8217; ETK\u0130NL\u0130\u011e\u0130NDE BASIN MENSUPLARINA A\u00c7IKLAMALARDA BULUNDU.<\/p>\n","protected":false},"author":1,"featured_media":0,"comment_status":"closed","ping_status":"open","sticky":false,"template":"","format":"standard","meta":{"jetpack_post_was_ever_published":false,"_jetpack_newsletter_access":"","_jetpack_dont_email_post_to_subs":false,"_jetpack_newsletter_tier_id":0,"_jetpack_memberships_contains_paywalled_content":false,"_jetpack_memberships_contains_paid_content":false,"footnotes":"","jetpack_publicize_message":"","jetpack_publicize_feature_enabled":true,"jetpack_social_post_already_shared":true,"jetpack_social_options":{"image_generator_settings":{"template":"highway","default_image_id":0,"font":"","enabled":false},"version":2}},"categories":[657],"tags":[25405,8749,18488,10607,41722,1863,2383],"class_list":["post-172416","post","type-post","status-publish","format-standard","hentry","category-spor","tag-keske","tag-derbi","tag-diyebilirim","tag-nuri","tag-oynasaydim","tag-sahin","tag-turkiyede"],"jetpack_publicize_connections":[],"jetpack_featured_media_url":"","jetpack_sharing_enabled":true,"jetpack_shortlink":"https:\/\/wp.me\/paKIfm-IQU","_links":{"self":[{"href":"http:\/\/www.tvturk.com\/index.php\/wp-json\/wp\/v2\/posts\/172416","targetHints":{"allow":["GET"]}}],"collection":[{"href":"http:\/\/www.tvturk.com\/index.php\/wp-json\/wp\/v2\/posts"}],"about":[{"href":"http:\/\/www.tvturk.com\/index.php\/wp-json\/wp\/v2\/types\/post"}],"author":[{"embeddable":true,"href":"http:\/\/www.tvturk.com\/index.php\/wp-json\/wp\/v2\/users\/1"}],"replies":[{"embeddable":true,"href":"http:\/\/www.tvturk.com\/index.php\/wp-json\/wp\/v2\/comments?post=172416"}],"version-history":[{"count":0,"href":"http:\/\/www.tvturk.com\/index.php\/wp-json\/wp\/v2\/posts\/172416\/revisions"}],"wp:attachment":[{"href":"http:\/\/www.tvturk.com\/index.php\/wp-json\/wp\/v2\/media?parent=172416"}],"wp:term":[{"taxonomy":"category","embeddable":true,"href":"http:\/\/www.tvturk.com\/index.php\/wp-json\/wp\/v2\/categories?post=172416"},{"taxonomy":"post_tag","embeddable":true,"href":"http:\/\/www.tvturk.com\/index.php\/wp-json\/wp\/v2\/tags?post=172416"}],"curies":[{"name":"wp","href":"https:\/\/api.w.org\/{rel}","templated":true}]}}