{"id":172444,"date":"2019-06-21T17:02:54","date_gmt":"2019-06-21T14:02:54","guid":{"rendered":"http:\/\/www.tvturk.com\/index.php\/orduda-findik-muzesi-aciliyor\/"},"modified":"2019-06-21T17:02:54","modified_gmt":"2019-06-21T14:02:54","slug":"orduda-findik-muzesi-aciliyor","status":"publish","type":"post","link":"http:\/\/www.tvturk.com\/index.php\/orduda-findik-muzesi-aciliyor\/","title":{"rendered":"Ordu\u2019da \u2018F\u0131nd\u0131k M\u00fczesi\u2019 a\u00e7\u0131l\u0131yor"},"content":{"rendered":"<p>Ordu Valisi Seddar yavuz, bir s\u00fcre \u00f6nce restore edilen Kahraman Sa\u011fra Kona\u011f\u0131\u2019nda f\u0131nd\u0131\u011f\u0131n hikayesini yans\u0131tan \u2018F\u0131nd\u0131k M\u00fczesi\u2019ni a\u00e7\u0131laca\u011f\u0131n\u0131 a\u00e7\u0131klad\u0131.<\/p>\n<p>Vali Seddar Yavuz, Alt\u0131nordu il\u00e7esinin Selimiye Mahallesi\u2019nde bulunan K\u00fclt\u00fcr ve Turizm Bakanl\u0131\u011f\u0131nca restorasyon \u00e7al\u0131\u015fmalar\u0131 tamamlanarak, &#8220;F\u0131nd\u0131\u011f\u0131n \u00d6yk\u00fcs\u00fc M\u00fczesi&#8221;ne d\u00f6n\u00fc\u015ft\u00fcr\u00fclecek olan Kahraman Sa\u011fra Kona\u011f\u0131\u2019nda incelemelerde bulundu.<\/p>\n<p>Restorasyon \u00e7al\u0131\u015fmas\u0131 tamamlanan Kahraman Sa\u011fra Kona\u011f\u0131\u2019n\u0131n, \u2018F\u0131nd\u0131k M\u00fczesi\u2019 haline getirilecek ve f\u0131nd\u0131\u011f\u0131n b\u00fct\u00fcn hikayesinin bu m\u00fczede sergilenecek olan t\u00fcm odalar\u0131n\u0131 gezerek, Samsun R\u00f6l\u00f6ve ve An\u0131tlar M\u00fcd\u00fcr\u00fc Ali Sar\u0131alio\u011flu ile \u0130l K\u00fclt\u00fcr ve Turizm M\u00fcd\u00fcr\u00fc U\u011fur Toparlak\u2019tan detayl\u0131 bilgi alan Vali Yavuz, f\u0131nd\u0131k aletlerinin de yer alaca\u011f\u0131 kona\u011f\u0131n odalar\u0131nda nas\u0131l bir dizayn yap\u0131laca\u011f\u0131 konusunda projenin y\u00fcklenici firma sorumlular\u0131 Esat Co\u015fkun ile Abdurrahman Al\u0131nak\u2019tan ayr\u0131nt\u0131l\u0131 bilgi ald\u0131.<\/p>\n<p>\u201cEski Vali Kona\u011f\u0131 \u00c7ocuk K\u00fct\u00fcphanesi olarak a\u00e7\u0131lacak\u201d<\/p>\n<p>Vali Seddar Yavuz, daha sonra Alt\u0131nordu il\u00e7esinin Ta\u015fba\u015f\u0131 Mahallesi\u2019nde bulunan, K\u00fclt\u00fcr ve Turizm Bakanl\u0131\u011f\u0131nca restorasyon \u00e7al\u0131\u015fmalar\u0131 tamamlanan ve &#8220;\u00c7ocuk K\u00fct\u00fcphanesi&#8221; olarak hizmet verecek olan Eski Vali Kona\u011f\u0131 binas\u0131nda da incelemelerde bulundu.<\/p>\n<p>Ta\u015fba\u015f\u0131 Mahallesi S\u0131tk\u0131can Caddesi\u2019nin giri\u015finde yer alan, 19. y\u00fczy\u0131l\u0131n sonlar\u0131na do\u011fru Osmanl\u0131 mimarisiyle yap\u0131lan, Cumhuriyetin ilk y\u0131llar\u0131ndan itibaren 1970\u2019li y\u0131llar\u0131n ba\u015f\u0131na kadar valilik konutu olarak kullan\u0131lan ve 1973 y\u0131l\u0131na kadar 31 valinin konut olarak kulland\u0131\u011f\u0131 \u015fimdilerde \u00e7ocuk k\u00fct\u00fcphanesi olarak hizmet verecek olan \u201cEski Vali Kona\u011f\u0131\u201d binas\u0131na ge\u00e7erek, Samsun R\u00f6l\u00f6ve ve An\u0131tlar M\u00fcd\u00fcr\u00fc Ali Sar\u0131alio\u011flu\u2019ndan bilgi ald\u0131. Vali Seddar Yavuz, Alt\u0131nordu il\u00e7esinin Ta\u015fba\u015f\u0131 mahallesinde bulunan K\u00fclt\u00fcr ve Turizm Bakanl\u0131\u011f\u0131nca restorasyon \u00e7al\u0131\u015fmalar\u0131 s\u00fcrd\u00fcr\u00fclen Eski Kilise binas\u0131nda da incelemelerde bulundu. \u0130n\u015faat \u00e7al\u0131\u015fmalar\u0131nda g\u00f6revli i\u015f\u00e7ilerle bir s\u00fcre sohbet etti, onlarla hat\u0131ra foto\u011fraf\u0131 \u00e7ektirdi ve yemek masalar\u0131na misafir oldu.<\/p>\n<p>Uzun y\u0131llar Valilik Kona\u011f\u0131 olarak hizmet g\u00f6rm\u00fc\u015f, bir\u00e7ok valinin an\u0131lar\u0131n\u0131 bar\u0131nd\u0131ran konak binas\u0131n\u0131n \u00e7ocuk k\u00fct\u00fcphanesi olarak planland\u0131\u011f\u0131n\u0131 ve son a\u015famaya gelindi\u011fini belirten Vali Yavuz, \u201d\u00dcmit ediyorum birka\u00e7 ay i\u00e7erisinde a\u00e7aca\u011f\u0131z. \u015eehrimizdeki t\u00fcm tarihi yap\u0131lar\u0131 restore etmeye, onlara bir fonksiyon ve i\u015flev kazand\u0131rmaya elimizden geldi\u011fi kadar gayret ediyoruz\u201d dedi ve sokak sa\u011fl\u0131kla\u015ft\u0131rmas\u0131 kapsam\u0131nda Ta\u015fba\u015f\u0131 Mahallesi\u2019nde 72 binan\u0131n restorasyonuna devam edildi\u011fini ifade etti.<\/p>\n<p>\u201cF\u0131nd\u0131\u011f\u0131n Ba\u015fkenti Ordu\u2019ya F\u0131nd\u0131\u011f\u0131n \u00d6yk\u00fcs\u00fc M\u00fczesinde sona geldik\u201d<\/p>\n<p>Yapt\u0131\u011f\u0131 inceleme gezisi sonras\u0131 bir de\u011ferlendirmede bulunan Vali Seddar Yavuz, \u201cF\u0131nd\u0131k deyince Ordu akla geliyor. F\u0131nd\u0131\u011f\u0131 tar\u0131msal bir \u00fcr\u00fcn, sanayi \u00fcr\u00fcn\u00fc, ge\u00e7im kayna\u011f\u0131 olarak g\u00f6rmek m\u00fcmk\u00fcn de\u011fil. F\u0131nd\u0131k, asl\u0131nda hayat\u0131m\u0131z\u0131n her bir alan\u0131n\u0131 etkileyen \u00f6nemli bir \u00fcr\u00fcnd\u00fcr. Karadeniz\u2019de f\u0131nd\u0131\u011f\u0131n ba\u015fkenti Ordu\u2019da b\u00f6yle bir m\u00fczenin olmas\u0131 ve bununla ilgili olarak da gayretli \u00e7al\u0131\u015fmalar neticesinde sonuca gelmi\u015f bulunuyoruz. \u00c7ok k\u0131sa bir zaman sonra Kahraman Sa\u011fra Kona\u011f\u0131\u2019nda f\u0131nd\u0131\u011f\u0131n hikayesini yans\u0131tan \u2018F\u0131nd\u0131k M\u00fczesi\u2019ni a\u00e7m\u0131\u015f olaca\u011f\u0131z. Bu vesileyle f\u0131nd\u0131\u011fa emek veren emek\u00e7i karde\u015flerimize \u00fcretimini, ticaretini yapan karde\u015flerimize hay\u0131rl\u0131 u\u011furlu olmas\u0131n\u0131 temenni ediyorum\u201d diye konu\u015ftu.<\/p>\n<p>Vali Seddar Yavuz, restorasyon \u00e7al\u0131\u015fmalar\u0131n\u0131 ba\u015flatan K\u00fclt\u00fcr ve Turizm Bakanl\u0131\u011f\u0131na, restorasyon projesi ve kontroll\u00fck hizmetlerini yerine getiren Samsun R\u00f6l\u00f6ve ve An\u0131tlar M\u00fcd\u00fcrl\u00fc\u011f\u00fcne, \u0130l K\u00fclt\u00fcr ve Turizm M\u00fcd\u00fcrl\u00fc\u011f\u00fcne ve eme\u011fi ge\u00e7enlere ayr\u0131 ayr\u0131 te\u015fekk\u00fcr etti.<\/p>\n","protected":false},"excerpt":{"rendered":"<p>ORDU VAL\u0130S\u0130 SEDDAR YAVUZ, B\u0130R S\u00dcRE \u00d6NCE RESTORE ED\u0130LEN KAHRAMAN SA\u011eRA KONA\u011eI&#8217;NDA FINDI\u011eIN H\u0130KAYES\u0130N\u0130 YANSITAN \u2018FINDIK M\u00dcZES\u0130\u2019N\u0130 A\u00c7ILACA\u011eINI A\u00c7IKLADI.<\/p>\n","protected":false},"author":1,"featured_media":0,"comment_status":"closed","ping_status":"open","sticky":false,"template":"","format":"standard","meta":{"jetpack_post_was_ever_published":false,"_jetpack_newsletter_access":"","_jetpack_dont_email_post_to_subs":false,"_jetpack_newsletter_tier_id":0,"_jetpack_memberships_contains_paywalled_content":false,"_jetpack_memberships_contains_paid_content":false,"footnotes":"","jetpack_publicize_message":"","jetpack_publicize_feature_enabled":true,"jetpack_social_post_already_shared":true,"jetpack_social_options":{"image_generator_settings":{"template":"highway","default_image_id":0,"font":"","enabled":false},"version":2}},"categories":[656],"tags":[3105,617,802,363],"class_list":["post-172444","post","type-post","status-publish","format-standard","hentry","category-kultur-sanat","tag-aciliyor","tag-findik","tag-muzesi","tag-orduda"],"jetpack_publicize_connections":[],"jetpack_featured_media_url":"","jetpack_sharing_enabled":true,"jetpack_shortlink":"https:\/\/wp.me\/paKIfm-IRm","_links":{"self":[{"href":"http:\/\/www.tvturk.com\/index.php\/wp-json\/wp\/v2\/posts\/172444","targetHints":{"allow":["GET"]}}],"collection":[{"href":"http:\/\/www.tvturk.com\/index.php\/wp-json\/wp\/v2\/posts"}],"about":[{"href":"http:\/\/www.tvturk.com\/index.php\/wp-json\/wp\/v2\/types\/post"}],"author":[{"embeddable":true,"href":"http:\/\/www.tvturk.com\/index.php\/wp-json\/wp\/v2\/users\/1"}],"replies":[{"embeddable":true,"href":"http:\/\/www.tvturk.com\/index.php\/wp-json\/wp\/v2\/comments?post=172444"}],"version-history":[{"count":0,"href":"http:\/\/www.tvturk.com\/index.php\/wp-json\/wp\/v2\/posts\/172444\/revisions"}],"wp:attachment":[{"href":"http:\/\/www.tvturk.com\/index.php\/wp-json\/wp\/v2\/media?parent=172444"}],"wp:term":[{"taxonomy":"category","embeddable":true,"href":"http:\/\/www.tvturk.com\/index.php\/wp-json\/wp\/v2\/categories?post=172444"},{"taxonomy":"post_tag","embeddable":true,"href":"http:\/\/www.tvturk.com\/index.php\/wp-json\/wp\/v2\/tags?post=172444"}],"curies":[{"name":"wp","href":"https:\/\/api.w.org\/{rel}","templated":true}]}}