{"id":172472,"date":"2019-06-21T18:01:49","date_gmt":"2019-06-21T15:01:49","guid":{"rendered":"http:\/\/www.tvturk.com\/index.php\/gursudan-gobeklitepeye-kultur-koprusu\/"},"modified":"2019-06-21T18:01:49","modified_gmt":"2019-06-21T15:01:49","slug":"gursudan-gobeklitepeye-kultur-koprusu","status":"publish","type":"post","link":"http:\/\/www.tvturk.com\/index.php\/gursudan-gobeklitepeye-kultur-koprusu\/","title":{"rendered":"G\u00fcrsu\u2019dan G\u00f6beklitepe\u2019ye k\u00fclt\u00fcr k\u00f6pr\u00fcs\u00fc"},"content":{"rendered":"<p>G\u00fcrsu Belediyesi, tarihe sahip \u00e7\u0131kan projeleriyle ge\u00e7mi\u015fin izlerini gelece\u011fe ta\u015f\u0131yor.<\/p>\n<p>G\u00fcrsu Belediyesi ile Bursa Bili\u015fim ve Y\u00f6neti\u015fim Derne\u011fi ortakl\u0131\u011f\u0131nda haz\u0131rlanan \u201cTarihin S\u0131f\u0131r Noktas\u0131ndan Gelece\u011fe: G\u00f6beklitepe Projesi\u201d, \u0130\u00e7i\u015fleri Bakanl\u0131\u011f\u0131 Sivil Toplumla \u0130li\u015fkiler Genel M\u00fcd\u00fcrl\u00fc\u011f\u00fc taraf\u0131ndan hibe deste\u011fi almaya hak kazand\u0131. Proje ile 12 bin y\u0131l boyunca do\u011fal \u00e7evresi i\u00e7inde dokunulmadan kalan ve en \u00f6nemli k\u00fclt\u00fcrel arkeolojik buluntular\u0131n yer ald\u0131\u011f\u0131 G\u00f6beklitepe\u2019nin tan\u0131t\u0131larak k\u00fclt\u00fcr turizmine a\u00e7\u0131lmas\u0131 hedefleniyor. Projeyle, tarih, medeniyet ve k\u00fclt\u00fcrel de\u011ferlerin incelenmesi ve tarihi miras\u0131n gelecek nesillere aktar\u0131lmas\u0131 hedefleniyor.<\/p>\n<p>\u201cCumhurba\u015fkan\u0131m\u0131z Recep Tayyip Erdo\u011fan taraf\u0131ndan 2019 y\u0131l\u0131n\u0131n G\u00f6beklitepe y\u0131l\u0131 il\u00e2n edilmesi vesilesiyle, belediyemiz ile Bursa Bili\u015fim ve Y\u00f6neti\u015fim Derne\u011fi ortakl\u0131\u011f\u0131nda haz\u0131rlanan projemiz, Bursa\u2019da kabul g\u00f6ren 3 projeden biri oldu. Projeyle, k\u00fclt\u00fcrel miras\u0131m\u0131z\u0131n \u00f6neminin gelecek nesillere aktar\u0131lmas\u0131na, yurti\u00e7i ve yurtd\u0131\u015f\u0131 tan\u0131t\u0131ma ve turizm hareketlili\u011fine katk\u0131 sa\u011flamay\u0131 planlad\u0131k\u201d dedi.<\/p>\n<p>&#8220;2019 G\u00f6beklitepe y\u0131l\u0131&#8221; dolay\u0131s\u0131yla Bursa\u2019da ya\u015fayan 45 gen\u00e7, Urfa G\u00f6beklitepe\u2019de bulunan tarihi \u00f6ren yerlerini g\u00f6rme f\u0131rsat\u0131 elde edecek. Seminerler, \u015eanl\u0131urfa, Gaziantep, Mardin illerinde inceleme gezileri d\u00fczenlenecek. Ayr\u0131ca proje \u00e7er\u00e7evesinde bir tan\u0131t\u0131m filmi haz\u0131rlanarak 500 ki\u015fiye ula\u015f\u0131lmas\u0131 hedefleniyor.<\/p>\n","protected":false},"excerpt":{"rendered":"<p>G\u00dcRSU BELED\u0130YES\u0130, TAR\u0130HE SAH\u0130P \u00c7IKAN PROJELER\u0130YLE GE\u00c7M\u0130\u015e\u0130N \u0130ZLER\u0130N\u0130 GELECE\u011eE TA\u015eIYOR.<\/p>\n","protected":false},"author":1,"featured_media":0,"comment_status":"closed","ping_status":"open","sticky":false,"template":"","format":"standard","meta":{"jetpack_post_was_ever_published":false,"_jetpack_newsletter_access":"","_jetpack_dont_email_post_to_subs":false,"_jetpack_newsletter_tier_id":0,"_jetpack_memberships_contains_paywalled_content":false,"_jetpack_memberships_contains_paid_content":false,"footnotes":"","jetpack_publicize_message":"","jetpack_publicize_feature_enabled":true,"jetpack_social_post_already_shared":true,"jetpack_social_options":{"image_generator_settings":{"template":"highway","default_image_id":0,"font":"","enabled":false},"version":2}},"categories":[1],"tags":[38201,23263,2524,630],"class_list":["post-172472","post","type-post","status-publish","format-standard","hentry","category-genel","tag-gobeklitepeye","tag-gursudan","tag-koprusu","tag-kultur"],"jetpack_publicize_connections":[],"jetpack_featured_media_url":"","jetpack_sharing_enabled":true,"jetpack_shortlink":"https:\/\/wp.me\/paKIfm-IRO","_links":{"self":[{"href":"http:\/\/www.tvturk.com\/index.php\/wp-json\/wp\/v2\/posts\/172472","targetHints":{"allow":["GET"]}}],"collection":[{"href":"http:\/\/www.tvturk.com\/index.php\/wp-json\/wp\/v2\/posts"}],"about":[{"href":"http:\/\/www.tvturk.com\/index.php\/wp-json\/wp\/v2\/types\/post"}],"author":[{"embeddable":true,"href":"http:\/\/www.tvturk.com\/index.php\/wp-json\/wp\/v2\/users\/1"}],"replies":[{"embeddable":true,"href":"http:\/\/www.tvturk.com\/index.php\/wp-json\/wp\/v2\/comments?post=172472"}],"version-history":[{"count":0,"href":"http:\/\/www.tvturk.com\/index.php\/wp-json\/wp\/v2\/posts\/172472\/revisions"}],"wp:attachment":[{"href":"http:\/\/www.tvturk.com\/index.php\/wp-json\/wp\/v2\/media?parent=172472"}],"wp:term":[{"taxonomy":"category","embeddable":true,"href":"http:\/\/www.tvturk.com\/index.php\/wp-json\/wp\/v2\/categories?post=172472"},{"taxonomy":"post_tag","embeddable":true,"href":"http:\/\/www.tvturk.com\/index.php\/wp-json\/wp\/v2\/tags?post=172472"}],"curies":[{"name":"wp","href":"https:\/\/api.w.org\/{rel}","templated":true}]}}