{"id":172478,"date":"2019-06-21T18:17:13","date_gmt":"2019-06-21T15:17:13","guid":{"rendered":"http:\/\/www.tvturk.com\/index.php\/bb-erzurumsporda-muzaffer-bilazer-donemi-2\/"},"modified":"2019-06-21T18:17:13","modified_gmt":"2019-06-21T15:17:13","slug":"bb-erzurumsporda-muzaffer-bilazer-donemi-2","status":"publish","type":"post","link":"http:\/\/www.tvturk.com\/index.php\/bb-erzurumsporda-muzaffer-bilazer-donemi-2\/","title":{"rendered":"BB Erzurumspor\u2019da Muzaffer Bilazer d\u00f6nemi"},"content":{"rendered":"<p>S\u00fcper Lig\u2019e veda eden ve \u00f6n\u00fcm\u00fczdeki sezon Spor Toto 1. Lig\u2019de m\u00fccadele edecek olan BB Erzurumspor\u2019da teknik direkt\u00f6rl\u00fc\u011f\u00fcne \u00dcmit Milli Tak\u0131m yard\u0131mc\u0131 antren\u00f6r\u00fc Muzaffer Bilazer getirildi.<\/p>\n<p>BB Erzurumspor\u2019un yeni teknik direkt\u00f6r\u00fc Muzaffer Bilazer oldu. Erzurumspor tesislerinde d\u00fczenlenen imza t\u00f6reninde konu\u015fan Muzaffer Bilazer, \u201cHayalim burada \u00e7ok ba\u015far\u0131l\u0131 olmak. Futbolda hedefimiz BB Erzurumspor\u2019u Avrupa haritas\u0131na yerle\u015ftirmek\u201d dedi. Erzurumspor\u2019un kendisi i\u00e7in \u00e7ok \u00f6zel anlamlar ifade etti\u011fini de dile getiren Bilazer, \u201cBB Erzurumsor teknik direkt\u00f6rl\u00fc\u011f\u00fcne getirilmemden dolay\u0131 ba\u015fkan\u0131ma ve y\u00f6netim kuruluna te\u015fekk\u00fcr ediyorum. De\u011ferli bir g\u00f6rev ve makam oldu\u011funu biliyorum. Hayat\u0131m\u0131n en \u00f6nemli imzas\u0131n\u0131 at\u0131yorum. 1997-2000 y\u0131llar\u0131nda Erzurumspor formas\u0131n\u0131 giydim. \u015eampiyonluk ya\u015fad\u0131k. BB Erzurumspor hayat\u0131m\u0131n \u00f6nemli bir par\u00e7as\u0131 oldu. Zirveyi de en ac\u0131 g\u00fcnleri de g\u00f6rd\u00fcm. Bundan sonraki s\u00fcre\u00e7 i\u00e7erisinde y\u00f6netimle, taraftarlarla, bas\u0131n ile birlikte hareket ederek bir aile gibi yol alarak \u00e7ok b\u00fcy\u00fck i\u015flere imza ataca\u011f\u0131m\u0131za inan\u0131yorum. Hayalim burada \u00e7ok ba\u015far\u0131l\u0131 olmak. Futbolda Erzurum \u015fehrini Avrupa haritas\u0131na yerle\u015ftirmek. Bu hedefle yola ba\u015fl\u0131yorum\u201d \u015feklinde konu\u015ftu.<\/p>\n<p>BB Erzurumspor Ba\u015fkan\u0131 H\u00fcseyin \u00dcne\u015f de imza t\u00f6reni \u00f6ncesi a\u00e7\u0131klamalarda bulunarak, \u201cGe\u00e7mi\u015ften \u00e7ok iyi tan\u0131d\u0131\u011f\u0131m\u0131z, ailemizden, i\u00e7imizden biri olan Muzaffer hoca ile \u00e7al\u0131\u015fmaya karar verdik. Muzaffer hoca \u015fehrimizin ge\u00e7mi\u015fi \u00e7ok iyi bilen birisi. Ge\u00e7mi\u015fteki bilgi ve birikimi ile tak\u0131m\u0131m\u0131za katk\u0131 sa\u011flayaca\u011f\u0131na inan\u0131yoruz. Erzurumspor formas\u0131n\u0131 giymi\u015f, tarihinde ilk kez birinci lige \u00e7\u0131kt\u0131\u011f\u0131 kadroya yer alm\u0131\u015f bir futbolcu. \u0130n\u015fallah Allah kendisini de bizleri de mahcup etmez. Futbolculuk d\u00f6neminde ya\u015fad\u0131\u011f\u0131 bug\u00fcn tekrar hoca olarak da ya\u015far\u201d diye konu\u015ftu.<\/p>\n<p>&#8220;\u0130brahim Sehi\u00e7\u2019e S\u00fcper Lig\u2019den teklifler var&#8221;<\/p>\n<p>Ba\u015fkan H\u00fcseyin \u00dcne\u015f, i\u00e7 transferi bir an \u00f6nce tamamlamak istediklerini belirterek, ge\u00e7ti\u011fimiz sezon kadroda yer alan futbolcular\u0131n tamam\u0131na yak\u0131n\u0131n\u0131n s\u00f6zle\u015fmelerinin devam etti\u011fini hat\u0131rlatt\u0131. Ba\u015fkan \u00dcne\u015f, \u201cHocam\u0131z\u0131n da raporlar\u0131 do\u011frultusunda i\u00e7 transfer g\u00f6r\u00fc\u015fmelerini ba\u015flad\u0131k. \u0130brahim Sehi\u00e7\u2019i kadromuzda tutmak istiyoruz. A\u00e7\u0131k\u00e7as\u0131 kendisini hem S\u00fcper Lig\u2019den hem de yurt d\u0131\u015f\u0131ndan aray\u0131p soruyorlar. \u0130n\u015fallah bir aksilik olmazsa tutmak istiyoruz. Kolay de\u011fil. \u0130\u00e7 transferi s\u0131k\u0131nt\u0131s\u0131z \u015fekilde tamamlamak istiyoruz\u201d dedi.<\/p>\n<p>\u00dcne\u015f, Taylan Antalyal\u0131\u2019ya da Galatasaray ve Be\u015fikta\u015f\u2019\u0131n talip oldu\u011funu, futbolcular\u0131 i\u00e7in 3 milyon Euro fiyat belirlediklerini s\u00f6yledi.<\/p>\n","protected":false},"excerpt":{"rendered":"<p>S\u00dcPER L\u0130G&#8217;E VEDA EDEN VE \u00d6N\u00dcM\u00dcZDEK\u0130 SEZON SPOR TOTO 1. L\u0130G&#8217;DE M\u00dcCADELE EDECEK OLAN BB ERZURUMSPOR&#8217;DA TEKN\u0130K D\u0130REKT\u00d6RL\u00dc\u011e\u00dcNE \u00dcM\u0130T M\u0130LL\u0130 TAKIM YARDIMCI ANTREN\u00d6R\u00dc MUZAFFER B\u0130LAZER GET\u0130R\u0130LD\u0130.<\/p>\n","protected":false},"author":1,"featured_media":0,"comment_status":"closed","ping_status":"open","sticky":false,"template":"","format":"standard","meta":{"jetpack_post_was_ever_published":false,"_jetpack_newsletter_access":"","_jetpack_dont_email_post_to_subs":false,"_jetpack_newsletter_tier_id":0,"_jetpack_memberships_contains_paywalled_content":false,"_jetpack_memberships_contains_paid_content":false,"footnotes":"","jetpack_publicize_message":"","jetpack_publicize_feature_enabled":true,"jetpack_social_post_already_shared":true,"jetpack_social_options":{"image_generator_settings":{"template":"highway","default_image_id":0,"font":"","enabled":false},"version":2}},"categories":[657],"tags":[40589,2088,20926,33828],"class_list":["post-172478","post","type-post","status-publish","format-standard","hentry","category-spor","tag-bilazer","tag-donemi","tag-erzurumsporda","tag-muzaffer"],"jetpack_publicize_connections":[],"jetpack_featured_media_url":"","jetpack_sharing_enabled":true,"jetpack_shortlink":"https:\/\/wp.me\/paKIfm-IRU","_links":{"self":[{"href":"http:\/\/www.tvturk.com\/index.php\/wp-json\/wp\/v2\/posts\/172478","targetHints":{"allow":["GET"]}}],"collection":[{"href":"http:\/\/www.tvturk.com\/index.php\/wp-json\/wp\/v2\/posts"}],"about":[{"href":"http:\/\/www.tvturk.com\/index.php\/wp-json\/wp\/v2\/types\/post"}],"author":[{"embeddable":true,"href":"http:\/\/www.tvturk.com\/index.php\/wp-json\/wp\/v2\/users\/1"}],"replies":[{"embeddable":true,"href":"http:\/\/www.tvturk.com\/index.php\/wp-json\/wp\/v2\/comments?post=172478"}],"version-history":[{"count":0,"href":"http:\/\/www.tvturk.com\/index.php\/wp-json\/wp\/v2\/posts\/172478\/revisions"}],"wp:attachment":[{"href":"http:\/\/www.tvturk.com\/index.php\/wp-json\/wp\/v2\/media?parent=172478"}],"wp:term":[{"taxonomy":"category","embeddable":true,"href":"http:\/\/www.tvturk.com\/index.php\/wp-json\/wp\/v2\/categories?post=172478"},{"taxonomy":"post_tag","embeddable":true,"href":"http:\/\/www.tvturk.com\/index.php\/wp-json\/wp\/v2\/tags?post=172478"}],"curies":[{"name":"wp","href":"https:\/\/api.w.org\/{rel}","templated":true}]}}