{"id":172492,"date":"2019-06-21T18:46:47","date_gmt":"2019-06-21T15:46:47","guid":{"rendered":"http:\/\/www.tvturk.com\/index.php\/diyarbakirda-nesli-tukenmek-uzere-olan-firat-kaplumbagasi-bulundu\/"},"modified":"2019-06-21T18:46:47","modified_gmt":"2019-06-21T15:46:47","slug":"diyarbakirda-nesli-tukenmek-uzere-olan-firat-kaplumbagasi-bulundu","status":"publish","type":"post","link":"http:\/\/www.tvturk.com\/index.php\/diyarbakirda-nesli-tukenmek-uzere-olan-firat-kaplumbagasi-bulundu\/","title":{"rendered":"Diyarbak\u0131r\u2019da nesli t\u00fckenmek \u00fczere olan F\u0131rat kaplumba\u011fas\u0131 bulundu"},"content":{"rendered":"<p>Diyarbak\u0131r\u2019\u0131n Bismil il\u00e7esi k\u0131rsal\u0131nda nesli t\u00fckenme noktas\u0131nda olan F\u0131rat kaplumba\u011fas\u0131 bulundu. Kaplumba\u011fa do\u011fal ya\u015fam alan\u0131 olan Dicle Nehri\u2019ne geri b\u0131rak\u0131ld\u0131.<\/p>\n<p>T\u00fcrkiye\u2019de sadece F\u0131rat ve Dicle nehirleri ile \u0130ran, Suriye ve Irak\u2019taki kollar\u0131nda bulunan yumu\u015fak kabuklu F\u0131rat kaplumba\u011fas\u0131, Diyarbak\u0131r\u2019\u0131n Bismil il\u00e7esinde bulundu. Do\u011fa Koruma Milli Parklar Diyarbak\u0131r \u015eubesi ekipleri, nehrin uza\u011f\u0131nda bulunan F\u0131rat kaplumba\u011fas\u0131n\u0131, do\u011fal ya\u015fam alan\u0131na b\u0131rakt\u0131. B\u00fcy\u00fcklerinin boyu 1 metreyi ve 15 kilogram\u0131 bulan F\u0131rat kaplumba\u011falar\u0131 hayatlar\u0131n\u0131n b\u00fcy\u00fck bir b\u00f6l\u00fcm\u00fcn\u00fc \u00e7amura g\u00f6m\u00fcl\u00fc olarak ge\u00e7irmesi ile biliniyor.<\/p>\n","protected":false},"excerpt":{"rendered":"<p>D\u0130YARBAKIR\u2019IN B\u0130SM\u0130L \u0130L\u00c7ES\u0130 KIRSALINDA NESL\u0130 T\u00dcKENME NOKTASINDA OLAN FIRAT KAPLUMBA\u011eASI BULUNDU. KAPLUMBA\u011eA DO\u011eAL YA\u015eAM ALANI OLAN D\u0130CLE NEHR\u0130&#8217;NE GER\u0130 BIRAKILDI.<\/p>\n","protected":false},"author":1,"featured_media":0,"comment_status":"closed","ping_status":"open","sticky":false,"template":"","format":"standard","meta":{"jetpack_post_was_ever_published":false,"_jetpack_newsletter_access":"","_jetpack_dont_email_post_to_subs":false,"_jetpack_newsletter_tier_id":0,"_jetpack_memberships_contains_paywalled_content":false,"_jetpack_memberships_contains_paid_content":false,"footnotes":"","jetpack_publicize_message":"","jetpack_publicize_feature_enabled":true,"jetpack_social_post_already_shared":true,"jetpack_social_options":{"image_generator_settings":{"template":"highway","default_image_id":0,"font":"","enabled":false},"version":2}},"categories":[1],"tags":[204,62,2026,39267,9872,572,41726,2150],"class_list":["post-172492","post","type-post","status-publish","format-standard","hentry","category-genel","tag-bulundu","tag-diyarbakirda","tag-firat","tag-kaplumbagasi","tag-nesli","tag-olan","tag-tukenmek","tag-uzere"],"jetpack_publicize_connections":[],"jetpack_featured_media_url":"","jetpack_sharing_enabled":true,"jetpack_shortlink":"https:\/\/wp.me\/paKIfm-IS8","_links":{"self":[{"href":"http:\/\/www.tvturk.com\/index.php\/wp-json\/wp\/v2\/posts\/172492","targetHints":{"allow":["GET"]}}],"collection":[{"href":"http:\/\/www.tvturk.com\/index.php\/wp-json\/wp\/v2\/posts"}],"about":[{"href":"http:\/\/www.tvturk.com\/index.php\/wp-json\/wp\/v2\/types\/post"}],"author":[{"embeddable":true,"href":"http:\/\/www.tvturk.com\/index.php\/wp-json\/wp\/v2\/users\/1"}],"replies":[{"embeddable":true,"href":"http:\/\/www.tvturk.com\/index.php\/wp-json\/wp\/v2\/comments?post=172492"}],"version-history":[{"count":0,"href":"http:\/\/www.tvturk.com\/index.php\/wp-json\/wp\/v2\/posts\/172492\/revisions"}],"wp:attachment":[{"href":"http:\/\/www.tvturk.com\/index.php\/wp-json\/wp\/v2\/media?parent=172492"}],"wp:term":[{"taxonomy":"category","embeddable":true,"href":"http:\/\/www.tvturk.com\/index.php\/wp-json\/wp\/v2\/categories?post=172492"},{"taxonomy":"post_tag","embeddable":true,"href":"http:\/\/www.tvturk.com\/index.php\/wp-json\/wp\/v2\/tags?post=172492"}],"curies":[{"name":"wp","href":"https:\/\/api.w.org\/{rel}","templated":true}]}}