{"id":172512,"date":"2019-06-21T20:31:50","date_gmt":"2019-06-21T17:31:50","guid":{"rendered":"http:\/\/www.tvturk.com\/index.php\/binali-yildirim-ataturku-onlerine-koyup-dumen-cevirmesinler\/"},"modified":"2019-06-21T20:31:50","modified_gmt":"2019-06-21T17:31:50","slug":"binali-yildirim-ataturku-onlerine-koyup-dumen-cevirmesinler","status":"publish","type":"post","link":"http:\/\/www.tvturk.com\/index.php\/binali-yildirim-ataturku-onlerine-koyup-dumen-cevirmesinler\/","title":{"rendered":"Binali Y\u0131ld\u0131r\u0131m: \u201cAtat\u00fcrk\u2019\u00fc \u00f6nlerine koyup d\u00fcmen \u00e7evirmesinler\u201d"},"content":{"rendered":"<p>AK Parti \u0130stanbul B\u00fcy\u00fck\u015fehir Belediye Ba\u015fkan Aday\u0131 Binali Y\u0131ld\u0131r\u0131m, YSK\u2019n\u0131n se\u00e7imi yenileme karar\u0131n\u0131n ard\u0131ndan ya\u015fanan \u0130BB\u2019de Atat\u00fcrk Portresi krizine ili\u015fkin de\u011ferlendirmelerde bulunarak, \u201cB\u00fct\u00fcn dairelerde, benim evimde, \u00e7al\u0131\u015fma odamda bile Atat\u00fcrk var. Atat\u00fcrk bu \u00fclkenin ortak de\u011feridir. Atat\u00fcrk\u2019\u00fc \u00f6nlerine koyup d\u00fcmen \u00e7evirmesinler. \u00dclkenin de\u011feri, cumhuriyetin kurucusudur, kimsenin tekelinde de\u011fildir\u201d dedi.<\/p>\n<p>AK Parti \u0130stanbul B\u00fcy\u00fck\u015fehir Belediye Ba\u015fkan Aday\u0131 Binali Y\u0131ld\u0131r\u0131m, radyo ortak program\u0131na kat\u0131larak sorular\u0131 yan\u0131tlad\u0131.<\/p>\n<p>\u201c\u0130nsan neyi yapaca\u011f\u0131n\u0131, neyi yapt\u0131klar\u0131n\u0131 bakarak anlamak laz\u0131m, d\u00fcr\u00fcst olmak gerekiyor\u201d<\/p>\n<p>Se\u00e7imin iptal edildi\u011fi g\u00fcn\u00fc anlatan AK Parti \u0130stanbul B\u00fcy\u00fck\u015fehir Belediye Ba\u015fkan Aday\u0131 Binali Y\u0131ld\u0131r\u0131m, \u201cSaat 5\u2019e 5 var. Cumartesi Ankara\u2019da YSK iptal ediyor. Orada oturup 18 g\u00fcn neredeydin karde\u015fim. Ba\u015fkanl\u0131\u011f\u0131n bitmesine 5 dakika kala, \u0130stanbul\u2019a telefon a\u00e7\u0131p yaz\u0131 yazd\u0131r\u0131yor. Yaz\u0131n\u0131n alt\u0131na yok ya adam imza atacak, kesip yap\u0131\u015ft\u0131r\u0131p fotokopi yap\u0131yorlar. \u0130SK\u0130 ve UKOME\u2019ye bu konular\u0131 \u00e7al\u0131\u015f\u0131n diyor. Sonra bizim AK Parti grubuda bir teklif haz\u0131rl\u0131yor. Bu teklifler komisyona g\u00f6nderiliyor. Ak Parti grubunun teklifi komisyona geliyor. Ger\u00e7ekle\u015fen hem su indirimi, ula\u015f\u0131m indirimi, AK Parti grubunun teklifi. CHP ve AK Parti\u2019nin farkl\u0131. Adam \u0130stanbul\u2019da de\u011fil, imza atamaz. \u0130l d\u0131\u015f\u0131na \u00e7\u0131kt\u0131\u011f\u0131 zaman birine vekalet vermesi laz\u0131m. Onun yapmas\u0131 laz\u0131m. O anda Ankara\u2019da ve mesai bitim saatinde imza at\u0131p sosyal medyaya yaz\u0131lar\u0131n kopyas\u0131n\u0131 da g\u00f6nderiyor. \u0130nsan neyi yapaca\u011f\u0131n\u0131, neyi yapt\u0131klar\u0131n\u0131 bakarak anlamak laz\u0131m, d\u00fcr\u00fcst olmak gerekiyor. Kim yaparsa yaps\u0131n, memleketin menfaatine, AK Parti\u2019nin 180 \u00fcyesi var, AK Parti olur vermese m\u00fcmk\u00fcn m\u00fc?\u201d dedi.<\/p>\n<p>\u201cAtat\u00fcrk\u2019\u00fc \u00f6nlerine koyup d\u00fcmen \u00e7evirmesinler\u201d<\/p>\n<p>YSK\u2019n\u0131n se\u00e7imleri iptal etmesinin ard\u0131ndan \u0130BB\u2019de ya\u015fanan Atat\u00fcrk Portresi krizine ili\u015fkin moderat\u00f6rlerin sordu\u011fu soruyu yan\u0131tlayan Binali Y\u0131ld\u0131r\u0131m, \u201cOrada Atat\u00fcrk\u2019\u00fcn kravatl\u0131 portresi var. O da Atat\u00fcrk\u2019\u00fcn vatanda\u015fla konu\u015fan portresini getirip koymu\u015f. Gidince de adamlar\u0131n\u0131 g\u00f6nderip al\u0131n gelin demi\u015f, onlar da al\u0131p gelmi\u015fler. Yok \u00f6yle bir \u015fey yok. B\u00fct\u00fcn dairelerde, benim evimde \u00e7al\u0131\u015fma odamda bile Atat\u00fcrk var. Atat\u00fcrk bu \u00fclkenin ortak de\u011feridir. Atat\u00fcrk\u2019\u00fc \u00f6nlerine koyup d\u00fcmen \u00e7evirmesinler. \u00dclkenin de\u011feri, cumhuriyetin kurucusudur, kimsenin tekelinde de\u011fildir. Meczup her tarafta olur, bir ki\u015finin s\u00f6yledi\u011fi laf bir \u00fclkenin g\u00f6r\u00fc\u015f\u00fc haline gelebilir mi?\u201d diye konu\u015ftu.<\/p>\n<p>\u201cBa\u015flang\u0131\u00e7ta T\u00fcrkiye\u2019nin g\u00fcneyine g\u00f6ndeririz, oradan kendi \u00fclkelerine da\u011f\u0131t\u0131r\u0131z\u201d<\/p>\n<p>\u0130stanbul\u2019daki Suriyelilerle ilgili konu\u015fan Y\u0131ld\u0131r\u0131m, \u201cSuriyelilere gidecekler. Onlar \u015fuanda ge\u00e7ici koruma alt\u0131ndalar. D\u00fckkan a\u00e7an olabilir. Yava\u015f yava\u015f \u0130stanbul\u2019da Suriyeliler ciddi sorun olmaya ba\u015flad\u0131lar. Asayi\u015f sorunu olmaya ba\u015flad\u0131lar. Ailelerin g\u00fcvenli\u011fini tehdit eder hale geldiler. Kad\u0131nlar tek ba\u015f\u0131na \u00e7\u0131kam\u0131yorlar, \u00e7ocuklar\u0131n\u0131 tek ba\u015f\u0131na soka\u011fa g\u00f6nderemiyorlar. Misafir ev sahibinin kuzusudur. Biz g\u00f6nderdik asl\u0131nda. Afrin\u2019e g\u00f6nderdik, Cerablus\u2019a g\u00f6nderdik. M\u00fcnbi\u00e7\u2019in do\u011fusunda 711 kilometrelik alanda temizlik yap\u0131lacak. Buradaki Suriyeliler gidecek oraya yerle\u015fecekler. Gidecekler, yolu yok. Yeni Ankara\u2019yla g\u00f6r\u00fc\u015fece\u011fiz, \u00f6zellikle \u0130stanbul\u2019un belirli il\u00e7eleri var. Fatih, Esenyurt, K\u00fc\u00e7\u00fck\u00e7ekmece, Zeytinburnu gibi il\u00e7elerde \u00e7ok fazla. Bu il\u00e7elerden ba\u015flamak \u00fczere huzuru tehdit ettikleri yerlerde zaman ge\u00e7irmeden, bunu art\u0131rarak, ba\u015flang\u0131\u00e7ta T\u00fcrkiye\u2019nin g\u00fcneyine g\u00f6ndeririz, oradan kendi \u00fclkelerine da\u011f\u0131t\u0131r\u0131z\u201d \u015feklinde konu\u015ftu.<\/p>\n","protected":false},"excerpt":{"rendered":"<p>AK PART\u0130 \u0130STANBUL B\u00dcY\u00dcK\u015eEH\u0130R BELED\u0130YE BA\u015eKAN ADAYI B\u0130NAL\u0130 YILDIRIM, YSK\u2019NIN SE\u00c7\u0130M\u0130 YEN\u0130LEME KARARININ ARDINDAN YA\u015eANAN \u0130BB\u2019DE ATAT\u00dcRK PORTRES\u0130 KR\u0130Z\u0130NE \u0130L\u0130\u015eK\u0130N DE\u011eERLEND\u0130RMELERDE BULUNARAK, \u201cB\u00dcT\u00dcN DA\u0130RELERDE, BEN\u0130M EV\u0130MDE, \u00c7ALI\u015eMA ODAMDA B\u0130LE ATAT\u00dcRK VAR. ATAT\u00dcRK BU \u00dcLKEN\u0130N ORTAK DE\u011eER\u0130D\u0130R. ATAT\u00dcRK\u2019\u00dc \u00d6NLER\u0130NE KOYUP D\u00dcMEN \u00c7EV\u0130RMES\u0130NLER. \u00dcLKEN\u0130N DE\u011eER\u0130, CUMHUR\u0130YET\u0130N KURUCUSUDUR, K\u0130MSEN\u0130N TEKEL\u0130NDE DE\u011e\u0130LD\u0130R\u201d DED\u0130.<\/p>\n","protected":false},"author":1,"featured_media":0,"comment_status":"closed","ping_status":"open","sticky":false,"template":"","format":"standard","meta":{"jetpack_post_was_ever_published":false,"_jetpack_newsletter_access":"","_jetpack_dont_email_post_to_subs":false,"_jetpack_newsletter_tier_id":0,"_jetpack_memberships_contains_paywalled_content":false,"_jetpack_memberships_contains_paid_content":false,"footnotes":"","jetpack_publicize_message":"","jetpack_publicize_feature_enabled":true,"jetpack_social_post_already_shared":true,"jetpack_social_options":{"image_generator_settings":{"template":"highway","default_image_id":0,"font":"","enabled":false},"version":2}},"categories":[1],"tags":[24242,3333,41754,41753,7579,41752,376],"class_list":["post-172512","post","type-post","status-publish","format-standard","hentry","category-genel","tag-ataturku","tag-binali","tag-cevirmesinler","tag-dumen","tag-koyup","tag-onlerine","tag-yildirim"],"jetpack_publicize_connections":[],"jetpack_featured_media_url":"","jetpack_sharing_enabled":true,"jetpack_shortlink":"https:\/\/wp.me\/paKIfm-ISs","_links":{"self":[{"href":"http:\/\/www.tvturk.com\/index.php\/wp-json\/wp\/v2\/posts\/172512","targetHints":{"allow":["GET"]}}],"collection":[{"href":"http:\/\/www.tvturk.com\/index.php\/wp-json\/wp\/v2\/posts"}],"about":[{"href":"http:\/\/www.tvturk.com\/index.php\/wp-json\/wp\/v2\/types\/post"}],"author":[{"embeddable":true,"href":"http:\/\/www.tvturk.com\/index.php\/wp-json\/wp\/v2\/users\/1"}],"replies":[{"embeddable":true,"href":"http:\/\/www.tvturk.com\/index.php\/wp-json\/wp\/v2\/comments?post=172512"}],"version-history":[{"count":0,"href":"http:\/\/www.tvturk.com\/index.php\/wp-json\/wp\/v2\/posts\/172512\/revisions"}],"wp:attachment":[{"href":"http:\/\/www.tvturk.com\/index.php\/wp-json\/wp\/v2\/media?parent=172512"}],"wp:term":[{"taxonomy":"category","embeddable":true,"href":"http:\/\/www.tvturk.com\/index.php\/wp-json\/wp\/v2\/categories?post=172512"},{"taxonomy":"post_tag","embeddable":true,"href":"http:\/\/www.tvturk.com\/index.php\/wp-json\/wp\/v2\/tags?post=172512"}],"curies":[{"name":"wp","href":"https:\/\/api.w.org\/{rel}","templated":true}]}}