{"id":172514,"date":"2019-06-21T21:16:34","date_gmt":"2019-06-21T18:16:34","guid":{"rendered":"http:\/\/www.tvturk.com\/index.php\/corumda-aglatan-mezuniyet-toreni\/"},"modified":"2019-06-21T21:16:34","modified_gmt":"2019-06-21T18:16:34","slug":"corumda-aglatan-mezuniyet-toreni","status":"publish","type":"post","link":"http:\/\/www.tvturk.com\/index.php\/corumda-aglatan-mezuniyet-toreni\/","title":{"rendered":"\u00c7orum\u2019da a\u011flatan mezuniyet t\u00f6reni"},"content":{"rendered":"<p>Hitit \u00dcniversitesi taraf\u0131ndan d\u00fczenlenen mezuniyet t\u00f6reninde okul birincisinin akci\u011fer kanserinden kaybetti\u011fi annesiyle ilgili hat\u0131ras\u0131 t\u00f6rene kat\u0131lanlar\u0131 g\u00f6zya\u015flar\u0131na bo\u011fdu.<\/p>\n<p>\u00c7orum\u2019da Hitit \u00dcniversitesi taraf\u0131ndan d\u00fczenlenen mezuniyet t\u00f6reninde okulu birincilikle bitiren Spor Bilimleri Fak\u00fcltesi \u00f6\u011frencisi Yeter Ad\u0131g\u00fczel\u2019in akci\u011fer kanserinden kaybetti\u011fi annesiyle ya\u015fad\u0131\u011f\u0131 hat\u0131ras\u0131n\u0131 anlatmas\u0131 t\u00f6rene kat\u0131lanlar\u0131 g\u00f6zya\u015flar\u0131na bo\u011fdu. Bug\u00fcnlere gelmesinde eme\u011fi ge\u00e7en herkese te\u015fekk\u00fcr eden Ad\u0131g\u00fczel, 7 ya\u015f\u0131nda annesini akci\u011fer kanserinden kaybetti\u011fini ve o zorlu s\u00fcre\u00e7te annesini 3 ayda sadece bir kere g\u00f6rd\u00fc\u011f\u00fcn\u00fc s\u00f6yledi. Ad\u0131g\u00fczel, \u201cBen o k\u0131sa konu\u015fmada ona \u2019Anne, iyile\u015fecek misin, ne zaman evimize d\u00f6neceksin?\u2019 diye soru sorarken, o bana son s\u00f6zlerinde, \u2019Karnen nas\u0131ld\u0131, hep pekiyi al, her zaman evimizin en iyisi sen ol olur mu kuzum\u2019 demi\u015fti. Ve ben o g\u00fcn bug\u00fcnd\u00fcr hep en iyisi olmaya \u00e7al\u0131\u015ft\u0131m. \u00d6\u011frenim hayat\u0131m\u0131 da onun istedi\u011fi \u015fekilde bitiriyorum. Bu y\u00fczden bu birincili\u011fi hepinizin huzurunda ona hediye etmek istiyorum\u201d dedi. Konu\u015fmas\u0131 s\u0131ras\u0131nda zaman zaman sesi titreyen Ad\u0131g\u00fczel, \u201cAnneci\u011fim, e\u011fer \u015fuan beni duyabiliyorsan yada masallarda anlat\u0131lan Kaf Da\u011f\u0131\u2019n\u0131n arkas\u0131ndaki diyarlar\u0131n herhangi bir yerinde isen Anka ku\u015fu ile sana selam g\u00f6nderiyorum. Bil ki bu ba\u015far\u0131m senin i\u00e7indi? Yan\u0131mda olamasan da sadece annem oldu\u011fun i\u00e7in sonsuz te\u015fekk\u00fcr ederim\u201d diye konu\u015ftu.<\/p>\n<p>Ad\u0131g\u00fczel\u2019in konu\u015fmas\u0131n\u0131n ard\u0131ndan salonda bulunan akademisyenler, baz\u0131 vatanda\u015flar ve ailesi g\u00f6zya\u015flar\u0131na hakim olamad\u0131.<\/p>\n<p>Hitit \u00dcniversitesi Rekt\u00f6r\u00fc Prof. Dr. Ali Osman \u00d6zt\u00fcrk ise, s\u00fcrekli de\u011fi\u015fim ve d\u00f6n\u00fc\u015f\u00fcm\u00fcn ya\u015fand\u0131\u011f\u0131 g\u00fcn\u00fcm\u00fczde \u00fclkelerin geli\u015fmi\u015flik d\u00fczeylerini etkileyen fakt\u00f6rlerin ba\u015f\u0131nda vermi\u015f olduklar\u0131 e\u011fitim geldi\u011fine dikkat \u00e7ekerek, bilgiyi \u00fcreten ve onu en iyi \u015fekilde y\u00f6netebilenlerin g\u00fc\u00e7l\u00fc oldu\u011fu bir d\u00fcnyada ya\u015famaktay\u0131z.&#8221; \u015feklinde konu\u015ftu. Hitit \u00dcniversitesi olarak bu bilin\u00e7ten hareketle \u00e7al\u0131\u015fma ve plan yapt\u0131klar\u0131n\u0131 dile getiren Rekt\u00f6r Prof. Dr. \u00d6zt\u00fcrk, \u201c\u015eehirle b\u00fct\u00fcnle\u015fen \u00dcniversitemiz, yapt\u0131\u011f\u0131 \u00e7al\u0131\u015fmalarla g\u00fcn\u00fcm\u00fcze dek \u00c7orum\u2019a b\u00fcy\u00fck katk\u0131lar sa\u011flam\u0131\u015f ve bundan sonra da y\u00fckselen bir ivme ile sa\u011flamaya devam edecektir. \u00dclkemizin daha da geli\u015fmesi, b\u00fcy\u00fcmesi ve her alanda s\u00f6z sahibi olmas\u0131 i\u00e7in \u00fclkemizin t\u00fcm dinamiklerine ihtiyac\u0131m\u0131z vard\u0131r. Cumhurba\u015fkan\u0131m\u0131z\u0131n ekonomik y\u00f6nden geli\u015fmi\u015f, d\u0131\u015fa ba\u011f\u0131ml\u0131l\u0131\u011f\u0131 kalmayan, bilim ve teknolojide say\u0131l\u0131 \u00fclkelerden biri haline gelmek i\u00e7in ortaya koydu\u011fu 2023 ve 2071 hedefine ula\u015fmak i\u00e7in hepimize b\u00fcy\u00fck g\u00f6revler d\u00fc\u015f\u00fcyor. \u00dcniversiteler olarak; yerlilik ve millilik bilinciyle ara\u015ft\u0131rma-geli\u015ftirme \u00e7al\u0131\u015fmalar\u0131m\u0131za daha fazla a\u011f\u0131rl\u0131k vermek, katma de\u011feri y\u00fcksek teknolojileri geli\u015ftirmek; fikirlerimizi projeye d\u00f6n\u00fc\u015ft\u00fcrmek, projelerde elde edilen bilgi, tecr\u00fcbe ve \u00fcr\u00fcnleri giri\u015fimci ve \u00fcreticilerimizle bulu\u015fturmak durumunday\u0131z\u201d dedi.<\/p>\n<p>Konu\u015fmalar\u0131n ard\u0131ndan ba\u015far\u0131l\u0131 \u00f6\u011frencilere mezuniyet belgeleri ve \u00f6d\u00fclleri takdim edildi. T\u00f6ren sonunda hep birlikte havaya kep atan \u00f6\u011frenciler mezuniyet sevincini ya\u015fad\u0131.<\/p>\n<p>T\u00f6rene Vali Mustafa \u00c7ift\u00e7i, Cumhuriyet Ba\u015fsavc\u0131s\u0131 Ahmet Fatih A\u011fca, Belediye Ba\u015fkan Vekili \u0130smail Ya\u011fbat, Ticaret ve Sanayi Odas\u0131 Ba\u015fkan\u0131 \u00c7etin Ba\u015faranh\u0131ncal, akademisyenler ve \u00f6\u011frenci velileri kat\u0131ld\u0131.<\/p>\n","protected":false},"excerpt":{"rendered":"<p>H\u0130T\u0130T \u00dcN\u0130VERS\u0130TES\u0130 TARAFINDAN D\u00dcZENLENEN MEZUN\u0130YET T\u00d6REN\u0130NDE OKUL B\u0130R\u0130NC\u0130S\u0130N\u0130N AKC\u0130\u011eER KANSER\u0130NDEN KAYBETT\u0130\u011e\u0130 ANNES\u0130YLE \u0130LG\u0130L\u0130 HATIRASI T\u00d6RENE KATILANLARI G\u00d6ZYA\u015eLARINA BO\u011eDU.<\/p>\n","protected":false},"author":1,"featured_media":0,"comment_status":"closed","ping_status":"open","sticky":false,"template":"","format":"standard","meta":{"jetpack_post_was_ever_published":false,"_jetpack_newsletter_access":"","_jetpack_dont_email_post_to_subs":false,"_jetpack_newsletter_tier_id":0,"_jetpack_memberships_contains_paywalled_content":false,"_jetpack_memberships_contains_paid_content":false,"footnotes":"","jetpack_publicize_message":"","jetpack_publicize_feature_enabled":true,"jetpack_social_post_already_shared":true,"jetpack_social_options":{"image_generator_settings":{"template":"highway","default_image_id":0,"font":"","enabled":false},"version":2}},"categories":[1],"tags":[8049,2968,820,187],"class_list":["post-172514","post","type-post","status-publish","format-standard","hentry","category-genel","tag-aglatan","tag-corumda","tag-mezuniyet","tag-toreni"],"jetpack_publicize_connections":[],"jetpack_featured_media_url":"","jetpack_sharing_enabled":true,"jetpack_shortlink":"https:\/\/wp.me\/paKIfm-ISu","_links":{"self":[{"href":"http:\/\/www.tvturk.com\/index.php\/wp-json\/wp\/v2\/posts\/172514","targetHints":{"allow":["GET"]}}],"collection":[{"href":"http:\/\/www.tvturk.com\/index.php\/wp-json\/wp\/v2\/posts"}],"about":[{"href":"http:\/\/www.tvturk.com\/index.php\/wp-json\/wp\/v2\/types\/post"}],"author":[{"embeddable":true,"href":"http:\/\/www.tvturk.com\/index.php\/wp-json\/wp\/v2\/users\/1"}],"replies":[{"embeddable":true,"href":"http:\/\/www.tvturk.com\/index.php\/wp-json\/wp\/v2\/comments?post=172514"}],"version-history":[{"count":0,"href":"http:\/\/www.tvturk.com\/index.php\/wp-json\/wp\/v2\/posts\/172514\/revisions"}],"wp:attachment":[{"href":"http:\/\/www.tvturk.com\/index.php\/wp-json\/wp\/v2\/media?parent=172514"}],"wp:term":[{"taxonomy":"category","embeddable":true,"href":"http:\/\/www.tvturk.com\/index.php\/wp-json\/wp\/v2\/categories?post=172514"},{"taxonomy":"post_tag","embeddable":true,"href":"http:\/\/www.tvturk.com\/index.php\/wp-json\/wp\/v2\/tags?post=172514"}],"curies":[{"name":"wp","href":"https:\/\/api.w.org\/{rel}","templated":true}]}}