{"id":172520,"date":"2019-06-21T21:17:23","date_gmt":"2019-06-21T18:17:23","guid":{"rendered":"http:\/\/www.tvturk.com\/index.php\/ali-koc-tribunde-taraftarlarla-bir-araya-geldi\/"},"modified":"2019-06-21T21:17:23","modified_gmt":"2019-06-21T18:17:23","slug":"ali-koc-tribunde-taraftarlarla-bir-araya-geldi","status":"publish","type":"post","link":"http:\/\/www.tvturk.com\/index.php\/ali-koc-tribunde-taraftarlarla-bir-araya-geldi\/","title":{"rendered":"Ali Ko\u00e7, trib\u00fcnde taraftarlarla bir araya geldi"},"content":{"rendered":"<p>Fenerbah\u00e7e Ba\u015fkan\u0131 Ali Ko\u00e7, Anadolu Efes-Fenerbah\u00e7e Beko final ma\u00e7\u0131 \u00f6ncesi sar\u0131-lacivertli taraftarlar\u0131n bulundu\u011fu trib\u00fcne giderek kendileriyle konu\u015fma yapt\u0131.<\/p>\n<p>Tahincio\u011flu Basketbol S\u00fcper Ligi play-off final serisi 7. ma\u00e7\u0131nda Sinan Erdem Spor Salonu\u2019nda oynanan Anadolu Efes- Fenerbah\u00e7e Beko kar\u015f\u0131la\u015fmas\u0131 \u00f6ncesi Fenerbah\u00e7e Ba\u015fkan\u0131 Ali Ko\u00e7, Ba\u015fkan Vekili Semih \u00d6zsoy ile birlikte sar\u0131-lacivertli trib\u00fcnlere giderek taraftarlarla bir araya geldi. Sar\u0131-lacivertlilerin yo\u011fun ilgisi ile kar\u015f\u0131la\u015fan Ba\u015fkan Ali Ko\u00e7 ve beraberindeki heyet, taraftarlarla k\u0131sa bir s\u00fcre sohbet ettikten sonra ma\u00e7\u0131 takip edece\u011fi trib\u00fcne gitti. Fenerbah\u00e7e Ba\u015fkanvekili Semih \u00d6zsoy ise m\u00fccadeleyi sar\u0131-lacivertli taraftarlar\u0131n oldu\u011fu trib\u00fcnde takip ediyor.<\/p>\n<p>Fenerbah\u00e7e Beko\u2019ya final serisi 5. ma\u00e7\u0131ndan sonra 2 deplasman m\u00fccadelesinde seyircisiz oynama cezas\u0131 verilmi\u015fti. Sar\u0131-lacivertlilerin, Anadolu Efes ile oynayacaklar\u0131 7. kar\u015f\u0131la\u015fma \u00f6ncesi T\u00fcrkiye Basketbol Federasyonu\u2019na (TBF) itiraz etmesi sonucu TBF Tahkim Kurulu da cezan\u0131n ertelenmesine ve Anadolu Efes kar\u015f\u0131la\u015fmas\u0131na Fenerbah\u00e7e taraftar\u0131n\u0131n giri\u015fine izin vermi\u015fti.<\/p>\n","protected":false},"excerpt":{"rendered":"<p>FENERBAH\u00c7E BA\u015eKANI AL\u0130 KO\u00c7, ANADOLU EFES-FENERBAH\u00c7E BEKO F\u0130NAL MA\u00c7I \u00d6NCES\u0130 SARI-LAC\u0130VERTL\u0130 TARAFTARLARIN BULUNDU\u011eU TR\u0130B\u00dcNE G\u0130DEREK KEND\u0130LER\u0130YLE KONU\u015eMA YAPTI.<\/p>\n","protected":false},"author":1,"featured_media":0,"comment_status":"closed","ping_status":"open","sticky":false,"template":"","format":"standard","meta":{"jetpack_post_was_ever_published":false,"_jetpack_newsletter_access":"","_jetpack_dont_email_post_to_subs":false,"_jetpack_newsletter_tier_id":0,"_jetpack_memberships_contains_paywalled_content":false,"_jetpack_memberships_contains_paid_content":false,"footnotes":"","jetpack_publicize_message":"","jetpack_publicize_feature_enabled":true,"jetpack_social_post_already_shared":true,"jetpack_social_options":{"image_generator_settings":{"template":"highway","default_image_id":0,"font":"","enabled":false},"version":2}},"categories":[657],"tags":[625,126,125,127,10157,29322,14960],"class_list":["post-172520","post","type-post","status-publish","format-standard","hentry","category-spor","tag-ali","tag-araya","tag-bir","tag-geldi","tag-koc","tag-taraftarlarla","tag-tribunde"],"jetpack_publicize_connections":[],"jetpack_featured_media_url":"","jetpack_sharing_enabled":true,"jetpack_shortlink":"https:\/\/wp.me\/paKIfm-ISA","_links":{"self":[{"href":"http:\/\/www.tvturk.com\/index.php\/wp-json\/wp\/v2\/posts\/172520","targetHints":{"allow":["GET"]}}],"collection":[{"href":"http:\/\/www.tvturk.com\/index.php\/wp-json\/wp\/v2\/posts"}],"about":[{"href":"http:\/\/www.tvturk.com\/index.php\/wp-json\/wp\/v2\/types\/post"}],"author":[{"embeddable":true,"href":"http:\/\/www.tvturk.com\/index.php\/wp-json\/wp\/v2\/users\/1"}],"replies":[{"embeddable":true,"href":"http:\/\/www.tvturk.com\/index.php\/wp-json\/wp\/v2\/comments?post=172520"}],"version-history":[{"count":0,"href":"http:\/\/www.tvturk.com\/index.php\/wp-json\/wp\/v2\/posts\/172520\/revisions"}],"wp:attachment":[{"href":"http:\/\/www.tvturk.com\/index.php\/wp-json\/wp\/v2\/media?parent=172520"}],"wp:term":[{"taxonomy":"category","embeddable":true,"href":"http:\/\/www.tvturk.com\/index.php\/wp-json\/wp\/v2\/categories?post=172520"},{"taxonomy":"post_tag","embeddable":true,"href":"http:\/\/www.tvturk.com\/index.php\/wp-json\/wp\/v2\/tags?post=172520"}],"curies":[{"name":"wp","href":"https:\/\/api.w.org\/{rel}","templated":true}]}}