{"id":172524,"date":"2019-06-21T22:01:48","date_gmt":"2019-06-21T19:01:48","guid":{"rendered":"http:\/\/www.tvturk.com\/index.php\/kirikkale-universitesinde-istiklal-marsi-krizi\/"},"modified":"2019-06-21T22:01:48","modified_gmt":"2019-06-21T19:01:48","slug":"kirikkale-universitesinde-istiklal-marsi-krizi","status":"publish","type":"post","link":"http:\/\/www.tvturk.com\/index.php\/kirikkale-universitesinde-istiklal-marsi-krizi\/","title":{"rendered":"K\u0131r\u0131kkale \u00dcniversitesinde \u201c\u0130stiklal Mar\u015f\u0131\u201d krizi"},"content":{"rendered":"<p>K\u0131r\u0131kkale \u00dcniversitesindeki mezuniyet t\u00f6reninde \u201c\u0130stiklal Mar\u015f\u0131\u201d krizi ya\u015fand\u0131. T\u00f6rende \u201csiyasi i\u00e7erik\u201d ta\u015f\u0131d\u0131\u011f\u0131 gerek\u00e7esiyle \u0130stiklal Mar\u015f\u0131\u2019n\u0131n okutulmad\u0131\u011f\u0131 iddias\u0131yla k\u00fcrs\u00fcye gelen bir \u00f6\u011frenci salondakilere tepki g\u00f6sterdi.<\/p>\n<p>K\u0131r\u0131kkale \u00dcniversitesi E\u011fitim Fak\u00fcltesinin kep atma ve mezuniyet t\u00f6reni s\u0131ras\u0131nda \u201c\u0130stiklal Mar\u015f\u0131\u201d krizi ya\u015fand\u0131. Nurettin Top\u00e7u Konferans Salonunda ki t\u00f6rende \u0130stiklal Mar\u015f\u0131\u2019n\u0131n &#8220;siyasi i\u00e7erik&#8221; ta\u015f\u0131d\u0131\u011f\u0131 iddias\u0131yla okutulmamas\u0131na tepki g\u00f6steren Y\u00fcksek Lisans \u00f6\u011frencisi Ertan U\u011furlu k\u00fcrs\u00fcye gelerek, \u201cHepinizden \u00e7ok \u00f6z\u00fcr diliyorum. \u00d6nemli bir mesele i\u00e7in 5 dakikan\u0131z\u0131 rica edece\u011fim. D\u00fcn bir haber ald\u0131m arkada\u015flar\u0131mla birlikteydik. Mezuniyet t\u00f6reninde \u0130stiklal Mar\u015f\u0131 okunmayacakm\u0131\u015f \u2018siyasi i\u00e7erikli\u2019 oldu\u011fu i\u00e7in. Bu cumhuriyet \u00fcniversitelerin de bu cumhuriyetin \u0130stiklal Mar\u015f\u0131 yasaklanamaz\u201d dedi.<\/p>\n<p>Daha sonra U\u011furlu arkada\u015f\u0131yla birlikte g\u00fcvenlik g\u00f6revlilerince d\u0131\u015far\u0131 \u00e7\u0131kart\u0131ld\u0131. Bir grup gen\u00e7 ise \u201c\u0130stiklal Mar\u015f\u0131 yasaklamaz\u201d \u015feklinde protesto etti. O anlar cep telefonlar\u0131 kameralar\u0131yla anbean kay\u0131t alt\u0131na al\u0131nd\u0131.<\/p>\n<p>\u201cBazen t\u00f6renin anlam\u0131 de\u011fi\u015febilir, okunmayabilir\u201d<\/p>\n<p>Gerilimin ard\u0131ndan k\u00fcrs\u00fcde konu\u015fma yapan E\u011fitim Fak\u00fcltesi Dekan\u0131 Prof. Dr. \u0130smail Aydo\u011fan, \u201cMehmet Akif\u2019in \u0130stiklal Mar\u015f\u0131\u2019n\u0131 elbette ki bizim \u00fclkemizde kimse yasaklayamaz. B\u00f6yle bir \u015fey yok. Ama bazen t\u00f6renlerin anlam\u0131 de\u011fi\u015febilir, okunmayabilir\u201d \u015feklinde konu\u015ftu.<\/p>\n<p>K\u0131r\u0131kkale \u00dcniversitesi\u2019nden konuyla ilgili yap\u0131lan yaz\u0131l\u0131 a\u00e7\u0131klama ise, \u201cSosyal medyada \u00fcniversitemizin mezuniyet t\u00f6reninde \u0130stiklal Mar\u015f\u0131\u2019m\u0131z\u0131n okutulmas\u0131n\u0131n yasakland\u0131\u011f\u0131 \u015feklindeki ithamlar ger\u00e7e\u011fi yans\u0131tmamaktad\u0131r. \u00dcniversitemizin mezuniyet t\u00f6reninde \u0130stiklal Mar\u015f\u0131m\u0131z co\u015fkulu bir \u015fekilde 500\u2019\u00fcn \u00fczerindeki protokol, mezunlar\u0131m\u0131z\u0131n aileleri, mezun \u00f6\u011frencilerimiz ve \u00f6\u011fretim elemanlar\u0131n\u0131n kat\u0131l\u0131m\u0131 ile okunmu\u015ftur. Bu co\u015fku hem K\u0131r\u0131kkale Valili\u011fi hem de K\u0131r\u0131kkale \u00dcniversitesi internet sayfas\u0131nda g\u00f6r\u00fclebilir. Bahse konu g\u00f6r\u00fcnt\u00fcler bir b\u00f6l\u00fcm\u00fcm\u00fcz\u00fcn yapm\u0131\u015f oldu\u011fu programda kaydedilmi\u015ftir. G\u00f6r\u00fcnt\u00fclerde \u0130stiklal Mar\u015f\u0131\u2019m\u0131z\u0131n siyasi i\u00e7erikli olmas\u0131ndan dolay\u0131 yasaklama karar\u0131 al\u0131nd\u0131\u011f\u0131 ifade edilmektedir. B\u00f6yle bir karar yoktur. Kullan\u0131lan bu ibare maksatl\u0131 ve \u00fcniversitemizin itibar\u0131n\u0131 zedelemeye y\u00f6nelik bir provokasyondur\u201d denildi.<\/p>\n","protected":false},"excerpt":{"rendered":"<p>KIRIKKALE \u00dcN\u0130VERS\u0130TES\u0130NDEK\u0130 MEZUN\u0130YET T\u00d6REN\u0130NDE \u201c\u0130ST\u0130KLAL MAR\u015eI\u201d KR\u0130Z\u0130 YA\u015eANDI. T\u00d6RENDE \u201cS\u0130YAS\u0130 \u0130\u00c7ER\u0130K\u201d TA\u015eIDI\u011eI GEREK\u00c7ES\u0130YLE \u0130ST\u0130KLAL MAR\u015eI\u2019NIN OKUTULMADI\u011eI \u0130DD\u0130ASIYLA K\u00dcRS\u00dcYE GELEN B\u0130R \u00d6\u011eRENC\u0130 SALONDAK\u0130LERE TEPK\u0130 G\u00d6STERD\u0130.<\/p>\n","protected":false},"author":1,"featured_media":0,"comment_status":"closed","ping_status":"open","sticky":false,"template":"","format":"standard","meta":{"jetpack_post_was_ever_published":false,"_jetpack_newsletter_access":"","_jetpack_dont_email_post_to_subs":false,"_jetpack_newsletter_tier_id":0,"_jetpack_memberships_contains_paywalled_content":false,"_jetpack_memberships_contains_paid_content":false,"footnotes":"","jetpack_publicize_message":"","jetpack_publicize_feature_enabled":true,"jetpack_social_post_already_shared":true,"jetpack_social_options":{"image_generator_settings":{"template":"highway","default_image_id":0,"font":"","enabled":false},"version":2}},"categories":[1],"tags":[14044,305,2121,17734,1889],"class_list":["post-172524","post","type-post","status-publish","format-standard","hentry","category-genel","tag-istiklal","tag-kirikkale","tag-krizi","tag-marsi","tag-universitesinde"],"jetpack_publicize_connections":[],"jetpack_featured_media_url":"","jetpack_sharing_enabled":true,"jetpack_shortlink":"https:\/\/wp.me\/paKIfm-ISE","_links":{"self":[{"href":"http:\/\/www.tvturk.com\/index.php\/wp-json\/wp\/v2\/posts\/172524","targetHints":{"allow":["GET"]}}],"collection":[{"href":"http:\/\/www.tvturk.com\/index.php\/wp-json\/wp\/v2\/posts"}],"about":[{"href":"http:\/\/www.tvturk.com\/index.php\/wp-json\/wp\/v2\/types\/post"}],"author":[{"embeddable":true,"href":"http:\/\/www.tvturk.com\/index.php\/wp-json\/wp\/v2\/users\/1"}],"replies":[{"embeddable":true,"href":"http:\/\/www.tvturk.com\/index.php\/wp-json\/wp\/v2\/comments?post=172524"}],"version-history":[{"count":0,"href":"http:\/\/www.tvturk.com\/index.php\/wp-json\/wp\/v2\/posts\/172524\/revisions"}],"wp:attachment":[{"href":"http:\/\/www.tvturk.com\/index.php\/wp-json\/wp\/v2\/media?parent=172524"}],"wp:term":[{"taxonomy":"category","embeddable":true,"href":"http:\/\/www.tvturk.com\/index.php\/wp-json\/wp\/v2\/categories?post=172524"},{"taxonomy":"post_tag","embeddable":true,"href":"http:\/\/www.tvturk.com\/index.php\/wp-json\/wp\/v2\/tags?post=172524"}],"curies":[{"name":"wp","href":"https:\/\/api.w.org\/{rel}","templated":true}]}}