{"id":172562,"date":"2019-06-22T04:46:09","date_gmt":"2019-06-22T01:46:09","guid":{"rendered":"http:\/\/www.tvturk.com\/index.php\/10-bin-kisi-100-yili-cosku-icinde-kirac-ile-kutladi\/"},"modified":"2019-06-22T04:46:09","modified_gmt":"2019-06-22T01:46:09","slug":"10-bin-kisi-100-yili-cosku-icinde-kirac-ile-kutladi","status":"publish","type":"post","link":"http:\/\/www.tvturk.com\/index.php\/10-bin-kisi-100-yili-cosku-icinde-kirac-ile-kutladi\/","title":{"rendered":"10 bin ki\u015fi 100. y\u0131l\u0131 co\u015fku i\u00e7inde K\u0131ra\u00e7 ile kutlad\u0131"},"content":{"rendered":"<p>Milli M\u00fccadele, Amasya Tamimi\u2019nin 100. Y\u0131l\u0131 ve 12-22 Haziran Uluslararas\u0131 Atat\u00fcrk K\u00fclt\u00fcr ve Sanat Festivali etkinlikleri kapsam\u0131nda sanat\u00e7\u0131 K\u0131ra\u00e7, 10 bin ki\u015fi ile 100. Y\u0131l\u0131 kutlad\u0131.<\/p>\n<p>Amasya 12 Haziran \u015eehir Stadyumunda sevilen par\u00e7alar\u0131n\u0131 Amasyal\u0131lar ve 100. Y\u0131l i\u00e7in seslendiren K\u0131ra\u00e7, unutulmaz bir gece ya\u015fatt\u0131.<\/p>\n<p>K\u0131ra\u00e7 hit olmu\u015f Ay\u015fe, G\u00fclpembe, Karahisar Kalesi, Karaka\u015f G\u00f6zlerin Elmas gibi par\u00e7alar\u0131n\u0131 seslendirdi.<\/p>\n<p>K\u0131ra\u00e7, \u201cY\u0131llar sonra Amasya\u2019da, 100. Y\u0131lda burada olmaktan dolay\u0131 son derece mutluyuz. Milli M\u00fccadelemizin en \u00f6nemli, ba\u015flang\u0131\u00e7 yerlerinden biri olan Amasya\u2019da ger\u00e7ekten \u00e7ok mutluyuz. 100. Y\u0131lda burada olmak, bitmeyen 19 May\u0131s hala devam ediyor. Bizi buraya \u00e7a\u011f\u0131ran, davet eden ba\u015fta say\u0131n valimiz olmak \u00fczere \u00e7ok te\u015fekk\u00fcr ediyoruz\u201d dedi.<\/p>\n<p>Amasya Valisi Dr. Osman Varol ise, \u201cBu co\u011frafyaya ait olan, Anadolumuza ait olan bize ait olan, bizim \u00f6z\u00fcm\u00fcz olan ezgileri o muhte\u015fem yorumuyla senelerdir gen\u00e7lere sevdiren ve gelecek ku\u015faklara ta\u015f\u0131yan K\u0131ra\u00e7 ve ekibine huzurlar\u0131n\u0131zda te\u015fekk\u00fcr ediyorum\u201d diye konu\u015ftu.<\/p>\n<p>Vali Varol, sanat\u00e7\u0131 K\u0131ra\u00e7\u2019a \u00e7i\u00e7ek ve \u015filt takdim etti. K\u0131ra\u00e7, Amasyal\u0131lara yakla\u015f\u0131k bir bu\u00e7uk saat s\u00fcren bir m\u00fczik ziyafeti ya\u015fatt\u0131.<\/p>\n","protected":false},"excerpt":{"rendered":"<p>M\u0130LL\u0130 M\u00dcCADELE, AMASYA TAM\u0130M\u0130\u2019N\u0130N 100. YILI VE 12-22 HAZ\u0130RAN ULUSLARARASI ATAT\u00dcRK K\u00dcLT\u00dcR VE SANAT FEST\u0130VAL\u0130 ETK\u0130NL\u0130KLER\u0130 KAPSAMINDA SANAT\u00c7I KIRA\u00c7, 10 B\u0130N K\u0130\u015e\u0130 \u0130LE 100. YILI KUTLADI.<\/p>\n","protected":false},"author":1,"featured_media":0,"comment_status":"closed","ping_status":"open","sticky":false,"template":"","format":"standard","meta":{"jetpack_post_was_ever_published":false,"_jetpack_newsletter_access":"","_jetpack_dont_email_post_to_subs":false,"_jetpack_newsletter_tier_id":0,"_jetpack_memberships_contains_paywalled_content":false,"_jetpack_memberships_contains_paid_content":false,"footnotes":"","jetpack_publicize_message":"","jetpack_publicize_feature_enabled":true,"jetpack_social_post_already_shared":true,"jetpack_social_options":{"image_generator_settings":{"template":"highway","default_image_id":0,"font":"","enabled":false},"version":2}},"categories":[656],"tags":[2127,213,27689,4601,192,1012,5071,4040,2128],"class_list":["post-172562","post","type-post","status-publish","format-standard","hentry","category-kultur-sanat","tag-2127","tag-bin","tag-cosku","tag-icinde","tag-ile","tag-kisi","tag-kirac","tag-kutladi","tag-yili"],"jetpack_publicize_connections":[],"jetpack_featured_media_url":"","jetpack_sharing_enabled":true,"jetpack_shortlink":"https:\/\/wp.me\/paKIfm-ITg","_links":{"self":[{"href":"http:\/\/www.tvturk.com\/index.php\/wp-json\/wp\/v2\/posts\/172562","targetHints":{"allow":["GET"]}}],"collection":[{"href":"http:\/\/www.tvturk.com\/index.php\/wp-json\/wp\/v2\/posts"}],"about":[{"href":"http:\/\/www.tvturk.com\/index.php\/wp-json\/wp\/v2\/types\/post"}],"author":[{"embeddable":true,"href":"http:\/\/www.tvturk.com\/index.php\/wp-json\/wp\/v2\/users\/1"}],"replies":[{"embeddable":true,"href":"http:\/\/www.tvturk.com\/index.php\/wp-json\/wp\/v2\/comments?post=172562"}],"version-history":[{"count":0,"href":"http:\/\/www.tvturk.com\/index.php\/wp-json\/wp\/v2\/posts\/172562\/revisions"}],"wp:attachment":[{"href":"http:\/\/www.tvturk.com\/index.php\/wp-json\/wp\/v2\/media?parent=172562"}],"wp:term":[{"taxonomy":"category","embeddable":true,"href":"http:\/\/www.tvturk.com\/index.php\/wp-json\/wp\/v2\/categories?post=172562"},{"taxonomy":"post_tag","embeddable":true,"href":"http:\/\/www.tvturk.com\/index.php\/wp-json\/wp\/v2\/tags?post=172562"}],"curies":[{"name":"wp","href":"https:\/\/api.w.org\/{rel}","templated":true}]}}