{"id":172564,"date":"2019-06-22T09:01:25","date_gmt":"2019-06-22T06:01:25","guid":{"rendered":"http:\/\/www.tvturk.com\/index.php\/9-soli-gunes-festivali-renkli-goruntulerle-basladi\/"},"modified":"2019-06-22T09:01:25","modified_gmt":"2019-06-22T06:01:25","slug":"9-soli-gunes-festivali-renkli-goruntulerle-basladi","status":"publish","type":"post","link":"http:\/\/www.tvturk.com\/index.php\/9-soli-gunes-festivali-renkli-goruntulerle-basladi\/","title":{"rendered":"9. Soli G\u00fcne\u015f Festivali renkli g\u00f6r\u00fcnt\u00fclerle ba\u015flad\u0131"},"content":{"rendered":"<p>MERS\u0130N (\u0130HA) \u2013 Mezitli Belediyesi\u2019nin bu y\u0131l 9\u2019uncusunu d\u00fczenledi\u011fi Soli G\u00fcne\u015f Festivali renkli g\u00f6r\u00fcnt\u00fclerle ba\u015flad\u0131.<\/p>\n<p>Mezitli Belediyesi 9. Soli G\u00fcne\u015f Festivali, bu y\u0131l da 21-22 Haziran tarihlerinde ger\u00e7ekle\u015ftiriliyor. Soli Pompeiopolis Antik Kenti \u00f6n\u00fcndeki alanda d\u00fczenlenen festivalin ilk g\u00fcn\u00fcnde stantlarda g\u00fcne\u015f enerjisi firmalar\u0131 ve yenilenebilir enerji sistemleri \u00fczerine projelerin tan\u0131t\u0131mlar\u0131 yap\u0131larak, halka g\u00fcne\u015f enerjisinin \u00f6nemi anlat\u0131ld\u0131. Festivalde, bir\u00e7ok dans, m\u00fczik ve tiyatro g\u00f6sterisi de Mersinlilerle bulu\u015ftu.<\/p>\n<p>Festivalin ak\u015fam b\u00f6l\u00fcm\u00fcnde ise \u00fcnl\u00fc modac\u0131 Y\u0131ld\u0131r\u0131m Mayruk\u2019un 2019 yaz koleksiyonu ilk kez halkla bulu\u015ftu. Soli Pombeiopolis S\u00fctunlu Cadde\u2019de kurulan dev platformda, mankenler binlerce y\u0131ll\u0131k s\u00fctunlar\u0131n g\u00f6lgesinde g\u00fcne\u015fin t\u00fcm renklerini Akdeniz\u2019e ta\u015f\u0131d\u0131.<\/p>\n<p>Y\u0131ld\u0131r\u0131m Mayruk\u2019un da bizzat kat\u0131ld\u0131\u011f\u0131 ve Mersin i\u00e7in \u00f6zel olarak haz\u0131rlanan defileye Mersinliler yo\u011fun ilgi g\u00f6sterdi. 12 uluslararas\u0131 manken, 27 ki\u015filik dev ekiple sahnelenen defileyi Mezitli Belediye Ba\u015fkan\u0131 Ne\u015fet Tarhan ile e\u015fi Sembol Tarhan da izlerken, Mersinliler cep telefonlar\u0131yla bol bol foto\u011fraf ve video \u00e7ekti.<\/p>\n<p>Defilenin ard\u0131ndan Volkan Konak, konser verdi. S\u00f6yledi\u011fi \u015fark\u0131larla Mersinlileri co\u015fturan Konak, burada bulunmaktan b\u00fcy\u00fck mutluluk duydu\u011funu s\u00f6yledi. Alanda bulunanlar b\u00fcy\u00fck bir koro olu\u015fturarak Volkan Konak\u2019\u0131n \u015fark\u0131lar\u0131na e\u015flik ederken, cep telefonlar\u0131n\u0131n \u0131\u015f\u0131\u011f\u0131yla da renkli g\u00f6r\u00fcnt\u00fcler olu\u015fturdular.<\/p>\n<p>Konserin ba\u015f\u0131nda sahneye \u00e7\u0131karak Volkan Konak ile bir araya gelen Ba\u015fkan Tarhan, Mezitlililere ve Mersin\u2019e yak\u0131\u015fan bir festival ger\u00e7ekle\u015ftirdiklerini s\u00f6yledi. Tarhan, Konak\u2019a te\u015fekk\u00fcr ederek \u00e7i\u00e7ek sundu.<\/p>\n<p>Soli G\u00fcne\u015f Festivali\u2019nin ikinci g\u00fcn\u00fcnde de Sibel T\u00fcz\u00fcn, verece\u011fi konserle Mersinlilerle bulu\u015facak.<\/p>\n","protected":false},"excerpt":{"rendered":"<p>MEZ\u0130TL\u0130 BELED\u0130YES\u0130\u2019N\u0130N BU YIL 9\u2019UNCUSUNU D\u00dcZENLED\u0130\u011e\u0130 SOL\u0130 G\u00dcNE\u015e FEST\u0130VAL\u0130 RENKL\u0130 G\u00d6R\u00dcNT\u00dcLERLE BA\u015eLADI. FEST\u0130VAL\u0130N \u0130LK G\u00dcN\u00dcNE YILDIRIM MAYRUK\u2019UN HAZIRLADI\u011eI \u201cG\u00dcNE\u015e MELEKLER\u0130\u201d DEF\u0130LES\u0130 \u0130LE VOLKAN KONAK KONSER\u0130 DAMGA VURDU.<\/p>\n","protected":false},"author":1,"featured_media":0,"comment_status":"closed","ping_status":"open","sticky":false,"template":"","format":"standard","meta":{"jetpack_post_was_ever_published":false,"_jetpack_newsletter_access":"","_jetpack_dont_email_post_to_subs":false,"_jetpack_newsletter_tier_id":0,"_jetpack_memberships_contains_paywalled_content":false,"_jetpack_memberships_contains_paid_content":false,"footnotes":"","jetpack_publicize_message":"","jetpack_publicize_feature_enabled":true,"jetpack_social_post_already_shared":true,"jetpack_social_options":{"image_generator_settings":{"template":"highway","default_image_id":0,"font":"","enabled":false},"version":2}},"categories":[1],"tags":[55,3400,8826,1386,4128,41768],"class_list":["post-172564","post","type-post","status-publish","format-standard","hentry","category-genel","tag-basladi","tag-festivali","tag-goruntulerle","tag-gunes","tag-renkli","tag-soli"],"jetpack_publicize_connections":[],"jetpack_featured_media_url":"","jetpack_sharing_enabled":true,"jetpack_shortlink":"https:\/\/wp.me\/paKIfm-ITi","_links":{"self":[{"href":"http:\/\/www.tvturk.com\/index.php\/wp-json\/wp\/v2\/posts\/172564","targetHints":{"allow":["GET"]}}],"collection":[{"href":"http:\/\/www.tvturk.com\/index.php\/wp-json\/wp\/v2\/posts"}],"about":[{"href":"http:\/\/www.tvturk.com\/index.php\/wp-json\/wp\/v2\/types\/post"}],"author":[{"embeddable":true,"href":"http:\/\/www.tvturk.com\/index.php\/wp-json\/wp\/v2\/users\/1"}],"replies":[{"embeddable":true,"href":"http:\/\/www.tvturk.com\/index.php\/wp-json\/wp\/v2\/comments?post=172564"}],"version-history":[{"count":0,"href":"http:\/\/www.tvturk.com\/index.php\/wp-json\/wp\/v2\/posts\/172564\/revisions"}],"wp:attachment":[{"href":"http:\/\/www.tvturk.com\/index.php\/wp-json\/wp\/v2\/media?parent=172564"}],"wp:term":[{"taxonomy":"category","embeddable":true,"href":"http:\/\/www.tvturk.com\/index.php\/wp-json\/wp\/v2\/categories?post=172564"},{"taxonomy":"post_tag","embeddable":true,"href":"http:\/\/www.tvturk.com\/index.php\/wp-json\/wp\/v2\/tags?post=172564"}],"curies":[{"name":"wp","href":"https:\/\/api.w.org\/{rel}","templated":true}]}}