{"id":172566,"date":"2019-06-22T09:16:08","date_gmt":"2019-06-22T06:16:08","guid":{"rendered":"http:\/\/www.tvturk.com\/index.php\/turkiyeden-afrin-bolgesinde-irfan-ve-irsad-harekati\/"},"modified":"2019-06-22T09:16:08","modified_gmt":"2019-06-22T06:16:08","slug":"turkiyeden-afrin-bolgesinde-irfan-ve-irsad-harekati","status":"publish","type":"post","link":"http:\/\/www.tvturk.com\/index.php\/turkiyeden-afrin-bolgesinde-irfan-ve-irsad-harekati\/","title":{"rendered":"T\u00fcrkiye\u2019den Afrin b\u00f6lgesinde irfan ve ir\u015fad harekat\u0131"},"content":{"rendered":"<p>T\u00fcrk Silahl\u0131 Kuvvetlerinin (TSK) ve \u00d6zg\u00fcr Suriye Ordusu ile birlikte 20 Ocak 2018 tarihinde ba\u015flat\u0131lan Zeytin Dal\u0131 Harek\u00e2t\u0131 ile ter\u00f6r \u00f6rg\u00fctlerinden temizlenen Afrin\u2019de, T\u00fcrkiye b\u00f6lgenin manevi e\u011fitimi i\u00e7in de adeta bir irfan ve ir\u015fad harekat\u0131 da d\u00fczenledi. T\u00fcrkiye Cumhuriyeti taraf\u0131ndan g\u00f6revlendirilen ekipler halk\u0131n inan\u00e7lar\u0131n\u0131 daha iyi ya\u015famas\u0131 i\u00e7in b\u00fcy\u00fck bir \u00e7al\u0131\u015fma ba\u015flatt\u0131. Ter\u00f6r \u00f6rg\u00fctlerinin propagandas\u0131na y\u0131larca maruz kalan B\u00f6lge halk\u0131 as\u0131l \u0130slam\u2019\u0131n Osmanl\u0131\u2019da ve T\u00fcrkiye\u2019de ya\u015fand\u0131\u011f\u0131n\u0131 g\u00f6rd\u00fc.<\/p>\n<p>G\u00fcvenlik g\u00fc\u00e7lerinin Zeytindal\u0131 Harekat\u0131 ile ter\u00f6r \u00f6rg\u00fctlerinden temizledi\u011fi b\u00f6lgede, 15 Aral\u0131k 2018-21 Haziran 2019 tarihleri aras\u0131nda bir\u00e7ok hizmetler ger\u00e7ekle\u015ftirildi.<\/p>\n<p>T\u00fcrkiye\u2019nin b\u00f6lgedeki irfan ve ir\u015fad faaliyetleri \u00fczerine haz\u0131rlanan raporlara g\u00f6re, T\u00fcrk yetkilileri askeri harekat\u0131n ard\u0131ndan ter\u00f6rden ar\u0131nd\u0131r\u0131lan Afrin\u2019de  b\u00f6lgeyi tan\u0131ma ama\u00e7l\u0131 ziyaretler yapt\u0131. T\u00fcrk g\u00f6revliler her b\u00f6lgeden halkla bir araya gelip halk\u0131n bilgi ve e\u011fitim d\u00fczeyini \u00f6\u011frendi. Her b\u00f6lgede halk\u0131n \u00e7ok eksik oldu\u011fu konular \u00fczerinde durdu. \u00c7ocuklar\u0131 ve yeti\u015fkinleri ayr\u0131 ayr\u0131 toplayarak her ya\u015f grubuna uygun \u015fekilde dini e\u011fitim programlar\u0131 d\u00fczenledi. Verilen  e\u011fitimler sadece dini bilgileri i\u00e7ermiyordu ayn\u0131 zamanda bozuk ter\u00f6r \u00f6rg\u00fct\u00fc (PYD,PKK,DEA\u015e) fikirleri kar\u015f\u0131s\u0131nda bilin\u00e7lendirme ve toplum aras\u0131nda birlik ve beraberlik \u015fuurunu uyand\u0131rmaya y\u00f6nelik e\u011fitimler ger\u00e7ekle\u015fti ve ger\u00e7ekle\u015fmeye devam edildi. \u015eu ana kadar ziyaret edilen  b\u00fct\u00fcn b\u00f6lgelerdeki halk Tr\u00fck g\u00f6revlilere e\u011fitim ald\u0131klar\u0131 yerlerde her zaman Osmanl\u0131 Devleti\u2019nin i\u015fgalci bir devlet oldu\u011funu, \u0130slam\u2019la hi\u00e7bir alakas\u0131 olmad\u0131\u011f\u0131n\u0131, T\u00fcrkiye Cumhuriyeti\u2019nin de dinsiz bir devlet oldu\u011funu halka a\u015f\u0131lad\u0131klar\u0131n\u0131 anlatt\u0131klar\u0131 g\u00f6r\u00fcld\u00fc. B\u00f6lge halk\u0131 T\u00fcrkiye Cumhuriyeti\u2019nin b\u00f6lgede yapt\u0131\u011f\u0131 b\u00fcy\u00fck hizmetler ve g\u00f6revlilerin de halk ile i\u00e7 i\u00e7e olup ger\u00e7ekle\u015ftirdikleri  hizmetleri g\u00f6r\u00fcnce as\u0131l \u0130slam\u2019\u0131n Osmanl\u0131 ve T\u00fcrkiye\u2019de ya\u015fand\u0131\u011f\u0131n\u0131, \u00f6rnek al\u0131nmas\u0131 gerekilen bir millet oldu\u011funu beyan etti.<\/p>\n<p>B\u00f6lge halk\u0131na T\u00fcrkiye Cumhuriyeti\u2019nin i\u015fgalci bir devlet olmad\u0131\u011f\u0131n\u0131 buraya i\u015fgal etmeye de\u011fil, nas\u0131l ki \u00c7anakkale\u2019de Suriyeli karde\u015flerimiz kan d\u00f6k\u00fcp \u015fehit oldu, o g\u00fcn hangi niyetle ordayd\u0131lar ise T\u00fcrkiye de bug\u00fcn ayn\u0131 niyetle karde\u015flik i\u00e7in, \u0130slam dinimizin gere\u011fi i\u00e7in burada oldu\u011funun fikri anlat\u0131ld\u0131. Halk ger\u00e7ekleri \u00f6\u011frenince, hakikati anlad\u0131.<\/p>\n<p>Gidilen k\u00f6ylerde Osmanl\u0131 d\u00f6neminden kalan eserler ve camiler oldu\u011funu g\u00f6r\u00fcld\u00fc. Afrin merkezine genellikle g\u00f6\u00e7 oldu\u011fu i\u00e7in kar\u0131\u015f\u0131k fikirler bulundu\u011fu tespit edildi. Buna kar\u015f\u0131l\u0131k Kuran Kursu hocalar\u0131na Selefi, Radikal ve  PKK, PYD, YPG, DEA\u015e gibi ter\u00f6r \u00f6rg\u00fctlerine kar\u015f\u0131 e\u011fitimler verildi. \u00d6\u011frenciler bunun \u00fczerine yeti\u015ftirilmeye ba\u015fland\u0131.<\/p>\n<p>T\u00fcrk g\u00f6revlilerin tespitleri aras\u0131nda \u015eeyh\u00fcl Hadid b\u00f6lgesinde rastlad\u0131\u011f\u0131m\u0131z halk aras\u0131nda g\u00fcne\u015fe tap\u0131ld\u0131\u011f\u0131 yer ald\u0131.  G\u00fcne\u015f do\u011fdu\u011funda kalk\u0131p g\u00fcne\u015fe bakarak kurt gibi uluduklar\u0131 g\u00f6r\u00fcld\u00fc. B\u00f6lgenin halk\u0131 ter\u00f6r \u00f6rg\u00fctlerinden g\u00f6rd\u00fc\u011f\u00fc zul\u00fcmlerden dolay\u0131 \u00e7ekingen davrand\u0131klar\u0131n\u0131 konu\u015fmaya korktuklar\u0131n\u0131 g\u00f6ren g\u00f6revliler bu sebepten dolay\u0131 oran\u0131n hassasiyetine g\u00f6re hizmetler yap\u0131ld\u0131. B\u00fclb\u00fcl b\u00f6lgesinde halktan baz\u0131 ki\u015filerin a\u011faca tapt\u0131\u011f\u0131n\u0131, a\u011fac\u0131n yan\u0131na ge\u00e7ip dua eder gibi ellerini a\u00e7\u0131p ibadet ettiklerine \u015fahit olundu.<\/p>\n<p>T\u00fcrkiye\u2019nin e\u011fitim faaliyetleri<\/p>\n<p>Yap\u0131lan g\u00f6zlemler sonucunda bir\u00e7ok caminin a\u011f\u0131r bir \u015fekilde hasar ald\u0131\u011f\u0131 T\u00fcrkiye Diyanet Vakf\u0131\u2019na bildirilerek ve tadilatlar\u0131 ba\u015far\u0131l\u0131 \u015fekilde yap\u0131ld\u0131. Bir\u00e7ok camide Kuran-\u0131 Kerim \u00f6\u011fretmek,halkalar\u0131 dini bilgiler e\u011fitimi ve bozuk fikirlerle m\u00fccadele \u00fczerine hocalar yeti\u015ftirildi.<\/p>\n<p>Bozuk fikirler<\/p>\n<p>B\u00f6lgede g\u00f6reline Selefilik, radikalcilik ve ter\u00f6r \u00f6rg\u00fct\u00fc fikirleri PKK, PYD, DEA\u015e\u2019e kar\u015f\u0131 m\u00fccadele edecek hocalar yeti\u015ftirildi.<\/p>\n<p>\u00dcsame Bin Zeyt Camisinde Ramazan ay\u0131nda yakla\u015f\u0131k 150 Alime y\u00f6nelik iftar program\u0131 d\u00fczenlendi ve Alimlerle bozuk fikirler kar\u015f\u0131s\u0131nda m\u00fccadele ile ilgili isti\u015fareler yap\u0131ld\u0131. Camilere Kuran-\u0131 Kerim e\u011fitimi vermesi i\u00e7in hocalar tayin edildi. \u00d6\u011frencilere takke Elifba ve Kuran-\u0131 Kerim hediye edilidi. Her il\u00e7edeki k\u00f6yler birer birer dola\u015f\u0131l\u0131p halk ile bir araya gelindi. Halk\u0131n s\u0131k\u0131nt\u0131lar\u0131 ve ihtiya\u00e7lar\u0131 dinlendi ve elimizden geldi\u011fi kadar\u0131yla yard\u0131mc\u0131 olduk. Bir\u00e7ok gen\u00e7lik semineri d\u00fczenlendi.  Ramazan ay\u0131nda baz\u0131 k\u00f6ylerde dini faaliyetler ve teravih namaz\u0131 i\u00e7in ge\u00e7ici uygun yerler ayarland\u0131. Ta\u015f\u0131nabilir ses sistemleri al\u0131nd\u0131.  Baz\u0131 k\u00f6ylerde \u00e7ocuklara k\u0131rtasiye malzemesi ve oyuncaklar hediye edildi. Ramazan ay\u0131nda bir\u00e7ok kez iftar programlar\u0131 d\u00fczenlendi. 35 e\u011fitimli hocaya maa\u015f ba\u011fland\u0131.<\/p>\n<p>Ula\u015f\u0131lan ki\u015fi ve yerler<\/p>\n<p>T\u00fcrk g\u00f6revliler taraf\u0131ndan e\u011fitim \u00e7al\u0131\u015fmalar\u0131 kapsam\u0131nda  yakla\u015f\u0131k ; 200 hoca, 30 alim ve 1000 \u00e7ocuk \u00f6\u011frenciye ula\u015f\u0131ld\u0131.<\/p>\n<p>Afrin b\u00f6lgesi,  Cinderes b\u00f6lgesi, B\u00fclb\u00fcl b\u00f6lgesi,  \u015eeyh\u00fcl Hadid b\u00f6lgesi, Raco b\u00f6lgesi, \u015eerran b\u00f6lgesi,  Mabetli b\u00f6lgesi,  Rai b\u00f6lgesi, \u00c7obanbey b\u00f6lgesi T\u00fcrk g\u00f6revlilerin faaliyet yapt\u0131klar\u0131 b\u00f6lgeler aras\u0131nda yer ald\u0131.<\/p>\n","protected":false},"excerpt":{"rendered":"<p>T\u00dcRK S\u0130LAHLI KUVVETLER\u0130N\u0130N (TSK) VE \u00d6ZG\u00dcR SUR\u0130YE ORDUSU \u0130LE B\u0130RL\u0130KTE 20 OCAK 2018 TAR\u0130H\u0130NDE BA\u015eLATILAN ZEYT\u0130N DALI HAREK\u00c2TI \u0130LE TER\u00d6R \u00d6RG\u00dcTLER\u0130NDEN TEM\u0130ZLENEN AFR\u0130N&#8217;DE, T\u00dcRK\u0130YE B\u00d6LGEN\u0130N MANEV\u0130 E\u011e\u0130T\u0130M\u0130 \u0130\u00c7\u0130N DE ADETA B\u0130R \u0130RFAN VE \u0130R\u015eAD HAREKATI DA D\u00dcZENLED\u0130. T\u00dcRK\u0130YE CUMHUR\u0130YET\u0130 TARAFINDAN G\u00d6REVLEND\u0130R\u0130LEN EK\u0130PLER HALKIN \u0130NAN\u00c7LARINI DAHA \u0130Y\u0130 YA\u015eAMASI \u0130\u00c7\u0130N B\u00dcY\u00dcK B\u0130R \u00c7ALI\u015eMA BA\u015eLATTI. TER\u00d6R \u00d6RG\u00dcTLER\u0130N\u0130N PROPAGANDASINA YILARCA MARUZ KALAN B\u00d6LGE HALKI  ASIL \u0130SLAM&#8217;IN OSMANLI&#8217;DA VE T\u00dcRK\u0130YE&#8217;DE YA\u015eANDI\u011eINI G\u00d6RD\u00dc.<\/p>\n","protected":false},"author":1,"featured_media":0,"comment_status":"closed","ping_status":"open","sticky":false,"template":"","format":"standard","meta":{"jetpack_post_was_ever_published":false,"_jetpack_newsletter_access":"","_jetpack_dont_email_post_to_subs":false,"_jetpack_newsletter_tier_id":0,"_jetpack_memberships_contains_paywalled_content":false,"_jetpack_memberships_contains_paid_content":false,"footnotes":"","jetpack_publicize_message":"","jetpack_publicize_feature_enabled":true,"jetpack_social_post_already_shared":true,"jetpack_social_options":{"image_generator_settings":{"template":"highway","default_image_id":0,"font":"","enabled":false},"version":2}},"categories":[1],"tags":[5326,2028,17305,12653,41769,11565],"class_list":["post-172566","post","type-post","status-publish","format-standard","hentry","category-genel","tag-afrin","tag-bolgesinde","tag-harekati","tag-irfan","tag-irsad","tag-turkiyeden"],"jetpack_publicize_connections":[],"jetpack_featured_media_url":"","jetpack_sharing_enabled":true,"jetpack_shortlink":"https:\/\/wp.me\/paKIfm-ITk","_links":{"self":[{"href":"http:\/\/www.tvturk.com\/index.php\/wp-json\/wp\/v2\/posts\/172566","targetHints":{"allow":["GET"]}}],"collection":[{"href":"http:\/\/www.tvturk.com\/index.php\/wp-json\/wp\/v2\/posts"}],"about":[{"href":"http:\/\/www.tvturk.com\/index.php\/wp-json\/wp\/v2\/types\/post"}],"author":[{"embeddable":true,"href":"http:\/\/www.tvturk.com\/index.php\/wp-json\/wp\/v2\/users\/1"}],"replies":[{"embeddable":true,"href":"http:\/\/www.tvturk.com\/index.php\/wp-json\/wp\/v2\/comments?post=172566"}],"version-history":[{"count":0,"href":"http:\/\/www.tvturk.com\/index.php\/wp-json\/wp\/v2\/posts\/172566\/revisions"}],"wp:attachment":[{"href":"http:\/\/www.tvturk.com\/index.php\/wp-json\/wp\/v2\/media?parent=172566"}],"wp:term":[{"taxonomy":"category","embeddable":true,"href":"http:\/\/www.tvturk.com\/index.php\/wp-json\/wp\/v2\/categories?post=172566"},{"taxonomy":"post_tag","embeddable":true,"href":"http:\/\/www.tvturk.com\/index.php\/wp-json\/wp\/v2\/tags?post=172566"}],"curies":[{"name":"wp","href":"https:\/\/api.w.org\/{rel}","templated":true}]}}