{"id":172576,"date":"2019-06-22T09:31:26","date_gmt":"2019-06-22T06:31:26","guid":{"rendered":"http:\/\/www.tvturk.com\/index.php\/camliktepeli-genclerin-turk-bayragina-saygisi-duygulandirdi\/"},"modified":"2019-06-22T09:31:26","modified_gmt":"2019-06-22T06:31:26","slug":"camliktepeli-genclerin-turk-bayragina-saygisi-duygulandirdi","status":"publish","type":"post","link":"http:\/\/www.tvturk.com\/index.php\/camliktepeli-genclerin-turk-bayragina-saygisi-duygulandirdi\/","title":{"rendered":"\u00c7aml\u0131ktepeli gen\u00e7lerin T\u00fcrk bayra\u011f\u0131na sayg\u0131s\u0131 duyguland\u0131rd\u0131"},"content":{"rendered":"<p>Trabzon\u2019un Arakl\u0131 il\u00e7esinin \u00c7aml\u0131ktepe mahallesinde 7 ki\u015finin \u00f6l\u00fcm\u00fc, 3 ki\u015finin de kaybolmas\u0131 ile sonu\u00e7lanan selin ard\u0131ndan sel sular\u0131n\u0131n i\u00e7indeki \u00e7amurlu T\u00fcrk bayra\u011f\u0131n\u0131 g\u00f6ren \u00e7ocuklar onu suda y\u0131kay\u0131p temizleyip b\u00f6yle dalgaland\u0131rd\u0131. O anlar cep telefonu kameras\u0131 g\u00f6r\u00fcnt\u00fclendi.<\/p>\n<p>Trabzon ne \u015fartta olursa olsun milli ve manevi de\u011ferleri her \u015feyin \u00fcst\u00fcnde tutmaya \u00e7al\u0131\u015fanlar\u0131n \u015fehri. Bunun en g\u00fczel \u00f6rne\u011fi 4 g\u00fcn \u00f6nce 7 ki\u015finin \u00f6l\u00fcm\u00fc, 3 ki\u015finin kaybolmas\u0131 ile sonu\u00e7lanan selin vurdu\u011fu Arakl\u0131 il\u00e7esinin \u00c7aml\u0131ktepe mahallesinde ya\u015fand\u0131. Yak\u0131nlar\u0131n\u0131 selde kurban veren Hasan Cevahir ve arkada\u015flar\u0131 selde en b\u00fcy\u00fck zarar\u0131 g\u00f6ren okullar\u0131n\u0131n hemen bah\u00e7esinde bulduklar\u0131 T\u00fcrk bayra\u011f\u0131n\u0131 \u00e7amur i\u00e7erisinden \u00e7\u0131kar\u0131p, sel sular\u0131nda temizleyip dalgaland\u0131rd\u0131lar. Ard\u0131ndan da selin getirdi\u011fi ta\u015flar\u0131n aras\u0131na okulun bah\u00e7esine o T\u00fcrk bayra\u011f\u0131n\u0131 diktiler.<\/p>\n","protected":false},"excerpt":{"rendered":"<p>TRABZON NE \u015eARTTA OLURSA OLSUN M\u0130LL\u0130 VE MANEV\u0130 DE\u011eERLER\u0130 HER \u015eEY\u0130N \u00dcST\u00dcNDE TUTMAYA \u00c7ALI\u015eANLARIN \u015eEHR\u0130. BUNUN EN G\u00dcZEL \u00d6RNE\u011e\u0130 4 G\u00dcN \u00d6NCE 7 K\u0130\u015e\u0130N\u0130N \u00d6L\u00dcM\u00dc, 3 K\u0130\u015e\u0130N\u0130N KAYBOLMASI \u0130LE SONU\u00c7LANAN SEL\u0130N VURDU\u011eU ARAKLI \u0130L\u00c7ES\u0130N\u0130N \u00c7AMLIKTEPE MAHALLES\u0130NDE YA\u015eANDI. YAKINLARINI SELDE KURBAN VEREN HASAN CEVAH\u0130R VE ARKADA\u015eLARI SELDE EN B\u00dcY\u00dcK ZARARI G\u00d6REN OKULLARININ HEMEN BAH\u00c7ES\u0130NDE BULDUKLARI T\u00dcRK BAYRA\u011eINI \u00c7AMUR \u0130\u00c7ER\u0130S\u0130NDEN \u00c7IKARIP, SEL SULARINDA TEM\u0130ZLEY\u0130P DALGALANDIRDILAR. ARDINDAN DA SEL\u0130N GET\u0130RD\u0130\u011e\u0130 TA\u015eLARIN ARASINA OKULUN BAH\u00c7ES\u0130NE O T\u00dcRK BAYRA\u011eINI D\u0130KT\u0130LER.<\/p>\n","protected":false},"author":1,"featured_media":0,"comment_status":"closed","ping_status":"open","sticky":false,"template":"","format":"standard","meta":{"jetpack_post_was_ever_published":false,"_jetpack_newsletter_access":"","_jetpack_dont_email_post_to_subs":false,"_jetpack_newsletter_tier_id":0,"_jetpack_memberships_contains_paywalled_content":false,"_jetpack_memberships_contains_paid_content":false,"footnotes":"","jetpack_publicize_message":"","jetpack_publicize_feature_enabled":true,"jetpack_social_post_already_shared":true,"jetpack_social_options":{"image_generator_settings":{"template":"highway","default_image_id":0,"font":"","enabled":false},"version":2}},"categories":[1],"tags":[41774,41773,24828,2901,24958,957],"class_list":["post-172576","post","type-post","status-publish","format-standard","hentry","category-genel","tag-bayragina","tag-camliktepeli","tag-duygulandirdi","tag-genclerin","tag-saygisi","tag-turk"],"jetpack_publicize_connections":[],"jetpack_featured_media_url":"","jetpack_sharing_enabled":true,"jetpack_shortlink":"https:\/\/wp.me\/paKIfm-ITu","_links":{"self":[{"href":"http:\/\/www.tvturk.com\/index.php\/wp-json\/wp\/v2\/posts\/172576","targetHints":{"allow":["GET"]}}],"collection":[{"href":"http:\/\/www.tvturk.com\/index.php\/wp-json\/wp\/v2\/posts"}],"about":[{"href":"http:\/\/www.tvturk.com\/index.php\/wp-json\/wp\/v2\/types\/post"}],"author":[{"embeddable":true,"href":"http:\/\/www.tvturk.com\/index.php\/wp-json\/wp\/v2\/users\/1"}],"replies":[{"embeddable":true,"href":"http:\/\/www.tvturk.com\/index.php\/wp-json\/wp\/v2\/comments?post=172576"}],"version-history":[{"count":0,"href":"http:\/\/www.tvturk.com\/index.php\/wp-json\/wp\/v2\/posts\/172576\/revisions"}],"wp:attachment":[{"href":"http:\/\/www.tvturk.com\/index.php\/wp-json\/wp\/v2\/media?parent=172576"}],"wp:term":[{"taxonomy":"category","embeddable":true,"href":"http:\/\/www.tvturk.com\/index.php\/wp-json\/wp\/v2\/categories?post=172576"},{"taxonomy":"post_tag","embeddable":true,"href":"http:\/\/www.tvturk.com\/index.php\/wp-json\/wp\/v2\/tags?post=172576"}],"curies":[{"name":"wp","href":"https:\/\/api.w.org\/{rel}","templated":true}]}}