{"id":172598,"date":"2019-06-22T10:01:49","date_gmt":"2019-06-22T07:01:49","guid":{"rendered":"http:\/\/www.tvturk.com\/index.php\/ozel-halfeti-tarihindeki-en-iyi-turizm-sezonunu-yasiyor\/"},"modified":"2019-06-22T10:01:49","modified_gmt":"2019-06-22T07:01:49","slug":"ozel-halfeti-tarihindeki-en-iyi-turizm-sezonunu-yasiyor","status":"publish","type":"post","link":"http:\/\/www.tvturk.com\/index.php\/ozel-halfeti-tarihindeki-en-iyi-turizm-sezonunu-yasiyor\/","title":{"rendered":"(\u00d6zel) Halfeti tarihindeki en iyi turizm sezonunu ya\u015f\u0131yor"},"content":{"rendered":"<p>G\u00fcneydo\u011fu Anadolu B\u00f6lgesinin \u201cSakl\u0131 Cenneti\u201d olarak bilinen \u015eanl\u0131urfa\u2019n\u0131n Halfeti il\u00e7esi, tarihinin en iyi turizm sezonunu ya\u015f\u0131yor. Do\u011fal g\u00fczelli\u011fi ve suya g\u00f6m\u00fclen evleriyle g\u00f6z kama\u015ft\u0131ran Halfeti\u2019yi her g\u00fcn binlerce yerli ve yabanc\u0131 turist ziyaret ediyor.<\/p>\n<p>G\u00fcneydo\u011fu Anadolu B\u00f6lgesinin \u201cSakl\u0131 Cenneti\u201d olarak bilinen \u015eanl\u0131urfa\u2019n\u0131n Halfeti il\u00e7esi, bu y\u0131l tarihinin en iyi turizm sezonunu ya\u015f\u0131yor. 2019 y\u0131l\u0131n\u0131n G\u00f6beklitepe y\u0131l\u0131 olarak ilan edilmesi Halfeti\u2019ye de b\u00fcy\u00fck katk\u0131 sa\u011flad\u0131. Okullar\u0131n da tatil olmas\u0131yla birlikte il\u00e7eye gelen turist say\u0131s\u0131 \u00f6nceki y\u0131llara g\u00f6re iki kat\u0131na \u00e7\u0131kt\u0131. Do\u011fal g\u00fczelli\u011fi ve suya g\u00f6m\u00fclen evleriyle g\u00f6z kama\u015ft\u0131ran Halfeti\u2019yi her g\u00fcn binlerce yerli ve yabanc\u0131 turist ziyaret ediyor. Tekne turuna kat\u0131lan turistler, do\u011fayla birlikte tarihin de tad\u0131na var\u0131yor. M\u00fczik e\u015fli\u011finde tekne turuna ba\u015flayan turistler, F\u0131rat Nehrinin kenar\u0131na kurulan medeniyetlerden kalan tarihi yap\u0131lar ve ma\u011faralar\u0131 g\u00f6rme f\u0131rsat\u0131 buluyor. Yakla\u015f\u0131k bir saat s\u00fcren turla birlikte Rumkale ve Bat\u0131k Minareyi de g\u00f6rme imkan\u0131 bulan turistler tekne turunu ba\u015flad\u0131klar\u0131 Halfeti\u2019de sonland\u0131r\u0131yor. Y\u00f6resel yemekleri yeme imkan\u0131 bulan turistler, tarihi evlerin aras\u0131nda y\u00fcr\u00fcy\u00fc\u015f yapt\u0131ktan sonra il\u00e7eden ayr\u0131l\u0131yor.<\/p>\n<p>Ke\u015ffettik\u00e7e daha fazla turist geliyor<\/p>\n<p>Halfeti ke\u015ffedildik\u00e7e daha fazla turistin ilgisini \u00e7ekti\u011fini s\u00f6yleyen H\u00fcseyin Bozkurt, \u201cBu sene her zamankinden daha farkl\u0131. Hafta sonlar\u0131 turizm ak\u0131\u015f\u0131 daha fazla. Hafta i\u00e7i daha sakin. Her \u015feye ra\u011fmen turistler g\u00fczel geliyor. Halfeti\u2019nin g\u00fczel yerlerini ke\u015ffediyorlar. Gelenler de Halfeti\u2019ye hayran kal\u0131yor, tekrar gelmek istiyorlar. En \u00f6nemli \u00f6zelli\u011fi do\u011fas\u0131, karag\u00fcl\u00fcn olmas\u0131, karag\u00fcl\u00fcn yeti\u015fti\u011fi tek yer olmas\u0131. Halfeti, sakl\u0131 Cennet ve bu Sakl\u0131 Cenneti insanlar ke\u015ffettik\u00e7e daha fazla turist geliyor.<\/p>\n<p>Y\u00f6resel tatlar tercih ediliyor<\/p>\n<p>Halfeti\u2019ye gelenlerin \u00f6zellikle F\u0131rat Nehrine \u00f6zg\u00fc bal\u0131k ile b\u00f6lgeye \u00f6zg\u00fc Ha\u015fha\u015f Kebab\u0131n\u0131 tercih eti\u011fini s\u00f6yleyen a\u015f\u00e7\u0131 M\u00fcsl\u00fcm Ak\u015fahin, \u201cBuraya \u00f6zg\u00fc \u015eabut Bal\u0131\u011f\u0131m\u0131z var, buraya \u00f6zg\u00fc. Bir de Ha\u015fha\u015f Kebab\u0131m\u0131z var. \u00d6zellikle gelenlere bunlar\u0131 tavsiye ediyoruz. De\u011fi\u015fik bir lezzet, farkl\u0131 bir lezzet. M\u00fc\u015fterilerimiz gayet memnun kal\u0131yorlar\u201d dedi.<\/p>\n<p>G\u00f6beklitepe b\u00fcy\u00fck bir etki yapt\u0131<\/p>\n<p>G\u00f6beklitepe\u2019nin Halfeti turizmine \u00e7ok b\u00fcy\u00fck katk\u0131 sa\u011flad\u0131\u011f\u0131n\u0131 s\u00f6yleyen Fevzi Erdo\u011fan,\u201d\u00c7evre illerimizden, gerek yurt i\u00e7i, gerek yurt d\u0131\u015f\u0131 turistleri gayet m\u00fckemmel bir \u015fekilde burada a\u011f\u0131rlayabiliyoruz. Ge\u00e7en y\u0131llara g\u00f6re y\u00fczde 80-90\u2019lar\u0131 buldu. Urfa G\u00f6beklitepe\u2019nin tan\u0131t\u0131m\u0131 olsun, b\u00fcy\u00fck bir etki yapt\u0131\u201d ifadelerini kulland\u0131.<\/p>\n<p>Gezilecek \u00e7ok yer var<\/p>\n<p>Ailesiyle birlikte gezmeye gelen Beril Naz \u0130nan isimli \u00e7ocuk ise, \u201cHalfeti\u2019ye geldim, \u00e7ok g\u00fczel. Burada gemiler var, deniz var. Tarihi bir yer. K\u00f6pr\u00fcs\u00fc var, gezilecek \u00e7ok yeri var. Gemiye biniliyor, kafeleri var. Herkese tavsiye ederim\u201d dedi.<\/p>\n<p>\u015eanl\u0131urfa B\u00fcy\u00fck\u015fehir Belediyesinin program\u0131yla geziye gelen bir vatanda\u015f ise, \u201cHalfeti\u2019ye geldik, tur yapt\u0131k. Rumkalesi\u2019ne gittik, batan minarenin etraf\u0131nda dola\u015ft\u0131k. Gezdik, g\u00f6rd\u00fck\u201d \u015feklinde konu\u015ftu.<\/p>\n<p>Bilin\u00e7li turist laz\u0131m<\/p>\n<p>Halfeti\u2019ye gelenlerin b\u00f6lge hakk\u0131nda bilgi sahibi olmas\u0131 gerekti\u011fini s\u00f6yleyen \u015eerif Bilgin, \u201cG\u00f6beklitepe\u2019den sonra turizmde biraz faaliyet var. Biraz canl\u0131l\u0131k var ama daha fazlas\u0131n\u0131 istiyoruz. M\u00fc\u015fteriler tam rahat de\u011fil. 2000 y\u0131l\u0131nda buras\u0131 baraj oldu, 2001 y\u0131l\u0131nda bo\u015falt\u0131ld\u0131. Bir kere bat\u0131k bir kent hikayesi var. Bunun d\u0131\u015f\u0131nda Halfeti sakin \u015fehir. Ondan sonra ilerimizde Rumkale var. Aziz Yuhannes\u2019in \u0130ncil\u2019i yaz\u0131p \u00e7o\u011faltt\u0131\u011f\u0131 yer ve orada bir sarn\u0131c\u0131m\u0131z var. O sarn\u0131\u00e7ta \u015fair Aziz Nerses\u2019in o\u011flu Narkissos\u2019un bo\u011fuldu\u011fu ve nergis kokusunun d\u00fcnyaya oradan yay\u0131ld\u0131\u011f\u0131 s\u00f6yleniyor. Bunlar\u0131 bilmek laz\u0131m. Bilin\u00e7li turistlerin bunlar\u0131 bilerek Halfeti\u2019ye gelmesi laz\u0131m. Bat\u0131k kent var, bat\u0131k minare var. Yok olmaya y\u00fcz tutmu\u015f bir k\u00fclt\u00fcr var\u201d diye konu\u015ftu.<\/p>\n<p>Hedef 1 milyon ziyaret\u00e7i<\/p>\n<p>2019 y\u0131l\u0131n\u0131n G\u00f6beklitepe y\u0131l\u0131 olarak ilan edilmesiyle birlikte turist ak\u0131n\u0131na u\u011frayan Halfeti\u2019nin bu y\u0131l 1 milyon yerli ve yabanc\u0131 turist taraf\u0131ndan ziyaret edilmesi bekleniyor.<\/p>\n","protected":false},"excerpt":{"rendered":"<p>TUR\u0130STLER HALFET\u0130YE AKIN ED\u0130YOR<\/p>\n","protected":false},"author":1,"featured_media":0,"comment_status":"closed","ping_status":"open","sticky":false,"template":"","format":"standard","meta":{"jetpack_post_was_ever_published":false,"_jetpack_newsletter_access":"","_jetpack_dont_email_post_to_subs":false,"_jetpack_newsletter_tier_id":0,"_jetpack_memberships_contains_paywalled_content":false,"_jetpack_memberships_contains_paid_content":false,"footnotes":"","jetpack_publicize_message":"","jetpack_publicize_feature_enabled":true,"jetpack_social_post_already_shared":true,"jetpack_social_options":{"image_generator_settings":{"template":"highway","default_image_id":0,"font":"","enabled":false},"version":2}},"categories":[656],"tags":[1073,41785,1552,23909,25801,2184,6174],"class_list":["post-172598","post","type-post","status-publish","format-standard","hentry","category-kultur-sanat","tag-ozel","tag-halfeti","tag-iyi","tag-sezonunu","tag-tarihindeki","tag-turizm","tag-yasiyor"],"jetpack_publicize_connections":[],"jetpack_featured_media_url":"","jetpack_sharing_enabled":true,"jetpack_shortlink":"https:\/\/wp.me\/paKIfm-ITQ","_links":{"self":[{"href":"http:\/\/www.tvturk.com\/index.php\/wp-json\/wp\/v2\/posts\/172598","targetHints":{"allow":["GET"]}}],"collection":[{"href":"http:\/\/www.tvturk.com\/index.php\/wp-json\/wp\/v2\/posts"}],"about":[{"href":"http:\/\/www.tvturk.com\/index.php\/wp-json\/wp\/v2\/types\/post"}],"author":[{"embeddable":true,"href":"http:\/\/www.tvturk.com\/index.php\/wp-json\/wp\/v2\/users\/1"}],"replies":[{"embeddable":true,"href":"http:\/\/www.tvturk.com\/index.php\/wp-json\/wp\/v2\/comments?post=172598"}],"version-history":[{"count":0,"href":"http:\/\/www.tvturk.com\/index.php\/wp-json\/wp\/v2\/posts\/172598\/revisions"}],"wp:attachment":[{"href":"http:\/\/www.tvturk.com\/index.php\/wp-json\/wp\/v2\/media?parent=172598"}],"wp:term":[{"taxonomy":"category","embeddable":true,"href":"http:\/\/www.tvturk.com\/index.php\/wp-json\/wp\/v2\/categories?post=172598"},{"taxonomy":"post_tag","embeddable":true,"href":"http:\/\/www.tvturk.com\/index.php\/wp-json\/wp\/v2\/tags?post=172598"}],"curies":[{"name":"wp","href":"https:\/\/api.w.org\/{rel}","templated":true}]}}