{"id":172628,"date":"2019-06-22T11:01:52","date_gmt":"2019-06-22T08:01:52","guid":{"rendered":"http:\/\/www.tvturk.com\/index.php\/tesk-baskani-palandokenden-esnaf-okul-gidasi-logosu-hakkinda-bilgilendirme\/"},"modified":"2019-06-22T11:01:52","modified_gmt":"2019-06-22T08:01:52","slug":"tesk-baskani-palandokenden-esnaf-okul-gidasi-logosu-hakkinda-bilgilendirme","status":"publish","type":"post","link":"http:\/\/www.tvturk.com\/index.php\/tesk-baskani-palandokenden-esnaf-okul-gidasi-logosu-hakkinda-bilgilendirme\/","title":{"rendered":"TESK Ba\u015fkan\u0131 Paland\u00f6ken\u2019den, \u201cEsnaf okul g\u0131das\u0131 logosu hakk\u0131nda bilgilendirme\u201d"},"content":{"rendered":"<p>TESK Genel Ba\u015fkan\u0131 Bendevi Paland\u00f6ken, \u201cMEB\u2019e ba\u011fl\u0131 resmi ve \u00f6zel okul\/kurumlar\u0131n b\u00fcnyesinde faaliyet g\u00f6steren kantin, kafeterya, b\u00fcfe, \u00e7ay oca\u011f\u0131 gibi g\u0131da i\u015fletmelerinde sat\u0131\u015fa sunulacak olan haz\u0131r ambalajl\u0131 g\u0131dalarda okul g\u0131das\u0131 logosu kullan\u0131lmas\u0131na ili\u015fkin hususlar, te\u015fkilat\u0131m\u0131zca esnaf ve sanatkarlara ba\u011fl\u0131 odalara genelge ile duyuruldu\u201d dedi.<\/p>\n<p>Okul g\u0131das\u0131 logosunun Tar\u0131m ve Orman Bakanl\u0131\u011f\u0131\u2019ndan \u0130\u015fletme Kay\u0131t\/Onay Belgesi alan g\u0131da i\u015fletmecileri taraf\u0131ndan herhangi bir ba\u015fvuruya gerek kalmadan kullan\u0131laca\u011f\u0131na dikkati \u00e7eken T\u00fcrkiye Esnaf ve Sanatkarlar\u0131 Konfederasyonu (TESK) Genel Ba\u015fkan\u0131 Bendevi Paland\u00f6ken, \u201cOkul G\u0131das\u0131 Logolu \u00fcr\u00fcnleri satan g\u0131da i\u015fletmecileri, \u2018Okul Kantinlerine Dair \u00d6zel Hijyen Kurallar\u0131 Y\u00f6netmeli\u011fi\u2019 h\u00fck\u00fcmlerine uymakla y\u00fck\u00fcml\u00fcd\u00fcr. G\u0131da i\u015fletmelerinde sat\u0131\u015fa sunulacak olan haz\u0131r ambalajl\u0131 g\u0131dalar; T\u00fcrk G\u0131da Kodeksine uygun olacakt\u0131r. G\u0131da i\u015fletmelerinde sat\u0131\u015f\u0131 uygun olmayan g\u0131da ve i\u00e7ecekler i\u00e7in Okul G\u0131das\u0131 Logosu kullan\u0131lmayacakt\u0131r. Yeni d\u00fczenlemede yer alan h\u00fck\u00fcmlere uygun olmayan g\u0131dalar okul g\u0131das\u0131 olarak de\u011ferlendirilmeyecektir. Okul g\u0131das\u0131 logosu, MEB\u2019e ba\u011fl\u0131 resmi ve \u00f6zel okul\/kurumlar\u0131n b\u00fcnyesinde faaliyet g\u00f6steren yemekhaneleri kapsamamaktad\u0131r\u201d ifadelerini kulland\u0131.<\/p>\n<p>-\u201cOkul g\u0131das\u0131 logosu ile ilgili denetimleri MEB yapacak\u201d<\/p>\n<p>Yeni d\u00fczenlemenin 16 Eyl\u00fcl\u2019de uygulanmaya ba\u015flayaca\u011f\u0131n\u0131 kaydeden Paland\u00f6ken, \u201cS\u00f6z konusu i\u015fletmelerde sat\u0131\u015fa sunulan bu g\u0131dalara ili\u015fkin okul g\u0131das\u0131 kriterleri, Sa\u011fl\u0131k Bakanl\u0131\u011f\u0131 taraf\u0131ndan belirlenecek olup Tar\u0131m ve Orman Bakanl\u0131\u011f\u0131 ile MEB\u2019e bildirilecektir. Okul g\u0131das\u0131 kriterleri, MEB vas\u0131tas\u0131 ile MEB\u2019e ba\u011fl\u0131 resmi ve \u00f6zel okul\/kurum m\u00fcd\u00fcrl\u00fcklerine ve ilgili okul m\u00fcd\u00fcrl\u00fckleri taraf\u0131ndan da b\u00fcnyesinde faaliyet g\u00f6steren; kantin, kafeterya, b\u00fcfe, \u00e7ay oca\u011f\u0131 gibi g\u0131da i\u015fletmelerine bildirilecektir. G\u0131da i\u015fletmelerinin belirtilen kriterlere uyum sa\u011flay\u0131p sa\u011flamad\u0131klar\u0131 hususunda gerekli denetimler MEB taraf\u0131ndan yap\u0131lacakt\u0131r.  Okul G\u0131das\u0131 Logosu bulunmayan g\u0131da sat\u0131\u015f\u0131 yapan i\u015fletmeler hakk\u0131nda MEB taraf\u0131ndan Okul-Aile Birli\u011fi Y\u00f6netmeli\u011fi kapsam\u0131nda gerekli tedbirler al\u0131nacakt\u0131r\u201d \u015feklinde konu\u015ftu.<\/p>\n","protected":false},"excerpt":{"rendered":"<p>TESK GENEL BA\u015eKANI BENDEV\u0130 PALAND\u00d6KEN, \u201cMEB\u2019E BA\u011eLI RESM\u0130 VE \u00d6ZEL OKUL\/KURUMLARIN B\u00dcNYES\u0130NDE FAAL\u0130YET G\u00d6STEREN KANT\u0130N, KAFETERYA, B\u00dcFE, \u00c7AY OCA\u011eI G\u0130B\u0130 GIDA \u0130\u015eLETMELER\u0130NDE SATI\u015eA SUNULACAK OLAN HAZIR AMBALAJLI GIDALARDA OKUL GIDASI LOGOSU KULLANILMASINA \u0130L\u0130\u015eK\u0130N HUSUSLAR, TE\u015eK\u0130LATIMIZCA ESNAF VE SANATKARLARA BA\u011eLI ODALARA GENELGE \u0130LE DUYURULDU\u201d DED\u0130.<\/p>\n","protected":false},"author":1,"featured_media":0,"comment_status":"closed","ping_status":"open","sticky":false,"template":"","format":"standard","meta":{"jetpack_post_was_ever_published":false,"_jetpack_newsletter_access":"","_jetpack_dont_email_post_to_subs":false,"_jetpack_newsletter_tier_id":0,"_jetpack_memberships_contains_paywalled_content":false,"_jetpack_memberships_contains_paid_content":false,"footnotes":"","jetpack_publicize_message":"","jetpack_publicize_feature_enabled":true,"jetpack_social_post_already_shared":true,"jetpack_social_options":{"image_generator_settings":{"template":"highway","default_image_id":0,"font":"","enabled":false},"version":2}},"categories":[1],"tags":[216,1120,921,2338,6661,41525,120,10069,12357],"class_list":["post-172628","post","type-post","status-publish","format-standard","hentry","category-genel","tag-baskani","tag-bilgilendirme","tag-esnaf","tag-gidasi","tag-hakkinda","tag-logosu","tag-okul","tag-palandokenden","tag-tesk"],"jetpack_publicize_connections":[],"jetpack_featured_media_url":"","jetpack_sharing_enabled":true,"jetpack_shortlink":"https:\/\/wp.me\/paKIfm-IUk","_links":{"self":[{"href":"http:\/\/www.tvturk.com\/index.php\/wp-json\/wp\/v2\/posts\/172628","targetHints":{"allow":["GET"]}}],"collection":[{"href":"http:\/\/www.tvturk.com\/index.php\/wp-json\/wp\/v2\/posts"}],"about":[{"href":"http:\/\/www.tvturk.com\/index.php\/wp-json\/wp\/v2\/types\/post"}],"author":[{"embeddable":true,"href":"http:\/\/www.tvturk.com\/index.php\/wp-json\/wp\/v2\/users\/1"}],"replies":[{"embeddable":true,"href":"http:\/\/www.tvturk.com\/index.php\/wp-json\/wp\/v2\/comments?post=172628"}],"version-history":[{"count":0,"href":"http:\/\/www.tvturk.com\/index.php\/wp-json\/wp\/v2\/posts\/172628\/revisions"}],"wp:attachment":[{"href":"http:\/\/www.tvturk.com\/index.php\/wp-json\/wp\/v2\/media?parent=172628"}],"wp:term":[{"taxonomy":"category","embeddable":true,"href":"http:\/\/www.tvturk.com\/index.php\/wp-json\/wp\/v2\/categories?post=172628"},{"taxonomy":"post_tag","embeddable":true,"href":"http:\/\/www.tvturk.com\/index.php\/wp-json\/wp\/v2\/tags?post=172628"}],"curies":[{"name":"wp","href":"https:\/\/api.w.org\/{rel}","templated":true}]}}