{"id":172646,"date":"2019-06-22T11:31:54","date_gmt":"2019-06-22T08:31:54","guid":{"rendered":"http:\/\/www.tvturk.com\/index.php\/beytussebapli-cocuklar-artik-terorden-uzak\/"},"modified":"2019-06-22T11:31:54","modified_gmt":"2019-06-22T08:31:54","slug":"beytussebapli-cocuklar-artik-terorden-uzak","status":"publish","type":"post","link":"http:\/\/www.tvturk.com\/index.php\/beytussebapli-cocuklar-artik-terorden-uzak\/","title":{"rendered":"Beyt\u00fc\u015f\u015febapl\u0131 \u00e7ocuklar art\u0131k ter\u00f6rden uzak"},"content":{"rendered":"<p>\u015e\u0131rnak\u2019\u0131n Beyt\u00fc\u015f\u015febap \u0130l\u00e7e Kaymakaml\u0131\u011f\u0131 taraf\u0131ndan hayata ge\u00e7irilen projeler sayesinde \u00e7ocuklar art\u0131k ter\u00f6rden uzakla\u015ft\u0131.<\/p>\n<p>Beyt\u00fc\u015f\u015febap il\u00e7esinde \u00e7ocuklara y\u00f6nelik ba\u015flat\u0131lan projeler meyvelerini vermeye ba\u015flad\u0131. Y\u00fczlerce \u00f6\u011frenci \u2019okumak alt\u0131nd\u0131r\u2019 projesi kapsam\u0131nda alt\u0131n ald\u0131, y\u00fczlerce \u00f6\u011frenci de \u2019inananlar karde\u015ftir\u2019 projesi kapsam\u0131nda bisiklet ve spor malzemesi ald\u0131. \u0130l\u00e7e Kaymakam\u0131 \u0130smail Pendik bu projeler sayesinde \u00e7ocuklar\u0131n hem dinlerini \u00f6\u011frendiklerini hem de derslerinde ba\u015far\u0131l\u0131 olduklar\u0131n\u0131 s\u00f6yledi. Pendik, &#8220;Bu g\u00fcn burada \u2018inananlar karde\u015ftir\u2019 projemizin bir faaliyeti olan sabah namaz\u0131nda gen\u00e7ler bulu\u015fuyor, \u00fcmmet uyan\u0131yor slogan\u0131yla yapm\u0131\u015f oldu\u011fumuz faaliyete s\u00fcrekli kat\u0131l\u0131m g\u00f6steren \u00e7ocuklar\u0131m\u0131za, gen\u00e7lerimize bisiklet s\u00f6z\u00fcm\u00fcz vard\u0131. O s\u00f6z\u00fcm\u00fcz\u00fc tuttu\u011fumuz g\u00fcnd\u00fcr. Projeden de anla\u015f\u0131laca\u011f\u0131 gibi birli\u011fi beraberli\u011fi ve karde\u015fli\u011fi \u00e7ocuklar\u0131m\u0131za a\u015f\u0131lamaya milli ve manevi de\u011ferlerle birlikte g\u00fczel ahlakl\u0131 bir \u015fekilde yeti\u015fmelerini sa\u011flamaya y\u00f6nelik bir projemizdir ve gen\u00e7lerimiz ilk g\u00fcnden itibaren \u00e7ok b\u00fcy\u00fck kat\u0131l\u0131m g\u00f6sterdiler. Bu \u00e7ocuklar kar, k\u0131\u015f demeden ya\u011fmur demeden sabah namaz\u0131na geldi. Nas\u0131l ki g\u00fcvenlik g\u00fc\u00e7lerimiz son ter\u00f6rist etkisiz hale getirilinceye kadar m\u00fccadele ediyorsa bizlerde bunun gibi kalplerdeki emperyalist g\u00fc\u00e7lerin u\u015fa\u011f\u0131 olan b\u00f6l\u00fcc\u00fc PKK ter\u00f6r \u00f6rg\u00fct\u00fcn\u00fcn uzant\u0131lar\u0131n\u0131n buradaki karde\u015flerimize, onlar\u0131n g\u00f6n\u00fcllerine ve ak\u0131llar\u0131na yerle\u015ftirmi\u015f olduklar\u0131 o b\u00f6l\u00fcc\u00fcl\u00fck ve fitnecilik tohumlar\u0131n\u0131 ortadan kald\u0131r\u0131ncaya kadar m\u00fccadelemizi s\u00fcrd\u00fcrece\u011fiz&#8221; dedi.<\/p>\n<p>Bisiklet ve spor malzemesi alan \u00e7ocuklar ve gen\u00e7ler verilen hediyeler i\u00e7in il\u00e7e kaymakam\u0131na te\u015fekk\u00fcr etti.<\/p>\n","protected":false},"excerpt":{"rendered":"<p>BEYT\u00dc\u015e\u015eEBAP KAYMAKAMLI\u011eI TARAFINDAN HAYATA GE\u00c7\u0130R\u0130LEN PROJELER SAYES\u0130NDE \u00c7OCUKLAR ARTIK TER\u00d6RDEN UZAKLA\u015eTI.<\/p>\n","protected":false},"author":1,"featured_media":0,"comment_status":"closed","ping_status":"open","sticky":false,"template":"","format":"standard","meta":{"jetpack_post_was_ever_published":false,"_jetpack_newsletter_access":"","_jetpack_dont_email_post_to_subs":false,"_jetpack_newsletter_tier_id":0,"_jetpack_memberships_contains_paywalled_content":false,"_jetpack_memberships_contains_paid_content":false,"footnotes":"","jetpack_publicize_message":"","jetpack_publicize_feature_enabled":true,"jetpack_social_post_already_shared":true,"jetpack_social_options":{"image_generator_settings":{"template":"highway","default_image_id":0,"font":"","enabled":false},"version":2}},"categories":[1],"tags":[2058,41802,252,12356,2302],"class_list":["post-172646","post","type-post","status-publish","format-standard","hentry","category-genel","tag-artik","tag-beytussebapli","tag-cocuklar","tag-terorden","tag-uzak"],"jetpack_publicize_connections":[],"jetpack_featured_media_url":"","jetpack_sharing_enabled":true,"jetpack_shortlink":"https:\/\/wp.me\/paKIfm-IUC","_links":{"self":[{"href":"http:\/\/www.tvturk.com\/index.php\/wp-json\/wp\/v2\/posts\/172646","targetHints":{"allow":["GET"]}}],"collection":[{"href":"http:\/\/www.tvturk.com\/index.php\/wp-json\/wp\/v2\/posts"}],"about":[{"href":"http:\/\/www.tvturk.com\/index.php\/wp-json\/wp\/v2\/types\/post"}],"author":[{"embeddable":true,"href":"http:\/\/www.tvturk.com\/index.php\/wp-json\/wp\/v2\/users\/1"}],"replies":[{"embeddable":true,"href":"http:\/\/www.tvturk.com\/index.php\/wp-json\/wp\/v2\/comments?post=172646"}],"version-history":[{"count":0,"href":"http:\/\/www.tvturk.com\/index.php\/wp-json\/wp\/v2\/posts\/172646\/revisions"}],"wp:attachment":[{"href":"http:\/\/www.tvturk.com\/index.php\/wp-json\/wp\/v2\/media?parent=172646"}],"wp:term":[{"taxonomy":"category","embeddable":true,"href":"http:\/\/www.tvturk.com\/index.php\/wp-json\/wp\/v2\/categories?post=172646"},{"taxonomy":"post_tag","embeddable":true,"href":"http:\/\/www.tvturk.com\/index.php\/wp-json\/wp\/v2\/tags?post=172646"}],"curies":[{"name":"wp","href":"https:\/\/api.w.org\/{rel}","templated":true}]}}