{"id":172652,"date":"2019-06-22T11:32:20","date_gmt":"2019-06-22T08:32:20","guid":{"rendered":"http:\/\/www.tvturk.com\/index.php\/ozel-tarihi-handa-saskina-ceviren-olay\/"},"modified":"2019-06-22T11:32:20","modified_gmt":"2019-06-22T08:32:20","slug":"ozel-tarihi-handa-saskina-ceviren-olay","status":"publish","type":"post","link":"http:\/\/www.tvturk.com\/index.php\/ozel-tarihi-handa-saskina-ceviren-olay\/","title":{"rendered":"(\u00d6zel) Tarihi handa \u015fa\u015fk\u0131na \u00e7eviren olay"},"content":{"rendered":"<p>\u0130ngiltere Krali\u00e7esi II. Elizabeth\u2019inde ziyaret etti\u011fi Bursa\u2019daki tarihi Koza Han\u2019da ya\u015fanan olay herkesi \u015fa\u015fk\u0131na \u00e7evirdi. Tarihi Han\u0131n bah\u00e7esindeki masalardan teker teker aya\u011fa kalk\u0131p \u00e7antalar\u0131ndan \u00e7\u0131kard\u0131klar\u0131 enstr\u00fcmanlar\u0131 \u00e7almaya ba\u015flayan m\u00fczisyenler vatanda\u015flara unutulmaz bir s\u00fcrpriz yapt\u0131.<\/p>\n<p>\u201cD\u00fcnya M\u00fczik G\u00fcn\u00fc\u201d m\u00fcnasebetiyle B\u00fcy\u00fck\u015fehir Belediyesi Orkestra \u015eube M\u00fcd\u00fcrl\u00fc\u011f\u00fc, Kozahan\u2019da halkla bir araya gelerek, Bursa t\u00fcrk\u00fclerini seslendirdi.  Bursa Kozahan\u2019da vakit ge\u00e7iren insanlar bir anda ba\u015flayan m\u00fczik sesiyle \u015fa\u015fk\u0131na d\u00f6nd\u00fc. Tarihi han\u0131n bah\u00e7esinde vatanda\u015flar\u0131n aras\u0131na kar\u0131\u015fan Orkestra \u015eube M\u00fcd\u00fcrl\u00fc\u011f\u00fc\u2019n\u00fcn ses ve saz sanat\u00e7\u0131lar\u0131 oturduklar\u0131 yerlerde \u00e7antalar\u0131ndan \u00e7\u0131kard\u0131klar\u0131 enstr\u00fcmanlar\u0131 \u00e7almaya ba\u015flay\u0131p daha sonra bir alanda topland\u0131. \u015ea\u015fk\u0131na d\u00f6nen vatanda\u015flar s\u00fcrpriz konsere b\u00fcy\u00fck ilgi g\u00f6sterdi.<\/p>\n<p>Bu y\u0131l ilk defa ger\u00e7ekle\u015ftirilen organizasyonda, Bursa t\u00fcrk\u00fclerini seslendiren Orkestra \u015eube M\u00fcd\u00fcrl\u00fc\u011f\u00fc ses ve saz sanat\u00e7\u0131lar\u0131, \u201cBu y\u0131lki m\u00fczik g\u00fcn\u00fcnde belediyenin sanat\u00e7\u0131lar\u0131 olarak m\u00fczi\u011fimizi y\u0131l\u0131n en uzun g\u00fcn\u00fcnde soka\u011fa ta\u015f\u0131y\u0131p halk\u0131m\u0131zla bulu\u015fturduk\u201d dedi.<\/p>\n<p>Ya\u011fan ya\u011fmura ra\u011fmen t\u00fcrk\u00fclere e\u015flik eden vatanda\u015flar, \u201dB\u00f6yle bir s\u00fcrprizi beklemiyorduk. Bursa\u2019n\u0131n b\u00f6yle faaliyetlere daha \u00e7ok ihtiyac\u0131 var. Daha uzun s\u00fcrmesini isterdik\u201d \u015feklinde konu\u015ftu.<\/p>\n<p>Program\u0131n ard\u0131ndan B\u00fcy\u00fck\u015fehir Belediyesi Orkestra \u015eube M\u00fcd\u00fcrl\u00fc\u011f\u00fc, \u201cD\u00fcnya M\u00fczik G\u00fcn\u00fcn\u00fcz kutlu olsun\u201d yaz\u0131l\u0131 pankart a\u00e7t\u0131.<\/p>\n","protected":false},"excerpt":{"rendered":"<p>BURSA\u2019DA \u201cD\u00dcNYA M\u00dcZ\u0130K G\u00dcN\u00dc\u201d M\u00dcNASEBET\u0130YLE B\u00dcY\u00dcK\u015eEH\u0130R BELED\u0130YES\u0130 ORKESTRA \u015eUBE M\u00dcD\u00dcRL\u00dc\u011e\u00dc, KOZAHAN\u2019DA HALKLA B\u0130R ARAYA GELEREK BURSA T\u00dcRK\u00dcLER\u0130N\u0130 SESLEND\u0130RD\u0130.<\/p>\n","protected":false},"author":1,"featured_media":0,"comment_status":"closed","ping_status":"open","sticky":false,"template":"","format":"standard","meta":{"jetpack_post_was_ever_published":false,"_jetpack_newsletter_access":"","_jetpack_dont_email_post_to_subs":false,"_jetpack_newsletter_tier_id":0,"_jetpack_memberships_contains_paywalled_content":false,"_jetpack_memberships_contains_paid_content":false,"footnotes":"","jetpack_publicize_message":"","jetpack_publicize_feature_enabled":true,"jetpack_social_post_already_shared":true,"jetpack_social_options":{"image_generator_settings":{"template":"highway","default_image_id":0,"font":"","enabled":false},"version":2}},"categories":[656],"tags":[1073,22616,41804,1793,18821,800],"class_list":["post-172652","post","type-post","status-publish","format-standard","hentry","category-kultur-sanat","tag-ozel","tag-ceviren","tag-handa","tag-olay","tag-saskina","tag-tarihi"],"jetpack_publicize_connections":[],"jetpack_featured_media_url":"","jetpack_sharing_enabled":true,"jetpack_shortlink":"https:\/\/wp.me\/paKIfm-IUI","_links":{"self":[{"href":"http:\/\/www.tvturk.com\/index.php\/wp-json\/wp\/v2\/posts\/172652","targetHints":{"allow":["GET"]}}],"collection":[{"href":"http:\/\/www.tvturk.com\/index.php\/wp-json\/wp\/v2\/posts"}],"about":[{"href":"http:\/\/www.tvturk.com\/index.php\/wp-json\/wp\/v2\/types\/post"}],"author":[{"embeddable":true,"href":"http:\/\/www.tvturk.com\/index.php\/wp-json\/wp\/v2\/users\/1"}],"replies":[{"embeddable":true,"href":"http:\/\/www.tvturk.com\/index.php\/wp-json\/wp\/v2\/comments?post=172652"}],"version-history":[{"count":0,"href":"http:\/\/www.tvturk.com\/index.php\/wp-json\/wp\/v2\/posts\/172652\/revisions"}],"wp:attachment":[{"href":"http:\/\/www.tvturk.com\/index.php\/wp-json\/wp\/v2\/media?parent=172652"}],"wp:term":[{"taxonomy":"category","embeddable":true,"href":"http:\/\/www.tvturk.com\/index.php\/wp-json\/wp\/v2\/categories?post=172652"},{"taxonomy":"post_tag","embeddable":true,"href":"http:\/\/www.tvturk.com\/index.php\/wp-json\/wp\/v2\/tags?post=172652"}],"curies":[{"name":"wp","href":"https:\/\/api.w.org\/{rel}","templated":true}]}}