{"id":172662,"date":"2019-06-22T11:46:33","date_gmt":"2019-06-22T08:46:33","guid":{"rendered":"http:\/\/www.tvturk.com\/index.php\/nazim-hikmet-kultur-ve-sanat-merkezi-egitimlere-basliyor\/"},"modified":"2019-06-22T11:46:33","modified_gmt":"2019-06-22T08:46:33","slug":"nazim-hikmet-kultur-ve-sanat-merkezi-egitimlere-basliyor","status":"publish","type":"post","link":"http:\/\/www.tvturk.com\/index.php\/nazim-hikmet-kultur-ve-sanat-merkezi-egitimlere-basliyor\/","title":{"rendered":"Naz\u0131m Hikmet K\u00fclt\u00fcr Ve Sanat Merkezi e\u011fitimlere ba\u015fl\u0131yor"},"content":{"rendered":"<p>\u00c7ankaya\u2019n\u0131n en yeni k\u00fclt\u00fcr ve sanat merkezi Naz\u0131m Hikmet\u2019te at\u00f6lye ve kurs \u00e7al\u0131\u015fmalar\u0131 ba\u015fl\u0131yor. Naz\u0131m Hikmet\u2019te ilk ders 24 Haziran\u2019da &#8220;\u00c7ocuk Sanat At\u00f6lyesi&#8221; ve Resim kursuyla ba\u015flayacak.<\/p>\n<p>\u00c7ankaya Belediye Ba\u015fkan\u0131 Alper Ta\u015fdelen\u2019in, hizmet d\u00f6neminde a\u00e7t\u0131\u011f\u0131 be\u015finci k\u00fclt\u00fcr ve sanat yap\u0131s\u0131 Naz\u0131m Hikmet K\u00fclt\u00fcr ve Sanat Merkezi\u2019nde sanatla dolu dersler bu ay ba\u015fl\u0131yor. Dramadan karikat\u00fcre, resimden modern minyat\u00fcre kadar 8 ayr\u0131 dalda e\u011fitim verilecek Merkezde, at\u00f6lye ve kurslar i\u00e7in kay\u0131tlar 21 Haziran\u2019da tamamland\u0131. \u0130lk dersler 24 Haziran\u2019da &#8220;\u00c7ocuk Sanat At\u00f6lyesi&#8221; ve &#8220;Resim Kursu&#8221; ile ba\u015flayacak.<\/p>\n<p>\u00c7ocuklar i\u00e7in \u00f6zel e\u011fitimler<\/p>\n<p>Ankaral\u0131lara farkl\u0131 bir sanat platformu olarak hizmet veren Merkez, usta \u015fair Naz\u0131m Hikmet\u2019in ad\u0131n\u0131 ya\u015fat\u0131yor. Bu yaz \u00f6zellikle \u00e7ocuklara y\u00f6nelik at\u00f6lye ve kurslarla dikkat \u00e7eken Merkez\u2019de, drama ile \u00e7ocuk yogas\u0131 at\u00f6lyeleri yer al\u0131yor. Yaz boyu devam edecek at\u00f6lyelerde, \u00e7ocu\u011fun hem fiziksel hem de zihinsel fark\u0131ndal\u0131\u011f\u0131n\u0131 art\u0131racak \u00e7al\u0131\u015fmalar planlan\u0131yor.<\/p>\n<p>8 ayr\u0131 kurs<\/p>\n<p>Merkez\u2019de bu yaz a\u00e7\u0131lacak kurs ve at\u00f6lyeler, \u00c7ocuk At\u00f6lyesi, Dans, Drama, Karikat\u00fcr, \u0130ll\u00fcstrasyon, Resim, Modern Kaligrafi ve Minyat\u00fcr at\u00f6lyelerinden olu\u015fuyor. Merkezdeki ilk kurs ve at\u00f6lyelerin tarihleri ise \u015f\u00f6yle: &#8220;\u00c7ocuk Sanat At\u00f6lyesi: 24-25 Haziran 9-12 Ya\u015f Grubu 24 Haziran 13.00-15.00, 7-8 Ya\u015f Grubu: 25 Haziran 10.00-12.00, Yeti\u015fkin Resim: 24 Haziran 1. Grup 24 Haziran 13.00-15.00, 2. Grup 25 Haziran 13.00-15.00, Gen\u00e7 Resim At\u00f6lyesi: 26 Haziran 1. Grup 26 Haziran 13.00-15.00, 2. Grup 27 Haziran 13.00-15.00, Kaligrafi: 26 Haziran \u00c7ocuk Grubu Saat: 10.00-12.00, Yeti\u015fkin Grubu: 13.00-15.00, Latin Danslar\u0131: 27 Haziran, 1. Grup 27 Haziran 18.30-21.00, 2. Grup 29 Haziran 13.00-16.00, Drama: 2 Temmuz \u00c7ocuk Grubu Saat: 10.00-11.30,<\/p>\n<p>Yeti\u015fkin Grubu Saat: 14.00-15.30, Karikat\u00fcr At\u00f6lyesi: 9 Temmuz \u00c7ocuk Grubu: 14.00-16.00, Yeti\u015fkin Grubu: 17.00-19.00, Cam Boyama At\u00f6lyesi: 1 Temmuz 1. Grup: 1 Temmuz 09.30-15.30, 2. Grup: 2 Temmuz 09.30-15.30, \u0130ll\u00fcstrasyon At\u00f6lyesi: 27-28 Temmuz (Tek G\u00fcnl\u00fck At\u00f6lyeler \u015feklinde), Yazma Oyunlar\u0131 At\u00f6lyesi: 1. Grup Ba\u015flang\u0131c\u0131 27 Haziran (4 g\u00fcn s\u00fcrecek) 2. Grup Ba\u015flang\u0131c\u0131 4 Temmuz (4 g\u00fcn s\u00fcrecek) 6-8 Ya\u015f: 13.00-14.30 9-12 Ya\u015f:15.00-16.30<\/p>\n<p>Oran Mahallesi\u2019nde yer alan Naz\u0131m Hikmet K\u00fclt\u00fcr ve Sanat Merkezi\u2019nde bu yaz ger\u00e7ekle\u015fecek kurslar ile ilgili t\u00fcm bilgileri ve kay\u0131t i\u00e7in gerekli bilgiler 0312 458 90 51 numaral\u0131 telefondan al\u0131nabilir.<\/p>\n","protected":false},"excerpt":{"rendered":"<p>\u00c7ANKAYA&#8217;NIN EN YEN\u0130 K\u00dcLT\u00dcR VE SANAT MERKEZ\u0130 NAZIM H\u0130KMET&#8217;TE AT\u00d6LYE VE KURS \u00c7ALI\u015eMALARI BA\u015eLIYOR. NAZIM H\u0130KMET&#8217;TE \u0130LK DERS 24 HAZ\u0130RAN&#8217;DA &#8220;\u00c7OCUK SANAT AT\u00d6LYES\u0130&#8221; VE RES\u0130M KURSUYLA BA\u015eLAYACAK.<\/p>\n","protected":false},"author":1,"featured_media":0,"comment_status":"closed","ping_status":"open","sticky":false,"template":"","format":"standard","meta":{"jetpack_post_was_ever_published":false,"_jetpack_newsletter_access":"","_jetpack_dont_email_post_to_subs":false,"_jetpack_newsletter_tier_id":0,"_jetpack_memberships_contains_paywalled_content":false,"_jetpack_memberships_contains_paid_content":false,"footnotes":"","jetpack_publicize_message":"","jetpack_publicize_feature_enabled":true,"jetpack_social_post_already_shared":true,"jetpack_social_options":{"image_generator_settings":{"template":"highway","default_image_id":0,"font":"","enabled":false},"version":2}},"categories":[1],"tags":[1647,9618,7848,630,295,39070,4854],"class_list":["post-172662","post","type-post","status-publish","format-standard","hentry","category-genel","tag-basliyor","tag-egitimlere","tag-hikmet","tag-kultur","tag-merkezi","tag-nazim","tag-sanat"],"jetpack_publicize_connections":[],"jetpack_featured_media_url":"","jetpack_sharing_enabled":true,"jetpack_shortlink":"https:\/\/wp.me\/paKIfm-IUS","_links":{"self":[{"href":"http:\/\/www.tvturk.com\/index.php\/wp-json\/wp\/v2\/posts\/172662","targetHints":{"allow":["GET"]}}],"collection":[{"href":"http:\/\/www.tvturk.com\/index.php\/wp-json\/wp\/v2\/posts"}],"about":[{"href":"http:\/\/www.tvturk.com\/index.php\/wp-json\/wp\/v2\/types\/post"}],"author":[{"embeddable":true,"href":"http:\/\/www.tvturk.com\/index.php\/wp-json\/wp\/v2\/users\/1"}],"replies":[{"embeddable":true,"href":"http:\/\/www.tvturk.com\/index.php\/wp-json\/wp\/v2\/comments?post=172662"}],"version-history":[{"count":0,"href":"http:\/\/www.tvturk.com\/index.php\/wp-json\/wp\/v2\/posts\/172662\/revisions"}],"wp:attachment":[{"href":"http:\/\/www.tvturk.com\/index.php\/wp-json\/wp\/v2\/media?parent=172662"}],"wp:term":[{"taxonomy":"category","embeddable":true,"href":"http:\/\/www.tvturk.com\/index.php\/wp-json\/wp\/v2\/categories?post=172662"},{"taxonomy":"post_tag","embeddable":true,"href":"http:\/\/www.tvturk.com\/index.php\/wp-json\/wp\/v2\/tags?post=172662"}],"curies":[{"name":"wp","href":"https:\/\/api.w.org\/{rel}","templated":true}]}}