{"id":172678,"date":"2019-06-22T12:01:29","date_gmt":"2019-06-22T09:01:29","guid":{"rendered":"http:\/\/www.tvturk.com\/index.php\/kambocyada-7-katli-bina-coktu-3-olu\/"},"modified":"2019-06-22T12:01:29","modified_gmt":"2019-06-22T09:01:29","slug":"kambocyada-7-katli-bina-coktu-3-olu","status":"publish","type":"post","link":"http:\/\/www.tvturk.com\/index.php\/kambocyada-7-katli-bina-coktu-3-olu\/","title":{"rendered":"Kambo\u00e7ya\u2019da 7 katl\u0131 bina \u00e7\u00f6kt\u00fc: 3 \u00f6l\u00fc"},"content":{"rendered":"<p>Kambo\u00e7ya\u2019n\u0131n k\u0131y\u0131 \u015fehri Sihanoukville\u2019de, erken saatlerde in\u015fa halinde olan 7 katl\u0131 bir bina \u00e7\u00f6kt\u00fc, 3 i\u015f\u00e7i hayat\u0131n\u0131 kaybederken 18 ki\u015fi de yaraland\u0131.<\/p>\n<p>Polis \u015eefi Binba\u015f\u0131 Thul Phorsda, sivil savunma g\u00f6revlilerinin binan\u0131n enkaz\u0131n\u0131n alt\u0131na ba\u015fka \u00f6l\u00fc ve yaral\u0131lar\u0131n olup olmad\u0131\u011f\u0131 konusunda \u00e7al\u0131\u015fma yapt\u0131klar\u0131n\u0131 s\u00f6yledi. Kambo\u00e7ya \u00c7al\u0131\u015fma ve Mesleki E\u011fitim Bakanl\u0131\u011f\u0131 binan\u0131n \u00e7\u00f6kt\u00fc\u011f\u00fc sabah 04.00 s\u0131ralar\u0131nda binan\u0131n \u00e7\u00f6kt\u00fc\u011f\u00fc s\u0131rada i\u00e7inde 30 i\u015f\u00e7inin bulundu\u011funu a\u00e7\u0131klad\u0131. Binan\u0131n \u00e7\u00f6k\u00fc\u015f sebebinin hen\u00fcz kesin olarak anla\u015f\u0131lmad\u0131\u011f\u0131 kaydedildi.<\/p>\n<p>Preah Sihanouk b\u00f6lge valisi Yun Min, \u00e7\u00f6ken binan\u0131n bir \u00c7inli yat\u0131r\u0131mc\u0131ya kat kar\u015f\u0131l\u0131\u011f\u0131 bina in\u015fas\u0131 i\u00e7in verildi\u011fini s\u00f6yledi.<\/p>\n<p>B\u00f6lge h\u00fck\u00fcmetin binan\u0131n \u00e7\u00f6k\u00fc\u015f\u00fcyle ilgili, birisi in\u015faat m\u00fcfetti\u015fi olmak \u00fczere 4 \u00c7inlinin g\u00f6zalt\u0131na al\u0131n\u0131p sorguland\u0131\u011f\u0131n\u0131 s\u00f6yledi\u011fi kaydedildi.  Haberle\u015fme Bakan\u0131 Minister Khieu Kanharith Kambo\u00e7yal\u0131 i\u015f\u00e7ilerin, y\u00fczde  in\u015fas\u0131n\u0131n y\u00fczde 80\u2019nin tamamland\u0131\u011f\u0131 binay\u0131 yatakhane olarak kulland\u0131klar\u0131n\u0131 s\u00f6yledi.<\/p>\n<p>Sivil savunma g\u00f6revlilerinin binan\u0131n enkaz\u0131ndan bir ki\u015finin cesedini \u00e7\u0131kard\u0131\u011f\u0131 belirtildi.<\/p>\n","protected":false},"excerpt":{"rendered":"<p>KAMBO\u00c7YA\u2019NIN KIYI \u015eEHR\u0130 S\u0130HANOUKV\u0130LLE\u2019DE  CUMARTES\u0130 G\u00dcN\u00dc ERKEN SAATLERDE \u0130N\u015eA HAL\u0130NDE OLAN 7 KATLI B\u0130R B\u0130NA \u00c7\u00d6KT\u00dc, 3 \u0130\u015e\u00c7\u0130 HAYATINI KAYBEDERKEN 18 K\u0130\u015e\u0130 DE YARALANDI.<\/p>\n","protected":false},"author":1,"featured_media":0,"comment_status":"closed","ping_status":"open","sticky":false,"template":"","format":"standard","meta":{"jetpack_post_was_ever_published":false,"_jetpack_newsletter_access":"","_jetpack_dont_email_post_to_subs":false,"_jetpack_newsletter_tier_id":0,"_jetpack_memberships_contains_paywalled_content":false,"_jetpack_memberships_contains_paid_content":false,"footnotes":"","jetpack_publicize_message":"","jetpack_publicize_feature_enabled":true,"jetpack_social_post_already_shared":true,"jetpack_social_options":{"image_generator_settings":{"template":"highway","default_image_id":0,"font":"","enabled":false},"version":2}},"categories":[10],"tags":[2945,2946,37775,3318,1664],"class_list":["post-172678","post","type-post","status-publish","format-standard","hentry","category-dunya","tag-bina","tag-coktu","tag-kambocyada","tag-katli","tag-olu"],"jetpack_publicize_connections":[],"jetpack_featured_media_url":"","jetpack_sharing_enabled":true,"jetpack_shortlink":"https:\/\/wp.me\/paKIfm-IV8","_links":{"self":[{"href":"http:\/\/www.tvturk.com\/index.php\/wp-json\/wp\/v2\/posts\/172678","targetHints":{"allow":["GET"]}}],"collection":[{"href":"http:\/\/www.tvturk.com\/index.php\/wp-json\/wp\/v2\/posts"}],"about":[{"href":"http:\/\/www.tvturk.com\/index.php\/wp-json\/wp\/v2\/types\/post"}],"author":[{"embeddable":true,"href":"http:\/\/www.tvturk.com\/index.php\/wp-json\/wp\/v2\/users\/1"}],"replies":[{"embeddable":true,"href":"http:\/\/www.tvturk.com\/index.php\/wp-json\/wp\/v2\/comments?post=172678"}],"version-history":[{"count":0,"href":"http:\/\/www.tvturk.com\/index.php\/wp-json\/wp\/v2\/posts\/172678\/revisions"}],"wp:attachment":[{"href":"http:\/\/www.tvturk.com\/index.php\/wp-json\/wp\/v2\/media?parent=172678"}],"wp:term":[{"taxonomy":"category","embeddable":true,"href":"http:\/\/www.tvturk.com\/index.php\/wp-json\/wp\/v2\/categories?post=172678"},{"taxonomy":"post_tag","embeddable":true,"href":"http:\/\/www.tvturk.com\/index.php\/wp-json\/wp\/v2\/tags?post=172678"}],"curies":[{"name":"wp","href":"https:\/\/api.w.org\/{rel}","templated":true}]}}