{"id":172684,"date":"2019-06-22T12:01:55","date_gmt":"2019-06-22T09:01:55","guid":{"rendered":"http:\/\/www.tvturk.com\/index.php\/aydin-mevsimlik-iscileri-ziyaret-etti\/"},"modified":"2019-06-22T12:01:55","modified_gmt":"2019-06-22T09:01:55","slug":"aydin-mevsimlik-iscileri-ziyaret-etti","status":"publish","type":"post","link":"http:\/\/www.tvturk.com\/index.php\/aydin-mevsimlik-iscileri-ziyaret-etti\/","title":{"rendered":"Ayd\u0131n mevsimlik i\u015f\u00e7ileri ziyaret etti"},"content":{"rendered":"<p>Bursa\u2019n\u0131n Yeni\u015fehir Belediye Ba\u015fkan\u0131 Davut Ayd\u0131n, mevsimlik tar\u0131m i\u015f\u00e7ilerini ziyaret etti.<\/p>\n<p>Kaymakam Suat Seyito\u011flu ile birlikte \u00c7eltik\u00e7i Mahallesinde kalan mevsimlik tar\u0131m i\u015f\u00e7ilerini ziyaret eden Ayd\u0131n, \u201cMevsim normallerinin \u00fczerinde ger\u00e7ekle\u015fen ya\u011f\u0131\u015flar sebebiyle, \u00e7ad\u0131rlarda ikamet eden mevsimlik tarim i\u015f\u00e7ilerimizin ya\u015fad\u0131klar\u0131 s\u0131k\u0131nt\u0131lar\u0131 yerinde inceledik. Belediyemiz, kaymakaml\u0131\u011f\u0131m\u0131z ve BUSK\u0130 b\u00fct\u00fcn imk\u00e2nlar\u0131yla tar\u0131m i\u015f\u00e7ilerimizin s\u0131k\u0131nt\u0131s\u0131n\u0131 giderecektir. Devlet her zaman vatanda\u015f\u0131m\u0131z\u0131n yan\u0131ndad\u0131r. Gelecek sezonda \u00e7ad\u0131rlar b\u00f6lgesinde ayn\u0131 sorunlar\u0131n tekrar etmemesi i\u00e7in devletimiz t\u00fcm kurumlar\u0131yla gerekli \u00f6n haz\u0131rl\u0131klar\u0131 yapacakt\u0131r\u201d dedi.<\/p>\n<p>Mevsimlik tar\u0131m i\u015f\u00e7ilerinin \u00e7ad\u0131rlar\u0131na konuk olarak sohbet eden Ayd\u0131n, i\u015f\u00e7i \u00e7avu\u015fu Emine Han\u0131m\u2019\u0131n haz\u0131rlad\u0131\u011f\u0131 ikraml\u0131klar ve g\u00f6sterdi\u011fi misafirperverlik i\u00e7in kendisine te\u015fekk\u00fcr etti.<\/p>\n","protected":false},"excerpt":{"rendered":"<p>YEN\u0130\u015eEH\u0130R BELED\u0130YE BA\u015eKANI DAVUT AYDIN, MEVS\u0130ML\u0130K TARIM \u0130\u015e\u00c7\u0130LER\u0130N\u0130 Z\u0130YARET ETT\u0130.<\/p>\n","protected":false},"author":1,"featured_media":0,"comment_status":"closed","ping_status":"open","sticky":false,"template":"","format":"standard","meta":{"jetpack_post_was_ever_published":false,"_jetpack_newsletter_access":"","_jetpack_dont_email_post_to_subs":false,"_jetpack_newsletter_tier_id":0,"_jetpack_memberships_contains_paywalled_content":false,"_jetpack_memberships_contains_paid_content":false,"footnotes":"","jetpack_publicize_message":"","jetpack_publicize_feature_enabled":true,"jetpack_social_post_already_shared":true,"jetpack_social_options":{"image_generator_settings":{"template":"highway","default_image_id":0,"font":"","enabled":false},"version":2}},"categories":[1],"tags":[426,207,13433,11237,150],"class_list":["post-172684","post","type-post","status-publish","format-standard","hentry","category-genel","tag-aydin","tag-etti","tag-iscileri","tag-mevsimlik","tag-ziyaret"],"jetpack_publicize_connections":[],"jetpack_featured_media_url":"","jetpack_sharing_enabled":true,"jetpack_shortlink":"https:\/\/wp.me\/paKIfm-IVe","_links":{"self":[{"href":"http:\/\/www.tvturk.com\/index.php\/wp-json\/wp\/v2\/posts\/172684","targetHints":{"allow":["GET"]}}],"collection":[{"href":"http:\/\/www.tvturk.com\/index.php\/wp-json\/wp\/v2\/posts"}],"about":[{"href":"http:\/\/www.tvturk.com\/index.php\/wp-json\/wp\/v2\/types\/post"}],"author":[{"embeddable":true,"href":"http:\/\/www.tvturk.com\/index.php\/wp-json\/wp\/v2\/users\/1"}],"replies":[{"embeddable":true,"href":"http:\/\/www.tvturk.com\/index.php\/wp-json\/wp\/v2\/comments?post=172684"}],"version-history":[{"count":0,"href":"http:\/\/www.tvturk.com\/index.php\/wp-json\/wp\/v2\/posts\/172684\/revisions"}],"wp:attachment":[{"href":"http:\/\/www.tvturk.com\/index.php\/wp-json\/wp\/v2\/media?parent=172684"}],"wp:term":[{"taxonomy":"category","embeddable":true,"href":"http:\/\/www.tvturk.com\/index.php\/wp-json\/wp\/v2\/categories?post=172684"},{"taxonomy":"post_tag","embeddable":true,"href":"http:\/\/www.tvturk.com\/index.php\/wp-json\/wp\/v2\/tags?post=172684"}],"curies":[{"name":"wp","href":"https:\/\/api.w.org\/{rel}","templated":true}]}}