{"id":172718,"date":"2019-06-22T13:16:39","date_gmt":"2019-06-22T10:16:39","guid":{"rendered":"http:\/\/www.tvturk.com\/index.php\/evde-yakalanan-yilan-dogaya-salindi\/"},"modified":"2019-06-22T13:16:39","modified_gmt":"2019-06-22T10:16:39","slug":"evde-yakalanan-yilan-dogaya-salindi","status":"publish","type":"post","link":"http:\/\/www.tvturk.com\/index.php\/evde-yakalanan-yilan-dogaya-salindi\/","title":{"rendered":"Evde yakalanan y\u0131lan do\u011faya sal\u0131nd\u0131"},"content":{"rendered":"<p>D\u00dcZCE(\u0130HA) \u2013 D\u00fczce\u2019de bir evde yakalanan 1 metre uzunlu\u011funda ki y\u0131lan yakalanmas\u0131n\u0131n ard\u0131ndan do\u011fal ya\u015fam alan\u0131na b\u0131rak\u0131ld\u0131.<\/p>\n<p>D\u00fczce\u2019de bir evde y\u0131lan oldu\u011funu g\u00f6ren ev sakinleri durumu hemen itfaiye ekiplerine haber verdiler. D\u00fczce Belediyesi \u0130tfaiye M\u00fcd\u00fcrl\u00fc\u011f\u00fcne ba\u011fl\u0131 ekipler taraf\u0131ndan yakalanan y\u0131lan daha sonra Do\u011fa Koruma ve Milli Parklar M\u00fcd\u00fcrl\u00fc\u011f\u00fc ekiplerine teslim edildi. Teslim edilen y\u0131lan ekipler taraf\u0131ndan \u015fehir merkezinin uza\u011f\u0131nda bulunan bir alanda tekrar do\u011faya sal\u0131nd\u0131. \u00c7uvaldan \u00e7\u0131kan y\u0131lan bir anda ye\u015fil alanda g\u00f6zden kayboldu.<\/p>\n","protected":false},"excerpt":{"rendered":"<p>D\u00dcZCE\u2019DE B\u0130R EVDE YAKALANAN 1 METRE UZUNLU\u011eUNDA K\u0130 YILAN YAKALANMASININ ARDINDAN DO\u011eAL YA\u015eAM ALANINA BIRAKILDI.<\/p>\n","protected":false},"author":1,"featured_media":0,"comment_status":"closed","ping_status":"open","sticky":false,"template":"","format":"standard","meta":{"jetpack_post_was_ever_published":false,"_jetpack_newsletter_access":"","_jetpack_dont_email_post_to_subs":false,"_jetpack_newsletter_tier_id":0,"_jetpack_memberships_contains_paywalled_content":false,"_jetpack_memberships_contains_paid_content":false,"footnotes":"","jetpack_publicize_message":"","jetpack_publicize_feature_enabled":true,"jetpack_social_post_already_shared":true,"jetpack_social_options":{"image_generator_settings":{"template":"highway","default_image_id":0,"font":"","enabled":false},"version":2}},"categories":[1],"tags":[4714,22697,9206,16733,2309],"class_list":["post-172718","post","type-post","status-publish","format-standard","hentry","category-genel","tag-evde","tag-yilan","tag-dogaya","tag-salindi","tag-yakalanan"],"jetpack_publicize_connections":[],"jetpack_featured_media_url":"","jetpack_sharing_enabled":true,"jetpack_shortlink":"https:\/\/wp.me\/paKIfm-IVM","_links":{"self":[{"href":"http:\/\/www.tvturk.com\/index.php\/wp-json\/wp\/v2\/posts\/172718","targetHints":{"allow":["GET"]}}],"collection":[{"href":"http:\/\/www.tvturk.com\/index.php\/wp-json\/wp\/v2\/posts"}],"about":[{"href":"http:\/\/www.tvturk.com\/index.php\/wp-json\/wp\/v2\/types\/post"}],"author":[{"embeddable":true,"href":"http:\/\/www.tvturk.com\/index.php\/wp-json\/wp\/v2\/users\/1"}],"replies":[{"embeddable":true,"href":"http:\/\/www.tvturk.com\/index.php\/wp-json\/wp\/v2\/comments?post=172718"}],"version-history":[{"count":0,"href":"http:\/\/www.tvturk.com\/index.php\/wp-json\/wp\/v2\/posts\/172718\/revisions"}],"wp:attachment":[{"href":"http:\/\/www.tvturk.com\/index.php\/wp-json\/wp\/v2\/media?parent=172718"}],"wp:term":[{"taxonomy":"category","embeddable":true,"href":"http:\/\/www.tvturk.com\/index.php\/wp-json\/wp\/v2\/categories?post=172718"},{"taxonomy":"post_tag","embeddable":true,"href":"http:\/\/www.tvturk.com\/index.php\/wp-json\/wp\/v2\/tags?post=172718"}],"curies":[{"name":"wp","href":"https:\/\/api.w.org\/{rel}","templated":true}]}}