{"id":172730,"date":"2019-06-22T13:32:23","date_gmt":"2019-06-22T10:32:23","guid":{"rendered":"http:\/\/www.tvturk.com\/index.php\/filippo-inzaghi-beneventonun-yeni-teknik-direktoru-oldu\/"},"modified":"2019-06-22T13:32:23","modified_gmt":"2019-06-22T10:32:23","slug":"filippo-inzaghi-beneventonun-yeni-teknik-direktoru-oldu","status":"publish","type":"post","link":"http:\/\/www.tvturk.com\/index.php\/filippo-inzaghi-beneventonun-yeni-teknik-direktoru-oldu\/","title":{"rendered":"Filippo Inzaghi, Benevento\u2019nun yeni teknik direkt\u00f6r\u00fc oldu"},"content":{"rendered":"<p>\u0130talya Serie B ekiplerinden Benevento, Teknik Direkt\u00f6r Filippo Inzaghi ile 1+1 y\u0131ll\u0131k s\u00f6zle\u015fme imzalad\u0131.<\/p>\n<p>\u0130talya futbolunun \u00f6nemli isimlerinden olan ve \u015fu an kariyerine teknik adam olarak devam eden Filippo Inzaghi\u2019nin yeni tak\u0131m\u0131 belli oldu. Inzaghi, \u0130talya Serie B tak\u0131mlar\u0131ndan Benevento ile anla\u015ft\u0131. Kul\u00fcb\u00fcn internet sitesinden yap\u0131lan a\u00e7\u0131klamada, 45 ya\u015f\u0131ndaki teknik adam ile 30 Haziran 2020 tarihine kadar s\u00f6zle\u015fme imzaland\u0131\u011f\u0131n\u0131 ve 1 y\u0131lda opsiyonu oldu\u011funu duyurdu.<\/p>\n<p>Filippo Inzaghi, teknik direkt\u00f6rl\u00fck kariyerinde daha \u00f6ncede Milan, Venezia ve Bologna tak\u0131mlar\u0131n\u0131 \u00e7al\u0131\u015ft\u0131rm\u0131\u015ft\u0131.<\/p>\n","protected":false},"excerpt":{"rendered":"<p>\u0130TALYA SER\u0130E B EK\u0130PLER\u0130NDEN BENEVENTO, TEKN\u0130K D\u0130REKT\u00d6R F\u0130L\u0130PPO INZAGH\u0130 \u0130LE 1+1 YILLIK S\u00d6ZLE\u015eME \u0130MZALADI.<\/p>\n","protected":false},"author":1,"featured_media":0,"comment_status":"closed","ping_status":"open","sticky":false,"template":"","format":"standard","meta":{"jetpack_post_was_ever_published":false,"_jetpack_newsletter_access":"","_jetpack_dont_email_post_to_subs":false,"_jetpack_newsletter_tier_id":0,"_jetpack_memberships_contains_paywalled_content":false,"_jetpack_memberships_contains_paid_content":false,"footnotes":"","jetpack_publicize_message":"","jetpack_publicize_feature_enabled":true,"jetpack_social_post_already_shared":true,"jetpack_social_options":{"image_generator_settings":{"template":"highway","default_image_id":0,"font":"","enabled":false},"version":2}},"categories":[657],"tags":[41829,10790,41827,41828,77,2082,87],"class_list":["post-172730","post","type-post","status-publish","format-standard","hentry","category-spor","tag-beneventonun","tag-direktoru","tag-filippo","tag-inzaghi","tag-oldu","tag-teknik","tag-yeni"],"jetpack_publicize_connections":[],"jetpack_featured_media_url":"","jetpack_sharing_enabled":true,"jetpack_shortlink":"https:\/\/wp.me\/paKIfm-IVY","_links":{"self":[{"href":"http:\/\/www.tvturk.com\/index.php\/wp-json\/wp\/v2\/posts\/172730","targetHints":{"allow":["GET"]}}],"collection":[{"href":"http:\/\/www.tvturk.com\/index.php\/wp-json\/wp\/v2\/posts"}],"about":[{"href":"http:\/\/www.tvturk.com\/index.php\/wp-json\/wp\/v2\/types\/post"}],"author":[{"embeddable":true,"href":"http:\/\/www.tvturk.com\/index.php\/wp-json\/wp\/v2\/users\/1"}],"replies":[{"embeddable":true,"href":"http:\/\/www.tvturk.com\/index.php\/wp-json\/wp\/v2\/comments?post=172730"}],"version-history":[{"count":0,"href":"http:\/\/www.tvturk.com\/index.php\/wp-json\/wp\/v2\/posts\/172730\/revisions"}],"wp:attachment":[{"href":"http:\/\/www.tvturk.com\/index.php\/wp-json\/wp\/v2\/media?parent=172730"}],"wp:term":[{"taxonomy":"category","embeddable":true,"href":"http:\/\/www.tvturk.com\/index.php\/wp-json\/wp\/v2\/categories?post=172730"},{"taxonomy":"post_tag","embeddable":true,"href":"http:\/\/www.tvturk.com\/index.php\/wp-json\/wp\/v2\/tags?post=172730"}],"curies":[{"name":"wp","href":"https:\/\/api.w.org\/{rel}","templated":true}]}}