{"id":172732,"date":"2019-06-22T13:32:26","date_gmt":"2019-06-22T10:32:26","guid":{"rendered":"http:\/\/www.tvturk.com\/index.php\/dunya-sampiyonu-fransiz-judocu-rinere-kiliste\/"},"modified":"2019-06-22T13:32:26","modified_gmt":"2019-06-22T10:32:26","slug":"dunya-sampiyonu-fransiz-judocu-rinere-kiliste","status":"publish","type":"post","link":"http:\/\/www.tvturk.com\/index.php\/dunya-sampiyonu-fransiz-judocu-rinere-kiliste\/","title":{"rendered":"D\u00fcnya \u015fampiyonu Frans\u0131z judocu Riner\u2019e Kilis\u2019te"},"content":{"rendered":"<p>Olimpiyat ve d\u00fcnya \u015fampiyonu Frans\u0131z judocu Teddy Riner, Kilis\u2019te, \u2019Her \u00c7ocuk \u0130\u00e7in Sosyal Uyum\u2019 projesi kapsam\u0131nda 20 ilden 400 T\u00fcrk ve Suriyeli sporcu \u00e7ocu\u011fun ile bir araya gelmesinde yo\u011fun ilgiyle kar\u015f\u0131land\u0131.<\/p>\n<p>Kilis 7 Aral\u0131k Be\u015fevler Kapal\u0131 Spor Salonu\u2019nda UNICEF taraf\u0131ndan finanse edilen ve Kilis Belediyesi taraf\u0131ndan y\u00fcr\u00fct\u00fclen \u2019Her \u00c7ocuk \u0130\u00e7in Sosyal Uyum\u2019 isimli proje kapsam\u0131nda ger\u00e7ekle\u015ftirilen judo m\u00fcsabakalar\u0131na Kilis, Kahramanmara\u015f, K\u0131r\u015fehir, K\u0131r\u0131kkale, Karaman, Konya, \u0130zmir, Van, \u0130stanbul, Tekirda\u011f, Hatay, Gaziantep, Osmaniye, Ad\u0131yaman, Bilecik, Antalya, Rize, Diyarbak\u0131r, Tunceli ve \u015e\u0131rnak ilinden 400 sporcunun kat\u0131l\u0131m g\u00f6steriyor. D\u00fcnya Judo \u015fampiyonu Frans\u0131z judocu Teddy Riner, Kilis 7 Aral\u0131k Be\u015fevler Kapal\u0131 Spor Salonu \u00f6n\u00fcnde T\u00fcrkiye Judo Federasyonu Ba\u015fkan\u0131 Sezer Huysuz, Kilis Belediye Ba\u015fkan Yard\u0131mc\u0131s\u0131 H\u00fcseyin Erkmen taraf\u0131ndan \u00e7i\u00e7ek ve baklava ile kar\u015f\u0131land\u0131.<\/p>\n<p>D\u00fcnya Judo \u015fampiyonu Frans\u0131z judocu Teddy Riner, salona girdi\u011finde T\u00fcrk ve Suriyeli \u00e7ocuklar\u0131n yo\u011fun ilgisiyle kar\u015f\u0131land\u0131. Frans\u0131z judocu, \u00e7ocuklara T\u00fcrkiye Judo Federasyonu Sezer Huysuz ile birlikte antrenman yapt\u0131rd\u0131 ve ard\u0131ndan foto\u011fraf \u00e7ektirdi.<\/p>\n","protected":false},"excerpt":{"rendered":"<p>OL\u0130MP\u0130YAT VE D\u00dcNYA \u015eAMP\u0130YONU FRANSIZ JUDOCU TEDDY R\u0130NER, K\u0130L\u0130S\u2019TE, &#8216;HER \u00c7OCUK \u0130\u00c7\u0130N SOSYAL UYUM&#8217; PROJES\u0130 KAPSAMINDA 20 \u0130LDEN 400 T\u00dcRK VE SUR\u0130YEL\u0130 SPORCU \u00c7OCU\u011eUN \u0130LE B\u0130R ARAYA GELMES\u0130NDE YO\u011eUN \u0130LG\u0130YLE KAR\u015eILANDI<\/p>\n","protected":false},"author":1,"featured_media":0,"comment_status":"closed","ping_status":"open","sticky":false,"template":"","format":"standard","meta":{"jetpack_post_was_ever_published":false,"_jetpack_newsletter_access":"","_jetpack_dont_email_post_to_subs":false,"_jetpack_newsletter_tier_id":0,"_jetpack_memberships_contains_paywalled_content":false,"_jetpack_memberships_contains_paid_content":false,"footnotes":"","jetpack_publicize_message":"","jetpack_publicize_feature_enabled":true,"jetpack_social_post_already_shared":true,"jetpack_social_options":{"image_generator_settings":{"template":"highway","default_image_id":0,"font":"","enabled":false},"version":2}},"categories":[657],"tags":[349,8320,15595,6273,41830,2415],"class_list":["post-172732","post","type-post","status-publish","format-standard","hentry","category-spor","tag-dunya","tag-fransiz","tag-judocu","tag-kiliste","tag-rinere","tag-sampiyonu"],"jetpack_publicize_connections":[],"jetpack_featured_media_url":"","jetpack_sharing_enabled":true,"jetpack_shortlink":"https:\/\/wp.me\/paKIfm-IW0","_links":{"self":[{"href":"http:\/\/www.tvturk.com\/index.php\/wp-json\/wp\/v2\/posts\/172732","targetHints":{"allow":["GET"]}}],"collection":[{"href":"http:\/\/www.tvturk.com\/index.php\/wp-json\/wp\/v2\/posts"}],"about":[{"href":"http:\/\/www.tvturk.com\/index.php\/wp-json\/wp\/v2\/types\/post"}],"author":[{"embeddable":true,"href":"http:\/\/www.tvturk.com\/index.php\/wp-json\/wp\/v2\/users\/1"}],"replies":[{"embeddable":true,"href":"http:\/\/www.tvturk.com\/index.php\/wp-json\/wp\/v2\/comments?post=172732"}],"version-history":[{"count":0,"href":"http:\/\/www.tvturk.com\/index.php\/wp-json\/wp\/v2\/posts\/172732\/revisions"}],"wp:attachment":[{"href":"http:\/\/www.tvturk.com\/index.php\/wp-json\/wp\/v2\/media?parent=172732"}],"wp:term":[{"taxonomy":"category","embeddable":true,"href":"http:\/\/www.tvturk.com\/index.php\/wp-json\/wp\/v2\/categories?post=172732"},{"taxonomy":"post_tag","embeddable":true,"href":"http:\/\/www.tvturk.com\/index.php\/wp-json\/wp\/v2\/tags?post=172732"}],"curies":[{"name":"wp","href":"https:\/\/api.w.org\/{rel}","templated":true}]}}